{"id":22962,"date":"2021-06-06T18:51:55","date_gmt":"2021-06-06T18:51:55","guid":{"rendered":"http:\/\/elterritorialweb.com.ar\/web\/?p=22962"},"modified":"2021-06-06T18:51:56","modified_gmt":"2021-06-06T18:51:56","slug":"comienza-la-vacunacion-para-embarazadas-con-factores-de-riesgo","status":"publish","type":"post","link":"https:\/\/elterritorialweb.com.ar\/web\/comienza-la-vacunacion-para-embarazadas-con-factores-de-riesgo\/","title":{"rendered":"COMIENZA LA VACUNACI\u00d3N PARA EMBARAZADAS CON FACTORES DE RIESGO"},"content":{"rendered":"\n<p>Este grupo poblacional que cuente con la indicaci\u00f3n m\u00e9dica podr\u00e1 acercase en Capital y Banda los d\u00edas Martes 8 y mi\u00e9rcoles 9 de junio de 8 a 14 hs en los siguientes centros de vacunaci\u00f3n habilitados:<\/p>\n\n\n\n<p><strong>En Capital<\/strong><\/p>\n\n\n\n<p>Club Coronel Borges: Avda. Belgrano Norte 2068<\/p>\n\n\n\n<p>Club Sportivo Colon: Antenor Alvarez 279<\/p>\n\n\n\n<p>Club Nicolas Avellaneda: Dr. Manuel Gorostiaga 1699<\/p>\n\n\n\n<p>Club De Veteranos: Congreso Y Garibaldi<\/p>\n\n\n\n<p>Club Belgrano: Belgrano y Viamonte<\/p>\n\n\n\n<p>Club Dorrego: Dorrego y 24 De Septiembre<\/p>\n\n\n\n<p>Club Veteranos Defensores del Sur: Pje. Lascano Entre 24 De Septiembre E Independencia<\/p>\n\n\n\n<p>Club Alte. Brown: Calle 11 N\u00ba 30<\/p>\n\n\n\n<p>Club Villa Hortensia: Pasco 1 &#8211; 99<\/p>\n\n\n\n<p>CIC Campo Contreras: Ing. Contreras 4850<\/p>\n\n\n\n<p><strong>En La Banda<\/strong><\/p>\n\n\n\n<p>Club Tiro Federal: Avda. San Martin 550<\/p>\n\n\n\n<p>Club Ciclista Olimpico: Chacabuco 115<\/p>\n\n\n\n<p>Centro Recreativo: Besares Y Alberdi<\/p>\n\n\n\n<p>Oportunamente se informar\u00e1 la programaci\u00f3n para la vacunaci\u00f3n de este grupo en el interior provincial La vacuna ya no est\u00e1 contraindicada para embarazadas y mujeres en periodo de lactancia<\/p>\n\n\n\n<p>Las posibles contraindicaciones que pueden dar la vacuna son menores a los beneficios de la misma. Sobre esta tem\u00e1tica, la Comisi\u00f3n Nacional de Inmunizaciones en consenso con diversas sociedades cient\u00edficas y expertos externos al Ministerio de Salud de la Naci\u00f3n, y en l\u00ednea con los an\u00e1lisis y recomendaciones publicados en las \u00faltimas semanas en otros pa\u00edses, ha recomendado al Ministerio de Salud excluir el concepto de contraindicaci\u00f3n para la vacunaci\u00f3n contra la Covid-19 a embarazadas y mujeres en per\u00edodo de lactancia.<\/p>\n\n\n\n<p>Los puntos dados a conocer por el Ministerio de Salud de la Naci\u00f3n, indican que adem\u00e1s podr\u00e1n optar por vacunarse aquellas embarazadas, mujeres en per\u00edodo de lactancia, que presenten un riesgo de exposici\u00f3n alto a la infecci\u00f3n por Sars-CoV-2, y que el mismo no pueda evitarse, como personal de salud, personal estrat\u00e9gico, personal docente y no docente (de los niveles Inicial, Primario y Secundario).<\/p>\n\n\n\n<p>Tambi\u00e9n aquellas mujeres que presenten enfermedades subyacentes que los incluyan dentro de los \u00abgrupos de riesgo alto de complicaciones graves y\/o muerte por Covid-19\u00bb como diabetes, obesidad grado 2 o mayor (IMC mayor o igual a 35 kg\/m2), enfermedades cr\u00f3nicas renales, respiratorias o card\u00edacas, cirrosis, VIH, TBC activa, oncol\u00f3gicos, trasplante de \u00f3rganos s\u00f3lidos, entre otros.<\/p>\n\n\n\n<p>En ese sentido, se solicita desde la cartera sanitaria a todas las embarazadas y madres que est\u00e1n en per\u00edodo de lactancia que, ante la duda, recurran al m\u00e9dico, quien las guiar\u00e1 en este tema, y les brindar\u00e1 la certificaci\u00f3n requerida.<\/p>\n","protected":false},"excerpt":{"rendered":"<p>El Ministerio de Salud de la provincia inform\u00f3 que las embarazadas y mujeres en periodo de lactancia mayores de 18 a\u00f1os, que presenten factores riesgo, podr\u00e1n a recibir su primera dosis contra COVID-19 presentando la indicaci\u00f3n de su m\u00e9dico o m\u00e9dica de cabecera en el centro de vacunaci\u00f3n .<\/p>\n","protected":false},"author":2,"featured_media":22963,"comment_status":"open","ping_status":"open","sticky":false,"template":"","format":"standard","meta":{"om_disable_all_campaigns":false,"_monsterinsights_skip_tracking":false,"_monsterinsights_sitenote_active":false,"_monsterinsights_sitenote_note":"","_monsterinsights_sitenote_category":0,"_uf_show_specific_survey":0,"_uf_disable_surveys":false,"jetpack_post_was_ever_published":false,"_jetpack_newsletter_access":"","_jetpack_dont_email_post_to_subs":false,"_jetpack_newsletter_tier_id":0,"_jetpack_memberships_contains_paywalled_content":false,"_jetpack_memberships_contains_paid_content":false,"footnotes":"","jetpack_publicize_message":"","jetpack_publicize_feature_enabled":true,"jetpack_social_post_already_shared":false,"jetpack_social_options":{"image_generator_settings":{"template":"highway","default_image_id":0,"font":"","enabled":false},"version":2}},"categories":[3],"tags":[],"class_list":["post-22962","post","type-post","status-publish","format-standard","has-post-thumbnail","hentry","category-salud"],"aioseo_notices":[],"views":3,"jetpack_publicize_connections":[],"jetpack_featured_media_url":"https:\/\/i0.wp.com\/elterritorialweb.com.ar\/web\/wp-content\/uploads\/2021\/06\/VACUNACION-EMBARAZADAS.jpg?fit=1280%2C960&ssl=1","jetpack_sharing_enabled":true,"_links":{"self":[{"href":"https:\/\/elterritorialweb.com.ar\/web\/wp-json\/wp\/v2\/posts\/22962","targetHints":{"allow":["GET"]}}],"collection":[{"href":"https:\/\/elterritorialweb.com.ar\/web\/wp-json\/wp\/v2\/posts"}],"about":[{"href":"https:\/\/elterritorialweb.com.ar\/web\/wp-json\/wp\/v2\/types\/post"}],"author":[{"embeddable":true,"href":"https:\/\/elterritorialweb.com.ar\/web\/wp-json\/wp\/v2\/users\/2"}],"replies":[{"embeddable":true,"href":"https:\/\/elterritorialweb.com.ar\/web\/wp-json\/wp\/v2\/comments?post=22962"}],"version-history":[{"count":1,"href":"https:\/\/elterritorialweb.com.ar\/web\/wp-json\/wp\/v2\/posts\/22962\/revisions"}],"predecessor-version":[{"id":22964,"href":"https:\/\/elterritorialweb.com.ar\/web\/wp-json\/wp\/v2\/posts\/22962\/revisions\/22964"}],"wp:featuredmedia":[{"embeddable":true,"href":"https:\/\/elterritorialweb.com.ar\/web\/wp-json\/wp\/v2\/media\/22963"}],"wp:attachment":[{"href":"https:\/\/elterritorialweb.com.ar\/web\/wp-json\/wp\/v2\/media?parent=22962"}],"wp:term":[{"taxonomy":"category","embeddable":true,"href":"https:\/\/elterritorialweb.com.ar\/web\/wp-json\/wp\/v2\/categories?post=22962"},{"taxonomy":"post_tag","embeddable":true,"href":"https:\/\/elterritorialweb.com.ar\/web\/wp-json\/wp\/v2\/tags?post=22962"}],"curies":[{"name":"wp","href":"https:\/\/api.w.org\/{rel}","templated":true}]}}