{"id":22965,"date":"2021-06-06T19:06:59","date_gmt":"2021-06-06T19:06:59","guid":{"rendered":"http:\/\/elterritorialweb.com.ar\/web\/?p=22965"},"modified":"2021-06-06T19:07:00","modified_gmt":"2021-06-06T19:07:00","slug":"detienen-a-30-personas-en-una-fiesta-clandestina-en-el-barrio-aeropuerto","status":"publish","type":"post","link":"https:\/\/elterritorialweb.com.ar\/web\/detienen-a-30-personas-en-una-fiesta-clandestina-en-el-barrio-aeropuerto\/","title":{"rendered":"DETIENEN A 30 PERSONAS EN UNA FIESTA CLANDESTINA EN EL BARRIO AEROPUERTO"},"content":{"rendered":"\n<p>Personal policial de la Comisaria Comunitaria 49 dependiente del Departamento de Seguridad Ciudadana N\u00ba1, patrullaban en la noche, cuando sobre calle 18 s\/n y 1er pasaje del B\u00ba Aeropuerto, identificaron a 4 personas en la vereda del domicilio, lo que alert\u00f3 a los uniformados. Al entrevistar a los mismos pudieron constatar que en el interior de la misma se realizaba una multitudinaria reuni\u00f3n ilegal.<\/p>\n\n\n\n<p>De inmediato se puso en conocimiento del Fiscal de Turno quien imparti\u00f3 las medidas de desalojo e identificaci\u00f3n de los convocados.<\/p>\n\n\n\n<p>En consecuencia, los guardianes del orden dieron cumplimiento a lo dispuesto por la justicia, identificando a un total de 30 j\u00f3venes, que se encontraban consumiendo bebidas alcoh\u00f3licas, con grandes equipos de m\u00fasica y al notar la presencia policial comenzaron a insultar a los mismos. De lo acontecido se le inform\u00f3 nuevamente al Dr. Sebasti\u00e1n Robles, quien dispuso que se controle la situaci\u00f3n y los 4 organizadores de la fiesta, sean imputados del delito establecido en el CPA Art. 205.Del procedimiento policial participaron efectivos de la Comisaria Comunitaria N\u00ba 9 y personal de la Unidad T\u00e1ctica Motorizada, quienes controlaron en instantes la situaci\u00f3n. Tanto los equipos de m\u00fasica como las bebidas fueron secuestradas, puesto a disposici\u00f3n de la justicia de turno.<a href=\"https:\/\/www.facebook.com\/policia.santiagodelestero\/photos\/pcb.294895732346652\/294895672346658\/?__cft__[0]=AZVI3TMv5j-nPv01ArlWo6YxMIq1ZEPbB3276DogFlwfjzFn6DV9_YWuoGfkTLPIpUCC2Tm3aEyjhkuZGHaePEEKJ6MEjgdEX4h7z7pxUYcNY4AdhXs36Qepb1Wf9tO87O13yk_hTtxbIzmbpq_DYcXL&amp;__tn__=*bH-R\"><\/a><\/p>\n","protected":false},"excerpt":{"rendered":"<p>El hecho ocurri\u00f3 pasada la media noche del s\u00e1bado en el Barrio Aeropuerto de la ciudad Capital, donde alrededor de 30 personas se encontraban reunidas en una fiesta clandestina.<\/p>\n","protected":false},"author":2,"featured_media":22966,"comment_status":"open","ping_status":"open","sticky":false,"template":"","format":"standard","meta":{"om_disable_all_campaigns":false,"_monsterinsights_skip_tracking":false,"_monsterinsights_sitenote_active":false,"_monsterinsights_sitenote_note":"","_monsterinsights_sitenote_category":0,"_uf_show_specific_survey":0,"_uf_disable_surveys":false,"jetpack_post_was_ever_published":false,"_jetpack_newsletter_access":"","_jetpack_dont_email_post_to_subs":false,"_jetpack_newsletter_tier_id":0,"_jetpack_memberships_contains_paywalled_content":false,"_jetpack_memberships_contains_paid_content":false,"footnotes":"","jetpack_publicize_message":"","jetpack_publicize_feature_enabled":true,"jetpack_social_post_already_shared":false,"jetpack_social_options":{"image_generator_settings":{"template":"highway","default_image_id":0,"font":"","enabled":false},"version":2}},"categories":[21],"tags":[],"class_list":["post-22965","post","type-post","status-publish","format-standard","has-post-thumbnail","hentry","category-locales"],"aioseo_notices":[],"views":3,"jetpack_publicize_connections":[],"jetpack_featured_media_url":"https:\/\/i0.wp.com\/elterritorialweb.com.ar\/web\/wp-content\/uploads\/2021\/06\/FIESTA-CLANDESTINA-AEROPUERTO-e1623006172115.jpg?fit=960%2C619&ssl=1","jetpack_sharing_enabled":true,"_links":{"self":[{"href":"https:\/\/elterritorialweb.com.ar\/web\/wp-json\/wp\/v2\/posts\/22965","targetHints":{"allow":["GET"]}}],"collection":[{"href":"https:\/\/elterritorialweb.com.ar\/web\/wp-json\/wp\/v2\/posts"}],"about":[{"href":"https:\/\/elterritorialweb.com.ar\/web\/wp-json\/wp\/v2\/types\/post"}],"author":[{"embeddable":true,"href":"https:\/\/elterritorialweb.com.ar\/web\/wp-json\/wp\/v2\/users\/2"}],"replies":[{"embeddable":true,"href":"https:\/\/elterritorialweb.com.ar\/web\/wp-json\/wp\/v2\/comments?post=22965"}],"version-history":[{"count":1,"href":"https:\/\/elterritorialweb.com.ar\/web\/wp-json\/wp\/v2\/posts\/22965\/revisions"}],"predecessor-version":[{"id":22968,"href":"https:\/\/elterritorialweb.com.ar\/web\/wp-json\/wp\/v2\/posts\/22965\/revisions\/22968"}],"wp:featuredmedia":[{"embeddable":true,"href":"https:\/\/elterritorialweb.com.ar\/web\/wp-json\/wp\/v2\/media\/22966"}],"wp:attachment":[{"href":"https:\/\/elterritorialweb.com.ar\/web\/wp-json\/wp\/v2\/media?parent=22965"}],"wp:term":[{"taxonomy":"category","embeddable":true,"href":"https:\/\/elterritorialweb.com.ar\/web\/wp-json\/wp\/v2\/categories?post=22965"},{"taxonomy":"post_tag","embeddable":true,"href":"https:\/\/elterritorialweb.com.ar\/web\/wp-json\/wp\/v2\/tags?post=22965"}],"curies":[{"name":"wp","href":"https:\/\/api.w.org\/{rel}","templated":true}]}}