{"id":22970,"date":"2021-06-06T20:16:41","date_gmt":"2021-06-06T20:16:41","guid":{"rendered":"http:\/\/elterritorialweb.com.ar\/web\/?p=22970"},"modified":"2021-06-06T21:01:11","modified_gmt":"2021-06-06T21:01:11","slug":"16-415-nuevos-casos-de-covid-19-en-un-dia-con-un-total-de-3-955-439-infectados-en-argentina","status":"publish","type":"post","link":"https:\/\/elterritorialweb.com.ar\/web\/16-415-nuevos-casos-de-covid-19-en-un-dia-con-un-total-de-3-955-439-infectados-en-argentina\/","title":{"rendered":"16.415 NUEVOS CASOS DE COVID-19 EN UN D\u00cdA, CON UN TOTAL DE 3.955.439 INFECTADOS EN ARGENTINA"},"content":{"rendered":"\n<p>El Ministerio de Salud inform\u00f3 este s\u00e1bado\u00a0<strong>16.415 nuevos casos y 347 muertes\u00a0<\/strong>por\u00a0<a href=\"https:\/\/tn.com.ar\/tags\/coronavirus\/\">coronavirus<\/a>\u00a0en las \u00faltimas 24 horas. Seg\u00fan las cifras del reporte vespertino, ya son 3.955.439 los casos confirmados en la Argentina y\u00a0<strong>el total de muertos se elev\u00f3 a 81.214<\/strong>. En tanto, hay\u00a0<strong>345.192 casos activos.<\/strong><\/p>\n\n\n\n<div class=\"infogram-embed\" data-id=\"09886bfe-6728-477a-b639-3e6b4ba92211\" data-type=\"interactive\" data-title=\"Curva\"><\/div><script>!function(e,i,n,s){var t=\"InfogramEmbeds\",d=e.getElementsByTagName(\"script\")[0];if(window[t]&&window[t].initialized)window[t].process&&window[t].process();else if(!e.getElementById(n)){var o=e.createElement(\"script\");o.async=1,o.id=n,o.src=\"https:\/\/e.infogram.com\/js\/dist\/embed-loader-min.js\",d.parentNode.insertBefore(o,d)}}(document,0,\"infogram-async\");<\/script>\n\n\n\n<p>Adem\u00e1s se inform\u00f3 que los pacientes que permanecen internados en las distintas unidades de&nbsp;<strong>terapia intensiva (UTI)<\/strong>&nbsp;del pa\u00eds son&nbsp;<strong>7776,<\/strong>&nbsp;mientras que el porcentaje de ocupaci\u00f3n total de camas en las UTI adulto es 78.7% en la naci\u00f3n y de 75.3% en el AMBA.<\/p>\n\n\n\n<p>La cartera sanitaria indic\u00f3 adem\u00e1s que se realizaron en las \u00faltimas 24 horas\u00a0<strong>66.248 testeos<\/strong>\u00a0y desde el inicio del brote ascienden a\u00a0<strong>14.563.226\u00a0<\/strong>pruebas diagn\u00f3sticas para esta enfermedad.<\/p>\n\n\n\n<p>De los 347 fallecidos, se report\u00f3 que&nbsp;<strong>199 eran hombres y 145 mujeres.<\/strong>&nbsp;Mientras que otras tres personas fueron registradas sin datos de sexo: dos en la provincia de Buenos Aires y una en la de Santa Fe.<\/p>\n\n\n\n<p>La cartera sanitaria indic\u00f3 adem\u00e1s que se realizaron en las \u00faltimas 24 horas&nbsp;<strong>66.248 testeos<\/strong>&nbsp;y desde el inicio del brote ascienden a&nbsp;<strong>14.563.226&nbsp;<\/strong>pruebas diagn\u00f3sticas para esta enfermedad.<\/p>\n\n\n\n<p>En las \u00faltimas 24 horas se registraron\u00a0<strong>en la provincia de Buenos Aires 4479 casos; en la Ciudad de Buenos Aires, 1204<\/strong>; en Catamarca, 323; en Chaco, 714; en Chubut, 222; en Corrientes, 722; en C\u00f3rdoba, 2661; en Entre R\u00edos, 513; en Formosa, 468; en Jujuy, 140; en La Pampa, 165; en La Rioja, 231; en Mendoza, 279; en Misiones, 149; en Neuqu\u00e9n, 340; en R\u00edo Negro, 184; en Salta, 419; en San Juan, 135; en San Luis, 435; en Santa Cruz, 81; en Santa Fe, 1504; en Santiago del Estero, 472; Tierra del Fuego, 40; y en Tucum\u00e1n, 535.<\/p>\n\n\n\n<p>El total de acumulados por distrito indica que\u00a0<strong>la provincia de Buenos Aires suma 1.669.915 casos;<\/strong>\u00a0la Ciudad de Buenos Aires, 429.699; Catamarca, 26.273; Chaco, 62.826; Chubut, 65.267; Corrientes, 54.637; C\u00f3rdoba, 338.461; Entre R\u00edos, 91.709; Formosa, 35.262; Jujuy, 29.732; La Pampa, 45.173; La Rioja, 18.479; Mendoza, 125.143; Misiones, 21.481; Neuqu\u00e9n, 94.091; R\u00edo Negro, 76.736; Salta, 49.129; San Juan, 39.625; San Luis, 56.119; Santa Cruz, 52.708; Santa Fe, 361.787; Santiago del Estero, 47.267; Tierra del Fuego, 28.819; y Tucum\u00e1n, 135.101.<\/p>\n\n\n\n<h3 class=\"wp-block-heading\">Las vacunas aplicadas en la Argentina<\/h3>\n\n\n\n<p>De acuerdo con los datos del Monitor P\u00fablico de Vacunaci\u00f3n publicados por el Ministerio de Salud, se aplicaron en la Argentina 14.092.493 vacunas contra el coronavirus. Del total de personas inmunizadas, 14.092.493 recibieron la primera dosis del suero y 3.021.128, la segunda. En tanto, suman 17.670.690 las unidades distribuidas en todo el pa\u00eds.<\/p>\n\n\n\n<figure class=\"wp-block-image size-large\"><a href=\"https:\/\/i0.wp.com\/elterritorialweb.com.ar\/web\/wp-content\/uploads\/2021\/06\/flyer-de-vacunacion.jpg\"><img data-recalc-dims=\"1\" decoding=\"async\" width=\"640\" height=\"446\" data-src=\"https:\/\/i0.wp.com\/elterritorialweb.com.ar\/web\/wp-content\/uploads\/2021\/06\/flyer-de-vacunacion.jpg?resize=640%2C446\" alt=\"\" class=\"wp-image-22971 lazyload\" data-srcset=\"https:\/\/i0.wp.com\/elterritorialweb.com.ar\/web\/wp-content\/uploads\/2021\/06\/flyer-de-vacunacion.jpg?resize=1024%2C713&amp;ssl=1 1024w, https:\/\/i0.wp.com\/elterritorialweb.com.ar\/web\/wp-content\/uploads\/2021\/06\/flyer-de-vacunacion.jpg?resize=300%2C209&amp;ssl=1 300w, https:\/\/i0.wp.com\/elterritorialweb.com.ar\/web\/wp-content\/uploads\/2021\/06\/flyer-de-vacunacion.jpg?resize=768%2C534&amp;ssl=1 768w, https:\/\/i0.wp.com\/elterritorialweb.com.ar\/web\/wp-content\/uploads\/2021\/06\/flyer-de-vacunacion.jpg?w=1440&amp;ssl=1 1440w, https:\/\/i0.wp.com\/elterritorialweb.com.ar\/web\/wp-content\/uploads\/2021\/06\/flyer-de-vacunacion.jpg?w=1280 1280w\" data-sizes=\"(max-width: 640px) 100vw, 640px\" src=\"data:image\/svg+xml;base64,PHN2ZyB3aWR0aD0iMSIgaGVpZ2h0PSIxIiB4bWxucz0iaHR0cDovL3d3dy53My5vcmcvMjAwMC9zdmciPjwvc3ZnPg==\" style=\"--smush-placeholder-width: 640px; --smush-placeholder-aspect-ratio: 640\/446;\" \/><\/a><\/figure>\n","protected":false},"excerpt":{"rendered":"<p>Con estas cifras, ya son 3.955.439 los casos positivos y el total de muertos se elev\u00f3 a 81.214 desde el inicio de la pandemia. Sigue creciendo la cantidad de camas de terapia intensiva ocupadas.<\/p>\n","protected":false},"author":2,"featured_media":22972,"comment_status":"open","ping_status":"open","sticky":false,"template":"","format":"standard","meta":{"om_disable_all_campaigns":false,"_monsterinsights_skip_tracking":false,"_monsterinsights_sitenote_active":false,"_monsterinsights_sitenote_note":"","_monsterinsights_sitenote_category":0,"_uf_show_specific_survey":0,"_uf_disable_surveys":false,"jetpack_post_was_ever_published":false,"_jetpack_newsletter_access":"","_jetpack_dont_email_post_to_subs":false,"_jetpack_newsletter_tier_id":0,"_jetpack_memberships_contains_paywalled_content":false,"_jetpack_memberships_contains_paid_content":false,"footnotes":"","jetpack_publicize_message":"","jetpack_publicize_feature_enabled":true,"jetpack_social_post_already_shared":false,"jetpack_social_options":{"image_generator_settings":{"template":"highway","default_image_id":0,"font":"","enabled":false},"version":2}},"categories":[3],"tags":[],"class_list":["post-22970","post","type-post","status-publish","format-standard","has-post-thumbnail","hentry","category-salud"],"aioseo_notices":[],"views":8,"jetpack_publicize_connections":[],"jetpack_featured_media_url":"https:\/\/i0.wp.com\/elterritorialweb.com.ar\/web\/wp-content\/uploads\/2021\/06\/NUEVOS-CASOS-6-DE-JUNIO.jpg?fit=680%2C453&ssl=1","jetpack_sharing_enabled":true,"_links":{"self":[{"href":"https:\/\/elterritorialweb.com.ar\/web\/wp-json\/wp\/v2\/posts\/22970","targetHints":{"allow":["GET"]}}],"collection":[{"href":"https:\/\/elterritorialweb.com.ar\/web\/wp-json\/wp\/v2\/posts"}],"about":[{"href":"https:\/\/elterritorialweb.com.ar\/web\/wp-json\/wp\/v2\/types\/post"}],"author":[{"embeddable":true,"href":"https:\/\/elterritorialweb.com.ar\/web\/wp-json\/wp\/v2\/users\/2"}],"replies":[{"embeddable":true,"href":"https:\/\/elterritorialweb.com.ar\/web\/wp-json\/wp\/v2\/comments?post=22970"}],"version-history":[{"count":3,"href":"https:\/\/elterritorialweb.com.ar\/web\/wp-json\/wp\/v2\/posts\/22970\/revisions"}],"predecessor-version":[{"id":22976,"href":"https:\/\/elterritorialweb.com.ar\/web\/wp-json\/wp\/v2\/posts\/22970\/revisions\/22976"}],"wp:featuredmedia":[{"embeddable":true,"href":"https:\/\/elterritorialweb.com.ar\/web\/wp-json\/wp\/v2\/media\/22972"}],"wp:attachment":[{"href":"https:\/\/elterritorialweb.com.ar\/web\/wp-json\/wp\/v2\/media?parent=22970"}],"wp:term":[{"taxonomy":"category","embeddable":true,"href":"https:\/\/elterritorialweb.com.ar\/web\/wp-json\/wp\/v2\/categories?post=22970"},{"taxonomy":"post_tag","embeddable":true,"href":"https:\/\/elterritorialweb.com.ar\/web\/wp-json\/wp\/v2\/tags?post=22970"}],"curies":[{"name":"wp","href":"https:\/\/api.w.org\/{rel}","templated":true}]}}