{"id":22977,"date":"2021-06-06T21:23:55","date_gmt":"2021-06-06T21:23:55","guid":{"rendered":"http:\/\/elterritorialweb.com.ar\/web\/?p=22977"},"modified":"2021-06-06T21:24:00","modified_gmt":"2021-06-06T21:24:00","slug":"espana-permitira-el-ingreso-a-extranjeros-vacunados","status":"publish","type":"post","link":"https:\/\/elterritorialweb.com.ar\/web\/espana-permitira-el-ingreso-a-extranjeros-vacunados\/","title":{"rendered":"ESPA\u00d1A PERMITIR\u00c1 EL INGRESO A EXTRANJEROS VACUNADOS"},"content":{"rendered":"\n<p>Desde este lunes Espa\u00f1a permitir\u00e1 la entrada al pa\u00eds a los extranjeros que acrediten estar inmunizados con el esquema completo de alguna de las vacunas contra el coronavirus autorizadas por la Agencia Europea de Medicamentos (EMA) o respaldadas por la Organizaci\u00f3n Mundial de la Salud (OMS).<\/p>\n\n\n\n<p>Ellas son las de\u00a0<strong>Pfizer, Moderna, AstraZeneca y Janssen<\/strong>, autorizadas por la EMA, o las chinas\u00a0<strong>Sinopharm y Sinovac-Coronavac<\/strong>, con aval de la OMS.<\/p>\n\n\n\n<p>Los viajeros deber\u00e1n acreditar adem\u00e1s que la \u00faltima dosis fue aplicada al menos 14 d\u00edas antes de la entrada al pa\u00eds. Los nuevos requisitos fueron precisados en el Bolet\u00edn Oficial del Estado (BOE).<\/p>\n\n\n\n<p>Las nuevas resoluciones se conocieron cuando la Uni\u00f3n Europea est\u00e1 desarrollando el marco para la emisi\u00f3n, verificaci\u00f3n y aceptaci\u00f3n de certificados de vacunaci\u00f3n, pruebas diagn\u00f3sticas y recuperaci\u00f3n, para facilitar la libre circulaci\u00f3n entre estados miembros durante la pandemia. Para ello proyecta crear un certificado digital.<\/p>\n\n\n\n<p>En tanto, los pasajeros que lleguen a Espa\u00f1a deber\u00e1n completar antes del viaje un&nbsp;<strong>formulario de control sanitario<\/strong>&nbsp;a trav\u00e9s de la web o la aplicaci\u00f3n&nbsp;<strong>Spain Travel Health.<\/strong><\/p>\n\n\n\n<p>Sin embargo, no podr\u00e1n entrar en Espa\u00f1a los viajeros procedentes de<strong>\u00a0Brasil, India y Sud\u00e1frica<\/strong>\u00a0ante la alta incidencia de las variantes de coronavirus surgidas en esos pa\u00edses.<\/p>\n\n\n\n<p>Por otra parte, se permitir\u00e1 la entrada en frontera a&nbsp;<strong>estudiantes<\/strong>&nbsp;que realicen sus estudios en los estados miembros o estados asociados Schengen y que dispongan del correspondiente permiso o visado para estancia de larga duraci\u00f3n.<\/p>\n\n\n\n<h2 class=\"wp-block-heading\">Las pruebas PCR<\/h2>\n\n\n\n<p>La normativa que entra en vigor este lunes tiene como novedad que admitir\u00e1 las pruebas de ant\u00edgenos r\u00e1pidas aprobadas por la Uni\u00f3n Europea (UE) como certificado de diagn\u00f3stico, junto con las PCR, hasta ahora las \u00fanicas aceptadas.<\/p>\n\n\n\n<p>Las pruebas diagn\u00f3sticas de infecci\u00f3n para SARS-CoV-2 admitidas ser\u00e1n\u00a0<strong>las de amplificaci\u00f3n de \u00e1cido nucleico molecular (NAAT)<\/strong>, utilizadas para detectar la presencia del \u00e1cido ribonucleico (ARN), y los test de ant\u00edgeno incluidos en la lista com\u00fan de test r\u00e1pidos de detecci\u00f3n de ant\u00edgeno para la COVID-19, publicada por la Comisi\u00f3n Europea.<\/p>\n\n\n\n<p>Se aceptar\u00e1n como v\u00e1lidos los certificados con resultado negativo expedidos en las 48 horas anteriores a la llegada a Espa\u00f1a y respecto a los certificados de recuperaci\u00f3n, la validez finalizar\u00e1 a los 180 d\u00edas de la toma de la muestra.<\/p>\n","protected":false},"excerpt":{"rendered":"<p>Los viajeros argentinos tendr\u00e1n que presentar documentaci\u00f3n que avale la aplicaci\u00f3n completa de alguna de las dosis aprobadas en Europa o autorizadas por la OMS.<\/p>\n","protected":false},"author":2,"featured_media":22978,"comment_status":"open","ping_status":"open","sticky":false,"template":"","format":"standard","meta":{"om_disable_all_campaigns":false,"_monsterinsights_skip_tracking":false,"_monsterinsights_sitenote_active":false,"_monsterinsights_sitenote_note":"","_monsterinsights_sitenote_category":0,"_uf_show_specific_survey":0,"_uf_disable_surveys":false,"jetpack_post_was_ever_published":false,"_jetpack_newsletter_access":"","_jetpack_dont_email_post_to_subs":false,"_jetpack_newsletter_tier_id":0,"_jetpack_memberships_contains_paywalled_content":false,"_jetpack_memberships_contains_paid_content":false,"footnotes":"","jetpack_publicize_message":"","jetpack_publicize_feature_enabled":true,"jetpack_social_post_already_shared":false,"jetpack_social_options":{"image_generator_settings":{"template":"highway","default_image_id":0,"font":"","enabled":false},"version":2}},"categories":[10],"tags":[],"class_list":["post-22977","post","type-post","status-publish","format-standard","has-post-thumbnail","hentry","category-internacionales"],"aioseo_notices":[],"views":9,"jetpack_publicize_connections":[],"jetpack_featured_media_url":"https:\/\/i0.wp.com\/elterritorialweb.com.ar\/web\/wp-content\/uploads\/2021\/06\/ESPANA-INGRESO-A-EXTRANJEROS.jpg?fit=680%2C453&ssl=1","jetpack_sharing_enabled":true,"_links":{"self":[{"href":"https:\/\/elterritorialweb.com.ar\/web\/wp-json\/wp\/v2\/posts\/22977","targetHints":{"allow":["GET"]}}],"collection":[{"href":"https:\/\/elterritorialweb.com.ar\/web\/wp-json\/wp\/v2\/posts"}],"about":[{"href":"https:\/\/elterritorialweb.com.ar\/web\/wp-json\/wp\/v2\/types\/post"}],"author":[{"embeddable":true,"href":"https:\/\/elterritorialweb.com.ar\/web\/wp-json\/wp\/v2\/users\/2"}],"replies":[{"embeddable":true,"href":"https:\/\/elterritorialweb.com.ar\/web\/wp-json\/wp\/v2\/comments?post=22977"}],"version-history":[{"count":1,"href":"https:\/\/elterritorialweb.com.ar\/web\/wp-json\/wp\/v2\/posts\/22977\/revisions"}],"predecessor-version":[{"id":22979,"href":"https:\/\/elterritorialweb.com.ar\/web\/wp-json\/wp\/v2\/posts\/22977\/revisions\/22979"}],"wp:featuredmedia":[{"embeddable":true,"href":"https:\/\/elterritorialweb.com.ar\/web\/wp-json\/wp\/v2\/media\/22978"}],"wp:attachment":[{"href":"https:\/\/elterritorialweb.com.ar\/web\/wp-json\/wp\/v2\/media?parent=22977"}],"wp:term":[{"taxonomy":"category","embeddable":true,"href":"https:\/\/elterritorialweb.com.ar\/web\/wp-json\/wp\/v2\/categories?post=22977"},{"taxonomy":"post_tag","embeddable":true,"href":"https:\/\/elterritorialweb.com.ar\/web\/wp-json\/wp\/v2\/tags?post=22977"}],"curies":[{"name":"wp","href":"https:\/\/api.w.org\/{rel}","templated":true}]}}