{"id":22980,"date":"2021-06-06T22:43:41","date_gmt":"2021-06-06T22:43:41","guid":{"rendered":"http:\/\/elterritorialweb.com.ar\/web\/?p=22980"},"modified":"2021-06-06T22:43:43","modified_gmt":"2021-06-06T22:43:43","slug":"la-seleccion-argentina-confirmo-su-participacion-en-la-copa-america-y-hara-base-en-ezeiza","status":"publish","type":"post","link":"https:\/\/elterritorialweb.com.ar\/web\/la-seleccion-argentina-confirmo-su-participacion-en-la-copa-america-y-hara-base-en-ezeiza\/","title":{"rendered":"LA SELECCI\u00d3N ARGENTINA CONFIRM\u00d3 SU PARTICIPACI\u00d3N EN LA COPA AM\u00c9RICA Y HAR\u00c1 BASE EN EZEIZA"},"content":{"rendered":"\n<p>En medio de la expectativa por la posici\u00f3n de la selecci\u00f3n brasile\u00f1a (tras la advertencia de Casemiro luego del encuentro frente a Ecuador),<strong>\u00a0la AFA confirm\u00f3 que la Selecci\u00f3n Argentina participar\u00e1 de la Copa Am\u00e9rica Brasil 2021. Adem\u00e1s, har\u00e1n base en el predio de Ezeiza:<\/strong>\u00a0viajan a las sedes de los partidos a 24 horas de jugar.<\/p>\n\n\n\n<p>A trav\u00e9s de un comunicado, la Asociaci\u00f3n inform\u00f3 que el conjunto nacional disputar\u00e1 el certamen continental<strong>&nbsp;\u00abtal lo refleja su esp\u00edritu deportivo a lo largo de toda la historia\u00bb.<\/strong><\/p>\n\n\n\n<p>Adem\u00e1s, aseguraron que la entidad \u00abpuso a disposici\u00f3n todas las herramientas necesarias para poder garantizar\u00a0<strong>cada uno de los cuidados espec\u00edficos solicitados en este dif\u00edcil momento\u00bb.<\/strong><\/p>\n\n\n\n<figure class=\"wp-block-image size-large\"><a href=\"https:\/\/i0.wp.com\/elterritorialweb.com.ar\/web\/wp-content\/uploads\/2021\/06\/comunicado-afa-copa-america_w862.jpg\"><img data-recalc-dims=\"1\" decoding=\"async\" width=\"640\" height=\"640\" data-src=\"https:\/\/i0.wp.com\/elterritorialweb.com.ar\/web\/wp-content\/uploads\/2021\/06\/comunicado-afa-copa-america_w862.jpg?resize=640%2C640\" alt=\"\" class=\"wp-image-22981 lazyload\" data-srcset=\"https:\/\/i0.wp.com\/elterritorialweb.com.ar\/web\/wp-content\/uploads\/2021\/06\/comunicado-afa-copa-america_w862.jpg?w=862&amp;ssl=1 862w, https:\/\/i0.wp.com\/elterritorialweb.com.ar\/web\/wp-content\/uploads\/2021\/06\/comunicado-afa-copa-america_w862.jpg?resize=300%2C300&amp;ssl=1 300w, https:\/\/i0.wp.com\/elterritorialweb.com.ar\/web\/wp-content\/uploads\/2021\/06\/comunicado-afa-copa-america_w862.jpg?resize=150%2C150&amp;ssl=1 150w, https:\/\/i0.wp.com\/elterritorialweb.com.ar\/web\/wp-content\/uploads\/2021\/06\/comunicado-afa-copa-america_w862.jpg?resize=768%2C768&amp;ssl=1 768w\" data-sizes=\"(max-width: 640px) 100vw, 640px\" src=\"data:image\/svg+xml;base64,PHN2ZyB3aWR0aD0iMSIgaGVpZ2h0PSIxIiB4bWxucz0iaHR0cDovL3d3dy53My5vcmcvMjAwMC9zdmciPjwvc3ZnPg==\" style=\"--smush-placeholder-width: 640px; --smush-placeholder-aspect-ratio: 640\/640;\" \/><\/a><\/figure>\n\n\n\n<p>\u00abTodo el staff del equipo albiceleste trabajar\u00e1 unido para sobreponerse ante esta adversidad que, lamentablemente, nos afecta a todos los sudamericanos por igual\u00bb, sentenciaron en el comunicado. A su vez, informaron que recibieron autorizaci\u00f3n para hacer base en el predio de Ezeiza durante el campeonato.<strong>\u00a0\u00abDeber\u00e1 cumplir con el arribo obligatorio a la sede brasile\u00f1a el d\u00eda previo al partido\u00bb,<\/strong>\u00a0afirmaron en redes sociales.<\/p>\n","protected":false},"excerpt":{"rendered":"<p>La AFA comunic\u00f3 que el conjunto nacional participar\u00e1 del certamen continental. Adem\u00e1s, recibieron autorizaci\u00f3n para concentrar en el pa\u00eds: deben viajar a la sede brasile\u00f1a a 24 horas de los partidos.<\/p>\n","protected":false},"author":2,"featured_media":22982,"comment_status":"open","ping_status":"open","sticky":false,"template":"","format":"standard","meta":{"om_disable_all_campaigns":false,"_monsterinsights_skip_tracking":false,"_monsterinsights_sitenote_active":false,"_monsterinsights_sitenote_note":"","_monsterinsights_sitenote_category":0,"_uf_show_specific_survey":0,"_uf_disable_surveys":false,"jetpack_post_was_ever_published":false,"_jetpack_newsletter_access":"","_jetpack_dont_email_post_to_subs":false,"_jetpack_newsletter_tier_id":0,"_jetpack_memberships_contains_paywalled_content":false,"_jetpack_memberships_contains_paid_content":false,"footnotes":"","jetpack_publicize_message":"","jetpack_publicize_feature_enabled":true,"jetpack_social_post_already_shared":false,"jetpack_social_options":{"image_generator_settings":{"template":"highway","default_image_id":0,"font":"","enabled":false},"version":2}},"categories":[6],"tags":[],"class_list":["post-22980","post","type-post","status-publish","format-standard","has-post-thumbnail","hentry","category-deportes"],"aioseo_notices":[],"views":7,"jetpack_publicize_connections":[],"jetpack_featured_media_url":"https:\/\/i0.wp.com\/elterritorialweb.com.ar\/web\/wp-content\/uploads\/2021\/06\/SELECCION-ARGENTINA.jpg?fit=680%2C340&ssl=1","jetpack_sharing_enabled":true,"_links":{"self":[{"href":"https:\/\/elterritorialweb.com.ar\/web\/wp-json\/wp\/v2\/posts\/22980","targetHints":{"allow":["GET"]}}],"collection":[{"href":"https:\/\/elterritorialweb.com.ar\/web\/wp-json\/wp\/v2\/posts"}],"about":[{"href":"https:\/\/elterritorialweb.com.ar\/web\/wp-json\/wp\/v2\/types\/post"}],"author":[{"embeddable":true,"href":"https:\/\/elterritorialweb.com.ar\/web\/wp-json\/wp\/v2\/users\/2"}],"replies":[{"embeddable":true,"href":"https:\/\/elterritorialweb.com.ar\/web\/wp-json\/wp\/v2\/comments?post=22980"}],"version-history":[{"count":1,"href":"https:\/\/elterritorialweb.com.ar\/web\/wp-json\/wp\/v2\/posts\/22980\/revisions"}],"predecessor-version":[{"id":22983,"href":"https:\/\/elterritorialweb.com.ar\/web\/wp-json\/wp\/v2\/posts\/22980\/revisions\/22983"}],"wp:featuredmedia":[{"embeddable":true,"href":"https:\/\/elterritorialweb.com.ar\/web\/wp-json\/wp\/v2\/media\/22982"}],"wp:attachment":[{"href":"https:\/\/elterritorialweb.com.ar\/web\/wp-json\/wp\/v2\/media?parent=22980"}],"wp:term":[{"taxonomy":"category","embeddable":true,"href":"https:\/\/elterritorialweb.com.ar\/web\/wp-json\/wp\/v2\/categories?post=22980"},{"taxonomy":"post_tag","embeddable":true,"href":"https:\/\/elterritorialweb.com.ar\/web\/wp-json\/wp\/v2\/tags?post=22980"}],"curies":[{"name":"wp","href":"https:\/\/api.w.org\/{rel}","templated":true}]}}