{"id":22984,"date":"2021-06-07T00:58:39","date_gmt":"2021-06-07T00:58:39","guid":{"rendered":"http:\/\/elterritorialweb.com.ar\/web\/?p=22984"},"modified":"2021-06-07T00:58:39","modified_gmt":"2021-06-07T00:58:39","slug":"recuerdan-que-desde-este-lunes-7-vuelve-el-horario-de-circulacion-de-06-a-22-hs","status":"publish","type":"post","link":"https:\/\/elterritorialweb.com.ar\/web\/recuerdan-que-desde-este-lunes-7-vuelve-el-horario-de-circulacion-de-06-a-22-hs\/","title":{"rendered":"RECUERDAN QUE DESDE ESTE LUNES 7 VUELVE EL HORARIO DE CIRCULACI\u00d3N DE 06 A 22 HS."},"content":{"rendered":"\n<p><strong>COMUNICADO COMPLETO<\/strong><\/p>\n\n\n\n<p><em>1) Resumen semanal (desde el Domingo 30\/05 al Domingo 06\/06 inclusive):<\/em><\/p>\n\n\n\n<p><em>-El n\u00famero de casos fue de 5.052 positivos.<\/em><\/p>\n\n\n\n<p><em>-El promedio diario de contagios en estos 8 d\u00edas fue de 631.<\/em><\/p>\n\n\n\n<p><em>-El porcentaje de ocupaci\u00f3n de camas Covid:<\/em><\/p>\n\n\n\n<p><em>a) UTI -UCI: 94 %<\/em><\/p>\n\n\n\n<p><em>b) Camas Covid leves y moderados: 60%.<\/em><\/p>\n\n\n\n<p><em>2) Medidas preventivas, a partir de este lunes 07\/06 hasta el viernes 11\/06, se regresa al horario de circulaci\u00f3n permitido de 06 a 22hs, en el que vuelven a estar permitidas las actividades no esenciales, con el estricto cumplimiento de los protocolos aprobados por el Ministerio de Salud de la provincia. <\/em><\/p>\n\n\n\n<p><em>Se exhorta a la ciudadan\u00eda, a evitar las actividades que favorezcan la transmisi\u00f3n viral por contacto estrecho prolongado, como son las reuniones sociales, recordando que las mismas est\u00e1n prohibidas. Es fundamental cumplir tambi\u00e9n con la obligaci\u00f3n de mantener la distancia entre personas, el uso correcto del tapabocas y la higiene permanente de las manos. <\/em><\/p>\n\n\n\n<p><em>Firman: El\u00edas Suarez, Jefe de Gabinete de Ministros &#8211; Natividad Nassif, Ministra de Salud<\/em><\/p>\n","protected":false},"excerpt":{"rendered":"<p>En la jornada de este domingo, se reuni\u00f3 el Comit\u00e9 de Emergencia de la provincia, donde analizaron la situaci\u00f3n sanitaria de Santiago. <\/p>\n","protected":false},"author":2,"featured_media":22985,"comment_status":"open","ping_status":"open","sticky":false,"template":"","format":"standard","meta":{"om_disable_all_campaigns":false,"_monsterinsights_skip_tracking":false,"_monsterinsights_sitenote_active":false,"_monsterinsights_sitenote_note":"","_monsterinsights_sitenote_category":0,"_uf_show_specific_survey":0,"_uf_disable_surveys":false,"jetpack_post_was_ever_published":false,"_jetpack_newsletter_access":"","_jetpack_dont_email_post_to_subs":false,"_jetpack_newsletter_tier_id":0,"_jetpack_memberships_contains_paywalled_content":false,"_jetpack_memberships_contains_paid_content":false,"footnotes":"","jetpack_publicize_message":"","jetpack_publicize_feature_enabled":true,"jetpack_social_post_already_shared":false,"jetpack_social_options":{"image_generator_settings":{"template":"highway","default_image_id":0,"font":"","enabled":false},"version":2}},"categories":[21],"tags":[],"class_list":["post-22984","post","type-post","status-publish","format-standard","has-post-thumbnail","hentry","category-locales"],"aioseo_notices":[],"views":6,"jetpack_publicize_connections":[],"jetpack_featured_media_url":"https:\/\/i0.wp.com\/elterritorialweb.com.ar\/web\/wp-content\/uploads\/2021\/06\/comite-de-emergnecia.jpg?fit=1280%2C853&ssl=1","jetpack_sharing_enabled":true,"_links":{"self":[{"href":"https:\/\/elterritorialweb.com.ar\/web\/wp-json\/wp\/v2\/posts\/22984","targetHints":{"allow":["GET"]}}],"collection":[{"href":"https:\/\/elterritorialweb.com.ar\/web\/wp-json\/wp\/v2\/posts"}],"about":[{"href":"https:\/\/elterritorialweb.com.ar\/web\/wp-json\/wp\/v2\/types\/post"}],"author":[{"embeddable":true,"href":"https:\/\/elterritorialweb.com.ar\/web\/wp-json\/wp\/v2\/users\/2"}],"replies":[{"embeddable":true,"href":"https:\/\/elterritorialweb.com.ar\/web\/wp-json\/wp\/v2\/comments?post=22984"}],"version-history":[{"count":1,"href":"https:\/\/elterritorialweb.com.ar\/web\/wp-json\/wp\/v2\/posts\/22984\/revisions"}],"predecessor-version":[{"id":22986,"href":"https:\/\/elterritorialweb.com.ar\/web\/wp-json\/wp\/v2\/posts\/22984\/revisions\/22986"}],"wp:featuredmedia":[{"embeddable":true,"href":"https:\/\/elterritorialweb.com.ar\/web\/wp-json\/wp\/v2\/media\/22985"}],"wp:attachment":[{"href":"https:\/\/elterritorialweb.com.ar\/web\/wp-json\/wp\/v2\/media?parent=22984"}],"wp:term":[{"taxonomy":"category","embeddable":true,"href":"https:\/\/elterritorialweb.com.ar\/web\/wp-json\/wp\/v2\/categories?post=22984"},{"taxonomy":"post_tag","embeddable":true,"href":"https:\/\/elterritorialweb.com.ar\/web\/wp-json\/wp\/v2\/tags?post=22984"}],"curies":[{"name":"wp","href":"https:\/\/api.w.org\/{rel}","templated":true}]}}