{"id":22987,"date":"2021-06-07T01:09:18","date_gmt":"2021-06-07T01:09:18","guid":{"rendered":"http:\/\/elterritorialweb.com.ar\/web\/?p=22987"},"modified":"2021-06-07T01:09:19","modified_gmt":"2021-06-07T01:09:19","slug":"coronavirus-en-santiago-se-confirmaron-262-casos-positivos-en-la-provincia-2","status":"publish","type":"post","link":"https:\/\/elterritorialweb.com.ar\/web\/coronavirus-en-santiago-se-confirmaron-262-casos-positivos-en-la-provincia-2\/","title":{"rendered":"CORONAVIRUS EN SANTIAGO: SE CONFIRMARON 262 CASOS POSITIVOS EN LA PROVINCIA"},"content":{"rendered":"\n<p>Se recuperaron trescientos cincuenta y tres (353) casos el d\u00eda de hoy, por lo que son treinta y dos mil setecientos noventa y dos (32.792) los casos recuperados en la provincia<\/p>\n\n\n\n<p><strong>Se notificaron el d\u00eda de hoy diez (10) personas fallecidas con diagn\u00f3stico de COVID-19. Una mujer de 70 a\u00f1os del Depto Banda que estaba internada en el Hospital Independencia. Un hombre de 52 a\u00f1os con antecedentes de obesidad del Depto Sil\u00edpica y un hombre de 51 a\u00f1os, ambos internados en el Hospital Independencia. Un hombre de 54 a\u00f1os de la ciudad Capital y un hombre de 44 a\u00f1os con antecedentes de asma que estaba internado en el Hospital Independencia. Un hombre de 67 a\u00f1os que estaba internado en el CIS Banda. Una mujer de 84 a\u00f1os que estaba internada en un sanatorio privado de la ciudad Capital. Un hombre de 72 a\u00f1os que estaba internado en un sanatorio privado de la ciudad capital. Un hombre de 91 a\u00f1os, del Dpto. Robles, que estaba internado en el Hospital Distrital Forres. Un hombre de 71 a\u00f1os, del Dpto. Banda, con antecedentes de diabetes, que estaba internado en un sanatorio privado de la ciudad Capital.<\/strong><\/p>\n\n\n\n<p>Hay un total de quinientos sesenta y seis (566) personas positivas fallecidas en la provincia.<\/p>\n\n\n\n<p>Se procesaron un total de ochocientos un (801) muestras el d\u00eda de hoy. <\/p>\n\n\n\n<p><strong>Se confirmaron doscientos sesenta y dos (262) casos, Capital-Banda (129) e interior de la provincia (133) distribuidos de la siguiente manera: Abra Grande 1; A\u00f1atuya 4; Arraga 1; Bandera Bajada 2; Bayo Muerto 1; Buey Muerto 1; Campo Gallo 1; Ca\u00f1itas 1; Choya 6; Clodomira 4; Colonia Dora 7; Cuyoj 2; El Cabure 1; Estacion Simbolar 1; Fernandez 1; Forres 7; Frias 20; Ica\u00f1o 3; La Bajada 1; La Resbaloza 1; Las Delicias 2; Lavalle 1; Laprida 1; Loreto 3; Los Juries 1; Los Pereyra 2; Los Pirpintos 2; Los Quirogas 1; Nueva Esperanza 2; Nuevo Libano 1; Pampa de los Guanacos 2; Pozuelos 1; Sachayoj 2; San Jose del Boqueron 2; San Lorenzo Norte 1; Selva 2; Sumampa 1; Termas 35; Tintina 1; Villa Salavina 1; Villa Silipica 1; Vinara 2.<\/strong><\/p>\n\n\n\n<p>Permanecen activos diecis\u00e9is mil doscientos setenta y tres (16.273) casos en la provincia. <\/p>\n\n\n\n<p>El total de casos positivos acumulados es de cuarenta y ocho mil ochocientos doce (48.812).<\/p>\n\n\n\n<p>Se descartaron quinientos treinta y nueve (539) casos el d\u00eda de hoy, por lo que hay ciento cincuenta mil doscientos cuarenta (150.240) casos descartados a la fecha. <\/p>\n\n\n\n<p><strong>Importante: <\/strong>La diferencia de casos acumulados, y difundidos en el reporte nacional, obedece a diferentes horarios de carga y a santiague\u00f1os que residen en otras provincias pero que no tienen realizado el cambio de domicilio legal en su DNI. Se ha solicitado el correspondiente pedido de reclasificaci\u00f3n de los casos excedentes cargados para nuestra provincia.<\/p>\n\n\n\n<p><strong>RECOMENDACIONES<\/strong><\/p>\n\n\n\n<p>Se recuerda que TODAS las personas que son contacto estrecho de casos positivos que DEBEN realizar un AISLAMIENTO SANITARIO OBLIGATORIO de 14 d\u00edas, aunque no presenten s\u00edntomas e independientemente si fueron hisopados y su resultado fue no detectable (negativo). <\/p>\n\n\n\n<p>Durante el aislamiento sanitario las personas no pueden salir de su hogar ni recibir visitas y deben cumplir con las medidas de prevenci\u00f3n indicadas por las autoridades sanitarias. <\/p>\n\n\n\n<p>Ante la presencia de fiebre mayor o igual a 37,5\u00b0 y s\u00edntomas respiratorios como tos, dolor de garganta, dificultad para respirar, adem\u00e1s de falta de gusto y olfato de reciente aparici\u00f3n, y tambi\u00e9n cefalea, diarrea y\/o v\u00f3mitos o al haber estado en contacto con un caso confirmado, se insta a la poblaci\u00f3n a que haga un contacto de inmediato con el sistema de salud contact\u00e1ndose con su centro de salud m\u00e1s cercano o comunic\u00e1ndose al 107 y evite el contacto social. <\/p>\n\n\n\n<p>Tambi\u00e9n se recuerda que se realiza el hisopado a los contactos estrechos de casos positivos que presenten s\u00edntomas o que tengan factores de riesgo (mayores de 60 a\u00f1os, embarazadas, inmunocomprometidos, enfermos oncol\u00f3gicos o dializados).<\/p>\n\n\n\n<p>Recordemos continuar respetando las medidas de distancia f\u00edsica y lavarnos frecuentemente las manos con agua y jab\u00f3n. Si necesitamos salir usemos el barbijo correctamente sin tocarlo ni tocarnos la cara. <\/p>\n\n\n\n<p>Respetar todos los protocolos vigentes y las actividades permitidas, y no realizar reuniones sociales o familiares evitando contacto estrecho con personas que no sean convivientes.<\/p>\n","protected":false},"excerpt":{"rendered":"<p>Informe del Ministerio de Salud de la provincia de Santiago del Estero.<\/p>\n","protected":false},"author":2,"featured_media":22988,"comment_status":"open","ping_status":"open","sticky":false,"template":"","format":"standard","meta":{"om_disable_all_campaigns":false,"_monsterinsights_skip_tracking":false,"_monsterinsights_sitenote_active":false,"_monsterinsights_sitenote_note":"","_monsterinsights_sitenote_category":0,"_uf_show_specific_survey":0,"_uf_disable_surveys":false,"jetpack_post_was_ever_published":false,"_jetpack_newsletter_access":"","_jetpack_dont_email_post_to_subs":false,"_jetpack_newsletter_tier_id":0,"_jetpack_memberships_contains_paywalled_content":false,"_jetpack_memberships_contains_paid_content":false,"footnotes":"","jetpack_publicize_message":"","jetpack_publicize_feature_enabled":true,"jetpack_social_post_already_shared":false,"jetpack_social_options":{"image_generator_settings":{"template":"highway","default_image_id":0,"font":"","enabled":false},"version":2}},"categories":[3],"tags":[],"class_list":["post-22987","post","type-post","status-publish","format-standard","has-post-thumbnail","hentry","category-salud"],"aioseo_notices":[],"views":2,"jetpack_publicize_connections":[],"jetpack_featured_media_url":"https:\/\/i0.wp.com\/elterritorialweb.com.ar\/web\/wp-content\/uploads\/2021\/06\/reporte-diario-6-de-junio.jpg?fit=960%2C640&ssl=1","jetpack_sharing_enabled":true,"_links":{"self":[{"href":"https:\/\/elterritorialweb.com.ar\/web\/wp-json\/wp\/v2\/posts\/22987","targetHints":{"allow":["GET"]}}],"collection":[{"href":"https:\/\/elterritorialweb.com.ar\/web\/wp-json\/wp\/v2\/posts"}],"about":[{"href":"https:\/\/elterritorialweb.com.ar\/web\/wp-json\/wp\/v2\/types\/post"}],"author":[{"embeddable":true,"href":"https:\/\/elterritorialweb.com.ar\/web\/wp-json\/wp\/v2\/users\/2"}],"replies":[{"embeddable":true,"href":"https:\/\/elterritorialweb.com.ar\/web\/wp-json\/wp\/v2\/comments?post=22987"}],"version-history":[{"count":1,"href":"https:\/\/elterritorialweb.com.ar\/web\/wp-json\/wp\/v2\/posts\/22987\/revisions"}],"predecessor-version":[{"id":22989,"href":"https:\/\/elterritorialweb.com.ar\/web\/wp-json\/wp\/v2\/posts\/22987\/revisions\/22989"}],"wp:featuredmedia":[{"embeddable":true,"href":"https:\/\/elterritorialweb.com.ar\/web\/wp-json\/wp\/v2\/media\/22988"}],"wp:attachment":[{"href":"https:\/\/elterritorialweb.com.ar\/web\/wp-json\/wp\/v2\/media?parent=22987"}],"wp:term":[{"taxonomy":"category","embeddable":true,"href":"https:\/\/elterritorialweb.com.ar\/web\/wp-json\/wp\/v2\/categories?post=22987"},{"taxonomy":"post_tag","embeddable":true,"href":"https:\/\/elterritorialweb.com.ar\/web\/wp-json\/wp\/v2\/tags?post=22987"}],"curies":[{"name":"wp","href":"https:\/\/api.w.org\/{rel}","templated":true}]}}