{"id":22990,"date":"2021-06-07T18:23:17","date_gmt":"2021-06-07T18:23:17","guid":{"rendered":"http:\/\/elterritorialweb.com.ar\/web\/?p=22990"},"modified":"2021-06-07T18:23:18","modified_gmt":"2021-06-07T18:23:18","slug":"turismo-de-reuniones-las-jornadas-federales-de-columna-se-haran-en-septiembre-en-rio-hondo","status":"publish","type":"post","link":"https:\/\/elterritorialweb.com.ar\/web\/turismo-de-reuniones-las-jornadas-federales-de-columna-se-haran-en-septiembre-en-rio-hondo\/","title":{"rendered":"TURISMO DE REUNIONES: LAS JORNADAS FEDERALES DE COLUMNA SE HAR\u00c1N EN SEPTIEMBRE EN R\u00cdO HONDO"},"content":{"rendered":"\n<p>Para avanzar con este \u00e1mbito, el Secretario Ejecutivo del INPROTUR, Ricardo Sosa, se reuni\u00f3 en su despacho en Buenos Aires con el Dr. Felipe Lanari, Presidente de la Sociedad Argentina de Patolog\u00eda de la Columna Vertebral, entidad que auspicia la realizaci\u00f3n nacional de este evento organizado por la filial Noa de la entidad. Tambi\u00e9n estuvieron presentes el Presidente de la Asociaci\u00f3n Argentina de Organizadores y Proveedores de Exposiciones, Congresos, Eventos y Bur\u00f3s de Convenciones (AOCA), Fernando Gorbar\u00e1n; el Presidente del Bureau de Convenciones de Termas de R\u00edo Hondo, Juan Mej\u00edas y el Director de Productos del INPROTUR, Pablo Sismanian.<\/p>\n\n\n\n<p>Durante la reuni\u00f3n, Sosa transmiti\u00f3 adem\u00e1s el apoyo del Gobernador de Santiago del Estero, Dr. Gerardo Zamora, a este importante evento que se estipul\u00f3 realizar los d\u00edas 24 y 25 de septiembre de 2021 de manera presencial \u201csiempre que las condiciones sanitarias de ese momento lo permitan\u201d. \u201cPara Argentina es muy importante comenzar a reprogramar estas acciones a un futuro a mediano plazo y sostener el \u00e1mbito de turismo de reuniones que le otorg\u00f3 durante los \u00faltimos a\u00f1os un lugar de privilegio a nuestro pa\u00eds en el contexto internacional\u201d, a\u00f1adi\u00f3 Sosa.<\/p>\n\n\n\n<p>En ese marco, el Dr. Lanari resalt\u00f3 que existe una necesidad del \u00e1mbito profesional de la medicina de generar estos eventos y resalt\u00f3 que en el caso de estas Jornadas Federales se podr\u00edan convertir en el s\u00edmbolo de la reactivaci\u00f3n del sector, \u00abpero adem\u00e1s en un ejemplo de estos nuevos tiempos, ya que la mayor\u00eda de los m\u00e9dicos que participar\u00e1n se encuentran debidamente vacunados y est\u00e1n entre quienes tienen una mayor conciencia respeto de las medidas de bioseguridad sanitaria que imperan en estos momentos\u201d.<\/p>\n\n\n\n<p>A su turno Gorbar\u00e1n se\u00f1al\u00f3 que \u201ctodos somos conscientes de la situaci\u00f3n que atravesamos en nuestro pa\u00eds y el mundo, y vamos a continuar apoyando todas las medidas que se tomen a nivel oficial, y en forma paralela ya estamos trabajando con una visi\u00f3n a mediano y largo plazo, pero teniendo en cuenta que la situaci\u00f3n puede modificarse peri\u00f3dicamente. Con este contexto, la labor que realizan las entidades y en este caso junto al INPROTUR es m\u00e1s que importante para generar este ambiente de trabajo que sirva a nuestro pa\u00eds en un proceso de recuperaci\u00f3n, existen protocolos sanitarios redactados y homologados a nivel nacional para este tipo de eventos\u201d.<\/p>\n\n\n\n<p>En tanto Mej\u00edas, como titular del Bureau de Convenciones de Termas de R\u00edo Hondo, present\u00f3 la infraestructura hotelera que tiene la ciudad, el men\u00fa de servicios que se brindan y la infraestructura tur\u00edstica que posee Termas de R\u00edo Hondo, poni\u00e9ndose a disposici\u00f3n de la sociedad medicinal \u201cpara generar un trabajo conjunto y a conciencia\u201d.<br>Finalmente el Dr. Lanari record\u00f3 el exitoso Congreso Argentino de Cirug\u00eda de Columna realizado hace un par de a\u00f1os en Termas de R\u00edo Hondo, lo que gener\u00f3 un antecedente positivo para continuar eligiendo la ciudad para otro evento de este \u00e1mbito de la medicina argentina.<\/p>\n\n\n\n<p>Asimismo, tanto Sosa como Gorbar\u00e1n adelantaron que continuar\u00e1n trabajando junto a la entidad para la realizaci\u00f3n del Congreso Argentino de Columna en el mes de octubre en la ciudad de Buenos Aires.<\/p>\n","protected":false},"excerpt":{"rendered":"<p>Las Jornadas Federales de Columna se realizar\u00e1n en el mes de septiembre en la ciudad<br \/>\nde Termas de R\u00edo Hondo y podr\u00eda p erfilarse como el primer evento presencial de turismo<br \/>\nde reuniones de Argentina que marcar\u00eda el reinicio progresivo de la actividad en un<br \/>\ntiempo cercano.<\/p>\n","protected":false},"author":2,"featured_media":22991,"comment_status":"open","ping_status":"open","sticky":false,"template":"","format":"standard","meta":{"om_disable_all_campaigns":false,"_monsterinsights_skip_tracking":false,"_monsterinsights_sitenote_active":false,"_monsterinsights_sitenote_note":"","_monsterinsights_sitenote_category":0,"_uf_show_specific_survey":0,"_uf_disable_surveys":false,"jetpack_post_was_ever_published":false,"_jetpack_newsletter_access":"","_jetpack_dont_email_post_to_subs":false,"_jetpack_newsletter_tier_id":0,"_jetpack_memberships_contains_paywalled_content":false,"_jetpack_memberships_contains_paid_content":false,"footnotes":"","jetpack_publicize_message":"","jetpack_publicize_feature_enabled":true,"jetpack_social_post_already_shared":false,"jetpack_social_options":{"image_generator_settings":{"template":"highway","default_image_id":0,"font":"","enabled":false},"version":2}},"categories":[7],"tags":[],"class_list":["post-22990","post","type-post","status-publish","format-standard","has-post-thumbnail","hentry","category-nacionales"],"aioseo_notices":[],"views":7,"jetpack_publicize_connections":[],"jetpack_featured_media_url":"https:\/\/i0.wp.com\/elterritorialweb.com.ar\/web\/wp-content\/uploads\/2021\/06\/COLUMNA-SGO-2021-scaled.jpg?fit=2560%2C1244&ssl=1","jetpack_sharing_enabled":true,"_links":{"self":[{"href":"https:\/\/elterritorialweb.com.ar\/web\/wp-json\/wp\/v2\/posts\/22990","targetHints":{"allow":["GET"]}}],"collection":[{"href":"https:\/\/elterritorialweb.com.ar\/web\/wp-json\/wp\/v2\/posts"}],"about":[{"href":"https:\/\/elterritorialweb.com.ar\/web\/wp-json\/wp\/v2\/types\/post"}],"author":[{"embeddable":true,"href":"https:\/\/elterritorialweb.com.ar\/web\/wp-json\/wp\/v2\/users\/2"}],"replies":[{"embeddable":true,"href":"https:\/\/elterritorialweb.com.ar\/web\/wp-json\/wp\/v2\/comments?post=22990"}],"version-history":[{"count":1,"href":"https:\/\/elterritorialweb.com.ar\/web\/wp-json\/wp\/v2\/posts\/22990\/revisions"}],"predecessor-version":[{"id":22992,"href":"https:\/\/elterritorialweb.com.ar\/web\/wp-json\/wp\/v2\/posts\/22990\/revisions\/22992"}],"wp:featuredmedia":[{"embeddable":true,"href":"https:\/\/elterritorialweb.com.ar\/web\/wp-json\/wp\/v2\/media\/22991"}],"wp:attachment":[{"href":"https:\/\/elterritorialweb.com.ar\/web\/wp-json\/wp\/v2\/media?parent=22990"}],"wp:term":[{"taxonomy":"category","embeddable":true,"href":"https:\/\/elterritorialweb.com.ar\/web\/wp-json\/wp\/v2\/categories?post=22990"},{"taxonomy":"post_tag","embeddable":true,"href":"https:\/\/elterritorialweb.com.ar\/web\/wp-json\/wp\/v2\/tags?post=22990"}],"curies":[{"name":"wp","href":"https:\/\/api.w.org\/{rel}","templated":true}]}}