{"id":23893,"date":"2021-06-29T22:55:27","date_gmt":"2021-06-29T22:55:27","guid":{"rendered":"http:\/\/elterritorialweb.com.ar\/web\/?p=23893"},"modified":"2021-06-29T22:55:28","modified_gmt":"2021-06-29T22:55:28","slug":"24-065-nuevos-casos-de-covid-19-en-un-dia-con-un-total-de-4-447-701-infectados-en-el-pais","status":"publish","type":"post","link":"https:\/\/elterritorialweb.com.ar\/web\/24-065-nuevos-casos-de-covid-19-en-un-dia-con-un-total-de-4-447-701-infectados-en-el-pais\/","title":{"rendered":"24.065 NUEVOS CASOS DE COVID-19 EN UN D\u00cdA, CON UN TOTAL DE 4.447.701 INFECTADOS EN EL PA\u00cdS"},"content":{"rendered":"\n<p>Otras 526 personas murieron y 24.065 fueron reportadas con coronavirus en las \u00faltimas 24 horas en la Argentina, con lo que suman 93.668 los fallecidos registrados oficialmente a nivel nacional y 4.447.701 los contagiados desde el inicio de la pandemia, inform\u00f3 hoy el Ministerio de Salud.<\/p>\n\n\n\n<p>La cartera sanitaria indic\u00f3 que&nbsp;<strong>son 6.636 los internados con coronavirus en unidades de terapia intensiva, con un porcentaje de ocupaci\u00f3n de camas de adultos de 69,2% en el pa\u00eds y del 66,3% en la \u00c1rea Metropolitana Buenos Aires<\/strong>.<\/p>\n\n\n\n<p>Un 41% (9.868 personas) de los infectados de este martes (24.065) corresponden a la Ciudad y a la provincia de Buenos Aires.<\/p>\n\n\n\n<p>De los 4.447.701 contagiados, el 91,33% (4.062.245) recibi\u00f3 el alta y 291.788 son casos confirmados activos.<\/p>\n\n\n\n<p>El reporte consign\u00f3 que fallecieron 303 hombres y 222 mujeres, mientras que una persona de la Ciudad de Buenos Aires fue reportada sin dato de sexo.<\/p>\n\n\n\n<p>Las cifras en los distritos<br>El parte precis\u00f3 que murieron 126 hombres en la provincia de Buenos Aires; 14 en la Ciudad de Buenos Aires; 8 en Chaco; 2 en Corrientes; 38 en C\u00f3rdoba; 13 en Entre R\u00edos; 8 en Formosa; 3 en La Pampa; 8 en Mendoza; 1 en Misiones; 6 en Neuqu\u00e9n; 4 en R\u00edo Negro; 4 en Salta; 2 en San Juan; 3 en San Luis; 6 en Santa Cruz; 39 en Santa Fe; 8 en Santiago del Estero; 5 en Tierra del Fuego y 5 en Tucum\u00e1n.<\/p>\n\n\n\n<p>Tambi\u00e9n fallecieron 84 mujeres en Buenos Aires; 6 en la Ciudad de Buenos Aires; 10 en Chaco; 3 en Corrientes; 28 en C\u00f3rdoba; 12 en Entre R\u00edos; 5 en Formosa; 1 en La Pampa; 9 en Mendoza; 5 en Neuqu\u00e9n; 2 en R\u00edo Negro; 7 en Salta; 4 en San Juan; 2 en San Luis; 3 en Santa Cruz; 27 en Santa Fe; 11 en Santiago del Estero; 1 en Tierra del Fuego y 2 en Tucum\u00e1n.<\/p>\n\n\n\n<p>Este martes se registraron en la provincia de Buenos Aires 8.414 casos; en la Ciudad de Buenos Aires, 1.454; en Catamarca, 261; en Chaco, 641; en Chubut, 249; en Corrientes, 607; en C\u00f3rdoba, 3.033; en Entre R\u00edos, 995; en Formosa, 322; en Jujuy, 309; en La Pampa, 374; en La Rioja, 157; en Mendoza, 651; en Misiones, 190; en Neuqu\u00e9n, 214; en R\u00edo Negro, 355; en Salta, 560; en San Juan, 303; en San Luis, 344; en Santa Cruz, 134; en Santa Fe, 1.955; en Santiago del Estero, 413; Tierra del Fuego, 55 y en Tucum\u00e1n, 2.075.<\/p>\n\n\n\n<p>El Ministerio indic\u00f3 adem\u00e1s que se realizaron en las \u00faltimas 24 horas 91.307 testeos y desde el inicio del brote ascienden a 16.594.163 las pruebas diagn\u00f3sticas para esta enfermedad.<\/p>\n\n\n\n<p>El total de acumulados por distrito indica que la provincia de Buenos Aires suma 1.835.719 casos; la Ciudad de Buenos Aires, 462.903; Catamarca, 33.891; Chaco, 76.300; Chubut, 70.593; Corrientes, 65.646; C\u00f3rdoba, 407.658; Entre R\u00edos, 109.382; Formosa, 45.147; Jujuy, 35.555; La Pampa, 52.770; La Rioja, 21.944; Mendoza, 139.189; Misiones, 25.494; Neuqu\u00e9n, 101.191; R\u00edo Negro, 84.065; Salta, 60.683; San Juan, 50.018; San Luis, 65.303; Santa Cruz, 55.389; Santa Fe, 404.515; Santiago del Estero, 58.881; Tierra del Fuego, 29.714 y Tucum\u00e1n, 155.781.<\/p>\n\n\n\n<p>Se incluyen casos existentes en las Islas Malvinas seg\u00fan informaci\u00f3n de prensa (debido a la ocupaci\u00f3n ilegal del Reino Unido, Gran Breta\u00f1a e Irlanda del Norte no es posible contar con informaci\u00f3n propia sobre el impacto de la Covid-19 en esa parte del territorio argentino).<\/p>\n","protected":false},"excerpt":{"rendered":"<p>Con las cifras de este martes suman 93.668 los fallecidos registrados oficialmente a nivel nacional y 4.447.701 los contagiados desde el inicio de la pandemia.<\/p>\n","protected":false},"author":2,"featured_media":23894,"comment_status":"open","ping_status":"open","sticky":false,"template":"","format":"standard","meta":{"om_disable_all_campaigns":false,"_monsterinsights_skip_tracking":false,"_monsterinsights_sitenote_active":false,"_monsterinsights_sitenote_note":"","_monsterinsights_sitenote_category":0,"_uf_show_specific_survey":0,"_uf_disable_surveys":false,"jetpack_post_was_ever_published":false,"_jetpack_newsletter_access":"","_jetpack_dont_email_post_to_subs":false,"_jetpack_newsletter_tier_id":0,"_jetpack_memberships_contains_paywalled_content":false,"_jetpack_memberships_contains_paid_content":false,"footnotes":"","jetpack_publicize_message":"","jetpack_publicize_feature_enabled":true,"jetpack_social_post_already_shared":false,"jetpack_social_options":{"image_generator_settings":{"template":"highway","default_image_id":0,"font":"","enabled":false},"version":2}},"categories":[3],"tags":[],"class_list":["post-23893","post","type-post","status-publish","format-standard","has-post-thumbnail","hentry","category-salud"],"aioseo_notices":[],"views":11,"jetpack_publicize_connections":[],"jetpack_featured_media_url":"https:\/\/i0.wp.com\/elterritorialweb.com.ar\/web\/wp-content\/uploads\/2021\/06\/NUEVOS-CASOS-29-DE-JUNIO.jpg?fit=680%2C357&ssl=1","jetpack_sharing_enabled":true,"_links":{"self":[{"href":"https:\/\/elterritorialweb.com.ar\/web\/wp-json\/wp\/v2\/posts\/23893","targetHints":{"allow":["GET"]}}],"collection":[{"href":"https:\/\/elterritorialweb.com.ar\/web\/wp-json\/wp\/v2\/posts"}],"about":[{"href":"https:\/\/elterritorialweb.com.ar\/web\/wp-json\/wp\/v2\/types\/post"}],"author":[{"embeddable":true,"href":"https:\/\/elterritorialweb.com.ar\/web\/wp-json\/wp\/v2\/users\/2"}],"replies":[{"embeddable":true,"href":"https:\/\/elterritorialweb.com.ar\/web\/wp-json\/wp\/v2\/comments?post=23893"}],"version-history":[{"count":1,"href":"https:\/\/elterritorialweb.com.ar\/web\/wp-json\/wp\/v2\/posts\/23893\/revisions"}],"predecessor-version":[{"id":23895,"href":"https:\/\/elterritorialweb.com.ar\/web\/wp-json\/wp\/v2\/posts\/23893\/revisions\/23895"}],"wp:featuredmedia":[{"embeddable":true,"href":"https:\/\/elterritorialweb.com.ar\/web\/wp-json\/wp\/v2\/media\/23894"}],"wp:attachment":[{"href":"https:\/\/elterritorialweb.com.ar\/web\/wp-json\/wp\/v2\/media?parent=23893"}],"wp:term":[{"taxonomy":"category","embeddable":true,"href":"https:\/\/elterritorialweb.com.ar\/web\/wp-json\/wp\/v2\/categories?post=23893"},{"taxonomy":"post_tag","embeddable":true,"href":"https:\/\/elterritorialweb.com.ar\/web\/wp-json\/wp\/v2\/tags?post=23893"}],"curies":[{"name":"wp","href":"https:\/\/api.w.org\/{rel}","templated":true}]}}