{"id":23964,"date":"2021-07-02T18:03:21","date_gmt":"2021-07-02T18:03:21","guid":{"rendered":"http:\/\/elterritorialweb.com.ar\/web\/?p=23964"},"modified":"2021-07-02T18:04:10","modified_gmt":"2021-07-02T18:04:10","slug":"importantes-obras-en-la-biblioteca-sarmiento","status":"publish","type":"post","link":"https:\/\/elterritorialweb.com.ar\/web\/importantes-obras-en-la-biblioteca-sarmiento\/","title":{"rendered":"REALIZARON IMPORTANTES OBRAS EN LA BIBLIOTECA SARMIENTO"},"content":{"rendered":"\n<p>En este sentido, el subsecretario de Cultura de la Provincia, Lic. Juan Leguizam\u00f3n y la presidente de la Biblioteca, Mirta Pastoriza y miembros de la Comisi\u00f3n Directiva, recorrieron las obras realizadas en dicho edificio, las cuales se tratan de modernos ba\u00f1os, tanto para el uso del p\u00fablico como el personal de la instituci\u00f3n, la reforma y arreglo del techo de todo el edificio, los desag\u00fces del mismo y la obra de refacci\u00f3n del sal\u00f3n principal de la biblioteca.&nbsp;<\/p>\n\n\n\n<p>Tras el recorrido, Juan Leguizam\u00f3n resalt\u00f3, \u201ces un lugar central para la historia y para la cultura de Santiago del Estero. Hemos visitado las obras que se han ejecutado gracias al Gobernador Dr. Gerardo Zamora, que brind\u00f3 una importante ayuda para realizar mejoras en este edificio\u201d.&nbsp;<\/p>\n\n\n\n<figure class=\"wp-block-image size-large\"><a href=\"https:\/\/i0.wp.com\/elterritorialweb.com.ar\/web\/wp-content\/uploads\/2021\/07\/biblioteca-1.jpg\"><img data-recalc-dims=\"1\" decoding=\"async\" width=\"640\" height=\"427\" data-src=\"https:\/\/i0.wp.com\/elterritorialweb.com.ar\/web\/wp-content\/uploads\/2021\/07\/biblioteca-1.jpg?resize=640%2C427\" alt=\"\" class=\"wp-image-23967 lazyload\" data-srcset=\"https:\/\/i0.wp.com\/elterritorialweb.com.ar\/web\/wp-content\/uploads\/2021\/07\/biblioteca-1.jpg?resize=1024%2C683&amp;ssl=1 1024w, https:\/\/i0.wp.com\/elterritorialweb.com.ar\/web\/wp-content\/uploads\/2021\/07\/biblioteca-1.jpg?resize=300%2C200&amp;ssl=1 300w, https:\/\/i0.wp.com\/elterritorialweb.com.ar\/web\/wp-content\/uploads\/2021\/07\/biblioteca-1.jpg?resize=768%2C512&amp;ssl=1 768w, https:\/\/i0.wp.com\/elterritorialweb.com.ar\/web\/wp-content\/uploads\/2021\/07\/biblioteca-1.jpg?resize=1536%2C1024&amp;ssl=1 1536w, https:\/\/i0.wp.com\/elterritorialweb.com.ar\/web\/wp-content\/uploads\/2021\/07\/biblioteca-1.jpg?w=1620&amp;ssl=1 1620w, https:\/\/i0.wp.com\/elterritorialweb.com.ar\/web\/wp-content\/uploads\/2021\/07\/biblioteca-1.jpg?w=1280 1280w\" data-sizes=\"(max-width: 640px) 100vw, 640px\" src=\"data:image\/svg+xml;base64,PHN2ZyB3aWR0aD0iMSIgaGVpZ2h0PSIxIiB4bWxucz0iaHR0cDovL3d3dy53My5vcmcvMjAwMC9zdmciPjwvc3ZnPg==\" style=\"--smush-placeholder-width: 640px; --smush-placeholder-aspect-ratio: 640\/427;\" \/><\/a><\/figure>\n\n\n\n<p>A su turno, la Presidente de la Biblioteca, Mirta Pastoriza explic\u00f3 que la biblioteca tiene 120 a\u00f1os de existencia y necesitaba unas mejoras. \u201cLe pedimos al gobernador si pod\u00edamos recuperar el edificio \u2013cont\u00f3- porque realmente ten\u00edamos serios problemas, especialmente de techos, ba\u00f1os y desag\u00fces, e inmediatamente el Gobernador nos concedi\u00f3 su ayuda y pudimos llevar a cabo las reparaciones\u201d resalt\u00f3 la titular de la Biblioteca.&nbsp;<\/p>\n\n\n\n<p>Adem\u00e1s, Mirta Pastoriza expres\u00f3, \u201ctuvimos que cambiar el techo, pr\u00e1cticamente todo en general, adem\u00e1s de las partes de los desag\u00fces que tambi\u00e9n estaba muy deteriorado y se llov\u00eda en el interior. Tambi\u00e9n reformamos los ba\u00f1os por completo y la verdad que quedaron muy modernos y lindos, tanto para el personal de la biblioteca como para el p\u00fablico\u201d.&nbsp;<\/p>\n\n\n\n<figure class=\"wp-block-image size-large is-resized\"><a href=\"https:\/\/i0.wp.com\/elterritorialweb.com.ar\/web\/wp-content\/uploads\/2021\/07\/biblioteca-2-scaled.jpg\"><img data-recalc-dims=\"1\" decoding=\"async\" data-src=\"https:\/\/i0.wp.com\/elterritorialweb.com.ar\/web\/wp-content\/uploads\/2021\/07\/biblioteca-2.jpg?resize=640%2C1354\" alt=\"\" class=\"wp-image-23968 lazyload\" width=\"640\" height=\"1354\" data-srcset=\"https:\/\/i0.wp.com\/elterritorialweb.com.ar\/web\/wp-content\/uploads\/2021\/07\/biblioteca-2-scaled.jpg?resize=484%2C1024&amp;ssl=1 484w, https:\/\/i0.wp.com\/elterritorialweb.com.ar\/web\/wp-content\/uploads\/2021\/07\/biblioteca-2-scaled.jpg?resize=142%2C300&amp;ssl=1 142w\" data-sizes=\"(max-width: 640px) 100vw, 640px\" src=\"data:image\/svg+xml;base64,PHN2ZyB3aWR0aD0iMSIgaGVpZ2h0PSIxIiB4bWxucz0iaHR0cDovL3d3dy53My5vcmcvMjAwMC9zdmciPjwvc3ZnPg==\" style=\"--smush-placeholder-width: 640px; --smush-placeholder-aspect-ratio: 640\/1354;\" \/><\/a><\/figure>\n\n\n\n<p>Para terminar, Mirta Pastoriza agradeci\u00f3 al Gobernador Zamora, \u201cque se ha encargado de ayudarnos para subsanar todos los problemas que ten\u00edamos, para que hoy sigamos teniendo una biblioteca Sarmiento vigente\u201d, cerr\u00f3.&nbsp;<\/p>\n","protected":false},"excerpt":{"rendered":"<p>Desde la Comisi\u00f3n Directiva de la Biblioteca Popular Sarmiento dieron a conocer las importantes obras de reformas que se llevaron a cabo en la instituci\u00f3n con la ayuda del Gobernador de la Provincia, Dr. Gerardo Zamora. <\/p>\n","protected":false},"author":2,"featured_media":23966,"comment_status":"open","ping_status":"open","sticky":false,"template":"","format":"standard","meta":{"om_disable_all_campaigns":false,"_monsterinsights_skip_tracking":false,"_monsterinsights_sitenote_active":false,"_monsterinsights_sitenote_note":"","_monsterinsights_sitenote_category":0,"_uf_show_specific_survey":0,"_uf_disable_surveys":false,"jetpack_post_was_ever_published":false,"_jetpack_newsletter_access":"","_jetpack_dont_email_post_to_subs":false,"_jetpack_newsletter_tier_id":0,"_jetpack_memberships_contains_paywalled_content":false,"_jetpack_memberships_contains_paid_content":false,"footnotes":"","jetpack_publicize_message":"","jetpack_publicize_feature_enabled":true,"jetpack_social_post_already_shared":false,"jetpack_social_options":{"image_generator_settings":{"template":"highway","default_image_id":0,"font":"","enabled":false},"version":2}},"categories":[21],"tags":[],"class_list":["post-23964","post","type-post","status-publish","format-standard","has-post-thumbnail","hentry","category-locales"],"aioseo_notices":[],"views":23,"jetpack_publicize_connections":[],"jetpack_featured_media_url":"https:\/\/i0.wp.com\/elterritorialweb.com.ar\/web\/wp-content\/uploads\/2021\/07\/biblioteca--scaled.jpg?fit=2560%2C1151&ssl=1","jetpack_sharing_enabled":true,"_links":{"self":[{"href":"https:\/\/elterritorialweb.com.ar\/web\/wp-json\/wp\/v2\/posts\/23964","targetHints":{"allow":["GET"]}}],"collection":[{"href":"https:\/\/elterritorialweb.com.ar\/web\/wp-json\/wp\/v2\/posts"}],"about":[{"href":"https:\/\/elterritorialweb.com.ar\/web\/wp-json\/wp\/v2\/types\/post"}],"author":[{"embeddable":true,"href":"https:\/\/elterritorialweb.com.ar\/web\/wp-json\/wp\/v2\/users\/2"}],"replies":[{"embeddable":true,"href":"https:\/\/elterritorialweb.com.ar\/web\/wp-json\/wp\/v2\/comments?post=23964"}],"version-history":[{"count":2,"href":"https:\/\/elterritorialweb.com.ar\/web\/wp-json\/wp\/v2\/posts\/23964\/revisions"}],"predecessor-version":[{"id":23971,"href":"https:\/\/elterritorialweb.com.ar\/web\/wp-json\/wp\/v2\/posts\/23964\/revisions\/23971"}],"wp:featuredmedia":[{"embeddable":true,"href":"https:\/\/elterritorialweb.com.ar\/web\/wp-json\/wp\/v2\/media\/23966"}],"wp:attachment":[{"href":"https:\/\/elterritorialweb.com.ar\/web\/wp-json\/wp\/v2\/media?parent=23964"}],"wp:term":[{"taxonomy":"category","embeddable":true,"href":"https:\/\/elterritorialweb.com.ar\/web\/wp-json\/wp\/v2\/categories?post=23964"},{"taxonomy":"post_tag","embeddable":true,"href":"https:\/\/elterritorialweb.com.ar\/web\/wp-json\/wp\/v2\/tags?post=23964"}],"curies":[{"name":"wp","href":"https:\/\/api.w.org\/{rel}","templated":true}]}}