{"id":24091,"date":"2021-07-05T20:31:50","date_gmt":"2021-07-05T20:31:50","guid":{"rendered":"http:\/\/elterritorialweb.com.ar\/web\/?p=24091"},"modified":"2021-07-05T20:31:51","modified_gmt":"2021-07-05T20:31:51","slug":"el-gobierno-provincial-entrego-20-ambulancias-a-hospitales-del-interior","status":"publish","type":"post","link":"https:\/\/elterritorialweb.com.ar\/web\/el-gobierno-provincial-entrego-20-ambulancias-a-hospitales-del-interior\/","title":{"rendered":"EL GOBIERNO PROVINCIAL ENTREG\u00d3 20 AMBULANCIAS A HOSPITALES DEL INTERIOR"},"content":{"rendered":"\n<p>Las 20 ambulancias, marca Renault Kangoo, fueron distribuidas a distintos hospitales de ciudades del interior de la Provincia.\u00a0\u00a0<\/p>\n\n\n\n<p>El acto, cumpliendo con los estrictos protocolos correspondientes por la pandemia del covid -19, se llev\u00f3 a cabo en la explanada de casa de Gobierno, en donde las autoridades hicieron entrega de las llaves a cada uno de los directores de los hospitales que fueron beneficiados con la entrega de esta nueva herramienta, que ser\u00e1 de vital importancia para continuar trabajando en conjunto en este tiempo de pandemia que le toca vivir a todo el Pa\u00eds.&nbsp;<\/p>\n\n\n\n<p>Los hospitales beneficiados con esta nueva entrega de ambulancias son de: Monte Quemado; Campo Gallo; Quimili; Nueva Esperanza; A\u00f1atuya; Pinto; Selva; Tintina; Suncho Corral; El Bobadal; Colonia Dora; El Charco; La Ca\u00f1ada; Sachayoj; Santos Lugares; Brea Pozo; Medell\u00edn; Guardia Escolta; El Moj\u00f3n y San Jos\u00e9 del Boquer\u00f3n.\u00a0<\/p>\n\n\n\n<figure class=\"wp-block-image size-large\"><a href=\"https:\/\/i0.wp.com\/elterritorialweb.com.ar\/web\/wp-content\/uploads\/2021\/07\/ambulancias-1.jpg\"><img data-recalc-dims=\"1\" decoding=\"async\" width=\"640\" height=\"347\" data-src=\"https:\/\/i0.wp.com\/elterritorialweb.com.ar\/web\/wp-content\/uploads\/2021\/07\/ambulancias-1.jpg?resize=640%2C347\" alt=\"\" class=\"wp-image-24093 lazyload\" data-srcset=\"https:\/\/i0.wp.com\/elterritorialweb.com.ar\/web\/wp-content\/uploads\/2021\/07\/ambulancias-1.jpg?resize=1024%2C555&amp;ssl=1 1024w, https:\/\/i0.wp.com\/elterritorialweb.com.ar\/web\/wp-content\/uploads\/2021\/07\/ambulancias-1.jpg?resize=300%2C163&amp;ssl=1 300w, https:\/\/i0.wp.com\/elterritorialweb.com.ar\/web\/wp-content\/uploads\/2021\/07\/ambulancias-1.jpg?resize=768%2C416&amp;ssl=1 768w, https:\/\/i0.wp.com\/elterritorialweb.com.ar\/web\/wp-content\/uploads\/2021\/07\/ambulancias-1.jpg?resize=1536%2C833&amp;ssl=1 1536w, https:\/\/i0.wp.com\/elterritorialweb.com.ar\/web\/wp-content\/uploads\/2021\/07\/ambulancias-1.jpg?resize=2048%2C1110&amp;ssl=1 2048w, https:\/\/i0.wp.com\/elterritorialweb.com.ar\/web\/wp-content\/uploads\/2021\/07\/ambulancias-1.jpg?w=1280 1280w, https:\/\/i0.wp.com\/elterritorialweb.com.ar\/web\/wp-content\/uploads\/2021\/07\/ambulancias-1.jpg?w=1920 1920w\" data-sizes=\"(max-width: 640px) 100vw, 640px\" src=\"data:image\/svg+xml;base64,PHN2ZyB3aWR0aD0iMSIgaGVpZ2h0PSIxIiB4bWxucz0iaHR0cDovL3d3dy53My5vcmcvMjAwMC9zdmciPjwvc3ZnPg==\" style=\"--smush-placeholder-width: 640px; --smush-placeholder-aspect-ratio: 640\/347;\" \/><\/a><\/figure>\n\n\n\n<p>Al finalizar la entrega, la Ministra de Salud, Lic. Natividad Nassif y el Subsecretario de Salud, Dr. Cesar Monti destacaron la importancia de poder brindarles a las ciudades del interior herramientas para continuar trabajando y brindar la mejor atenci\u00f3n de salud a cada uno de los santiague\u00f1os.&nbsp;<\/p>\n\n\n\n<p>De esta manera, la ministra de Salud resalt\u00f3, \u201cvenimos sosteniendo una inversi\u00f3n muy fuerte desde el Gobierno de la Provincia, a trav\u00e9s del Ministerio de Salud, para la dotaci\u00f3n de ambulancias.&nbsp;Ha sido una inversi\u00f3n importante pensando en la calidad de vida de la gente y tambi\u00e9n para asegurar derivaciones oportunas a lo largo de todo el territorio de la Provincia\u201d, se\u00f1al\u00f3 Nassif y continu\u00f3 \u201cla decisi\u00f3n de nuestro Gobernador de la Provincia es dotar de herramientas al sistema de salud para cuidar vidas. Pr\u00f3ximamente entregaremos nuevas ambulancias para acentuar un abordaje de mayor complejidad\u201d.&nbsp;<\/p>\n\n\n\n<p>En tanto, el subsecretario de Salud, Dr. Cesar Monti agreg\u00f3, \u201cnuestro provincia tiene concentraciones poblacionales en una alta ruralidad. M\u00e1s en esta \u00e9poca de pandemias la persona muchas veces debe ser trasladada desde la posta sanitaria al hospital de tr\u00e1nsito, distrital o zonal seg\u00fan su complejidad. Esto es una herramienta que en esta pandemia es muy necesaria\u201d.&nbsp;<\/p>\n\n\n\n<p>\u201cAgradecemos al Poder Ejecutivo siempre el apoyo \u2013subray\u00f3 Monti- al Ministerio de Salud a trav\u00e9s de la distribuci\u00f3n y los directores de hospitales que puedan dar buen uso a estas herramientas que es muy importante\u201d.&nbsp;&nbsp;<\/p>\n\n\n\n<p><strong>Testimonios&nbsp;<\/strong><\/p>\n\n\n\n<p>Director del Hospital de El Bobadal, Dr. Santiago Abalos, expres\u00f3 \u201cestamos muy satisfechos y atendiendo a las necesidades que tiene el interior el Gobernador se hizo eco de los requerimientos a nivel de ambulancia y decidi\u00f3 aportar con esto que para nosotros es algo indispensable cuando se trabaja en el interior para poder llegar con los traslados a los centros de mayores complejidad\u201d.&nbsp;<\/p>\n\n\n\n<p>\u201cEsto ser\u00e1 de gran importancia para seguir trabajando. Estoy muy agradecido al Gobernador, Dr. Gerardo Zamora que nos brinda esta unidad 0km que ser\u00e1 de gran ayuda para la poblaci\u00f3n\u201d, destac\u00f3 el Director.&nbsp;&nbsp;<\/p>\n\n\n\n<p>Director del hospital de Monte Quemado, Dr. Mariano Vittal, \u201cestamos muy contentos por poder sumar una ambulancia m\u00e1s al hospital de Monte Quemado. Ser\u00e1 de gran ayuda para seguir trabajando.\u00a0Muy agradecido al Gobernador de la Provincia, es una herramienta que hac\u00eda mucha falta para poder trasladar a nuestra poblaci\u00f3n tanto a capital como banda\u201d.\u00a0<\/p>\n\n\n\n<figure class=\"wp-block-image size-large\"><a href=\"https:\/\/i0.wp.com\/elterritorialweb.com.ar\/web\/wp-content\/uploads\/2021\/07\/ambulancias-.jpg\"><img data-recalc-dims=\"1\" decoding=\"async\" width=\"640\" height=\"427\" data-src=\"https:\/\/i0.wp.com\/elterritorialweb.com.ar\/web\/wp-content\/uploads\/2021\/07\/ambulancias-.jpg?resize=640%2C427\" alt=\"\" class=\"wp-image-24094 lazyload\" data-srcset=\"https:\/\/i0.wp.com\/elterritorialweb.com.ar\/web\/wp-content\/uploads\/2021\/07\/ambulancias-.jpg?resize=1024%2C683&amp;ssl=1 1024w, https:\/\/i0.wp.com\/elterritorialweb.com.ar\/web\/wp-content\/uploads\/2021\/07\/ambulancias-.jpg?resize=300%2C200&amp;ssl=1 300w, https:\/\/i0.wp.com\/elterritorialweb.com.ar\/web\/wp-content\/uploads\/2021\/07\/ambulancias-.jpg?resize=768%2C512&amp;ssl=1 768w, https:\/\/i0.wp.com\/elterritorialweb.com.ar\/web\/wp-content\/uploads\/2021\/07\/ambulancias-.jpg?resize=1536%2C1025&amp;ssl=1 1536w, https:\/\/i0.wp.com\/elterritorialweb.com.ar\/web\/wp-content\/uploads\/2021\/07\/ambulancias-.jpg?resize=2048%2C1367&amp;ssl=1 2048w, https:\/\/i0.wp.com\/elterritorialweb.com.ar\/web\/wp-content\/uploads\/2021\/07\/ambulancias-.jpg?w=1280 1280w, https:\/\/i0.wp.com\/elterritorialweb.com.ar\/web\/wp-content\/uploads\/2021\/07\/ambulancias-.jpg?w=1920 1920w\" data-sizes=\"(max-width: 640px) 100vw, 640px\" src=\"data:image\/svg+xml;base64,PHN2ZyB3aWR0aD0iMSIgaGVpZ2h0PSIxIiB4bWxucz0iaHR0cDovL3d3dy53My5vcmcvMjAwMC9zdmciPjwvc3ZnPg==\" style=\"--smush-placeholder-width: 640px; --smush-placeholder-aspect-ratio: 640\/427;\" \/><\/a><\/figure>\n\n\n\n<p>Director del Hospital de Suncho Corral, Dr. Walter Galv\u00e1n, \u201cestoy totalmente agradecido al Gobernador de la Provincia y a todas las autoridades que nos representan a nivel de salud. Es una herramienta m\u00e1s, pero no nos olvidemos que en salud la primera herramienta es la humana y esto es un medio por el cual nosotros podemos hacer intervenciones oportunas en lugares de mayor complejidad. No solo se trata de traslados de pacientes hacia capital \u2013agreg\u00f3- sino de los pacientes del interior de la provincia que muchas veces demandan atenci\u00f3n, y no tienen medios de movilidad, entonces podemos acercarlos hasta nosotros y hacer la asistencia de manera oportuna\u201d, resalt\u00f3.&nbsp;<\/p>\n\n\n\n<p>En otro orden, el director del Hospital de Suncho Corral hizo una breve referencia de la situaci\u00f3n que vive actualmente la ciudad, \u201clamentablemente no est\u00e1 en el \u00e1nimo nuestro que estas cosas sucedan, como un aislamiento. Lamentablemente el ascenso del n\u00famero de casos fue estrepitosamente hacia arriba, con positivos en un alto porcentaje lo cual nos llev\u00f3 hacer un rastrillaje, y en base a eso, nuestras autoridades a nivel provincial tomaron la decisi\u00f3n de manera oportuna y muy necesaria para la comunidad\u201d, concluy\u00f3 el titular del hospital.<\/p>\n","protected":false},"excerpt":{"rendered":"<p>El Gobierno de la Provincia entreg\u00f3 20 ambulancias al Ministerio de Salud Provincial. La ceremonia estuvo encabezada por el Jefe de Gabinete de Ministros, El\u00edas Suarez, ministra de Salud, Lic. Natividad Nassif y el subsecretario de Salud, Dr. Cesar Monti. Tambi\u00e9n acompa\u00f1\u00f3 la directora del Interior, Dra. Graciela Alzogaray.<\/p>\n","protected":false},"author":2,"featured_media":24092,"comment_status":"open","ping_status":"open","sticky":false,"template":"","format":"standard","meta":{"om_disable_all_campaigns":false,"_monsterinsights_skip_tracking":false,"_monsterinsights_sitenote_active":false,"_monsterinsights_sitenote_note":"","_monsterinsights_sitenote_category":0,"_uf_show_specific_survey":0,"_uf_disable_surveys":false,"jetpack_post_was_ever_published":false,"_jetpack_newsletter_access":"","_jetpack_dont_email_post_to_subs":false,"_jetpack_newsletter_tier_id":0,"_jetpack_memberships_contains_paywalled_content":false,"_jetpack_memberships_contains_paid_content":false,"footnotes":"","jetpack_publicize_message":"","jetpack_publicize_feature_enabled":true,"jetpack_social_post_already_shared":false,"jetpack_social_options":{"image_generator_settings":{"template":"highway","default_image_id":0,"font":"","enabled":false},"version":2}},"categories":[21],"tags":[],"class_list":["post-24091","post","type-post","status-publish","format-standard","has-post-thumbnail","hentry","category-locales"],"aioseo_notices":[],"views":3,"jetpack_publicize_connections":[],"jetpack_featured_media_url":"https:\/\/i0.wp.com\/elterritorialweb.com.ar\/web\/wp-content\/uploads\/2021\/07\/ambulancia.jpg?fit=2248%2C1500&ssl=1","jetpack_sharing_enabled":true,"_links":{"self":[{"href":"https:\/\/elterritorialweb.com.ar\/web\/wp-json\/wp\/v2\/posts\/24091","targetHints":{"allow":["GET"]}}],"collection":[{"href":"https:\/\/elterritorialweb.com.ar\/web\/wp-json\/wp\/v2\/posts"}],"about":[{"href":"https:\/\/elterritorialweb.com.ar\/web\/wp-json\/wp\/v2\/types\/post"}],"author":[{"embeddable":true,"href":"https:\/\/elterritorialweb.com.ar\/web\/wp-json\/wp\/v2\/users\/2"}],"replies":[{"embeddable":true,"href":"https:\/\/elterritorialweb.com.ar\/web\/wp-json\/wp\/v2\/comments?post=24091"}],"version-history":[{"count":1,"href":"https:\/\/elterritorialweb.com.ar\/web\/wp-json\/wp\/v2\/posts\/24091\/revisions"}],"predecessor-version":[{"id":24095,"href":"https:\/\/elterritorialweb.com.ar\/web\/wp-json\/wp\/v2\/posts\/24091\/revisions\/24095"}],"wp:featuredmedia":[{"embeddable":true,"href":"https:\/\/elterritorialweb.com.ar\/web\/wp-json\/wp\/v2\/media\/24092"}],"wp:attachment":[{"href":"https:\/\/elterritorialweb.com.ar\/web\/wp-json\/wp\/v2\/media?parent=24091"}],"wp:term":[{"taxonomy":"category","embeddable":true,"href":"https:\/\/elterritorialweb.com.ar\/web\/wp-json\/wp\/v2\/categories?post=24091"},{"taxonomy":"post_tag","embeddable":true,"href":"https:\/\/elterritorialweb.com.ar\/web\/wp-json\/wp\/v2\/tags?post=24091"}],"curies":[{"name":"wp","href":"https:\/\/api.w.org\/{rel}","templated":true}]}}