{"id":24102,"date":"2021-07-05T23:28:10","date_gmt":"2021-07-05T23:28:10","guid":{"rendered":"http:\/\/elterritorialweb.com.ar\/web\/?p=24102"},"modified":"2021-07-05T23:28:11","modified_gmt":"2021-07-05T23:28:11","slug":"el-plantel-de-river-debera-aislarse-tras-su-regreso-de-estados-unidos","status":"publish","type":"post","link":"https:\/\/elterritorialweb.com.ar\/web\/el-plantel-de-river-debera-aislarse-tras-su-regreso-de-estados-unidos\/","title":{"rendered":"EL PLANTEL DE RIVER DEBER\u00c1 AISLARSE TRAS SU REGRESO DE ESTADOS UNIDOS"},"content":{"rendered":"\n<hr class=\"wp-block-separator\"\/>\n\n\n\n<p>El plantel de&nbsp;<strong>River&nbsp;<\/strong>emprender\u00e1 este lunes el regreso a la Argentina desde los&nbsp;<strong>Estados Unidos<\/strong>&nbsp;en un vuelo ch\u00e1rter. Tras realizar la pretemporada en el pa\u00eds del Norte, la delegaci\u00f3n<em>&nbsp;Millonaria<\/em>&nbsp;aterrizar\u00e1 en Buenos Aires y&nbsp;<strong>todos sus integrantes deber\u00e1n iniciar un aislamiento de manera obligatoria<\/strong>&nbsp;como parte de las medidas impuestas por el Gobierno nacional para quienes llegan del exterior en el marco de la pandemia de coronavirus.<\/p>\n\n\n\n<p>Esta cuarentena modifica los planes originales del conjunto de N\u00fa\u00f1ez, que&nbsp;cuando vol\u00f3 hacia Orlando hab\u00eda acordado otras condiciones con las autoridades.&nbsp;Los dirigidos por&nbsp;<strong>Marcelo Gallardo&nbsp;<\/strong>tendr\u00e1n su primer compromiso oficial del semestre el pr\u00f3ximo mi\u00e9rcoles de 14 de julio, a las 21.30, ante&nbsp;<strong>Argentinos Juniors&nbsp;<\/strong>por la ida de los octavos de final de la<strong>&nbsp;Copa Libertadores.<\/strong><\/p>\n\n\n\n<p>\u201cYo siempre estoy de acuerdo con las decisiones que toma el ministerio de Salud.&nbsp;<strong>En esto hay que darle la derecha y encolumnarse detr\u00e1s de lo que diga la ministra de Salud<\/strong>, que es quien entiende del tema\u201d, dijo este lunes el ministro de Turismo y Deporte,&nbsp;<strong>Mat\u00edas Lammens<\/strong>, a la hora de confirmar que<strong>&nbsp;todos los integrantes del plantel de River deber\u00e1n cumplir con el aislamiento obligatorio al pisar suelo argentino.<\/strong>&nbsp;El funcionario sostuvo, adem\u00e1s, que en las \u00faltimas horas ha mantenido conversaciones con el presidente de River,&nbsp;<strong>Rodolfo D\u2019Onofrio.<\/strong><\/p>\n\n\n\n<figure class=\"wp-block-image size-large\"><a href=\"https:\/\/i0.wp.com\/elterritorialweb.com.ar\/web\/wp-content\/uploads\/2021\/07\/E5YXscxXEAE9l8r.jpeg\"><img data-recalc-dims=\"1\" decoding=\"async\" width=\"510\" height=\"245\" data-src=\"https:\/\/i0.wp.com\/elterritorialweb.com.ar\/web\/wp-content\/uploads\/2021\/07\/E5YXscxXEAE9l8r.jpeg?resize=510%2C245\" alt=\"\" class=\"wp-image-24104 lazyload\" data-srcset=\"https:\/\/i0.wp.com\/elterritorialweb.com.ar\/web\/wp-content\/uploads\/2021\/07\/E5YXscxXEAE9l8r.jpeg?w=510&amp;ssl=1 510w, https:\/\/i0.wp.com\/elterritorialweb.com.ar\/web\/wp-content\/uploads\/2021\/07\/E5YXscxXEAE9l8r.jpeg?resize=300%2C144&amp;ssl=1 300w\" data-sizes=\"(max-width: 510px) 100vw, 510px\" src=\"data:image\/svg+xml;base64,PHN2ZyB3aWR0aD0iMSIgaGVpZ2h0PSIxIiB4bWxucz0iaHR0cDovL3d3dy53My5vcmcvMjAwMC9zdmciPjwvc3ZnPg==\" style=\"--smush-placeholder-width: 510px; --smush-placeholder-aspect-ratio: 510\/245;\" \/><\/a><\/figure>\n\n\n\n<p>Respecto de las razones que llevaron al Gobierno nacional a cambiar las condiciones pautadas respecto del regreso del Millonario, explic\u00f3: \u201cEl ministerio de Salud aduce, en principio,&nbsp;<strong>que no fueron a una competencia oficial y que no estuvieron en burbuja en Estados Unidos.<\/strong>&nbsp;El criterio para no cumplir el aislamiento a la vuelta es si cumplen el concepto de burbuja en el cual no entran en contacto con otra gente fuera del plantel, y eso no pas\u00f3 en Estados Unidos\u201d.<\/p>\n\n\n\n<p>\u201c<strong>Este aislamiento no les va a impedir seguir trabajando.<\/strong>&nbsp;Van a estar en un hotel, del hotel van a ir al entrenamiento y del entrenamiento al hotel sin entrar en contacto con otra gente\u201d, recalc\u00f3 en di\u00e1logo con&nbsp;<em>Radio La Red<\/em>&nbsp;Lammens, quien consider\u00f3 que \u201cse encontr\u00f3 una soluci\u00f3n sensata\u201d, la cual \u201chace que no se corra ning\u00fan riesgo\u201d.<\/p>\n\n\n\n<p>Y, a la hora de marcar las diferencias respecto de lo que ocurre con la<strong>\u00a0selecci\u00f3n argentina<\/strong>\u00a0y sus viajes a\u00a0<strong>Brasil\u00a0<\/strong>para disputar la\u00a0<strong>Copa Am\u00e9rica,<\/strong>\u00a0precis\u00f3: \u201cEl seleccionado argentino cuando juega en Brasil llega al hotel, de ah\u00ed va el entrenamiento, hace t\u00e1ctico y<strong>\u00a0se vuelve al hotel sin entrar en contacto con nadie<\/strong>. Eso fue lo que hizo que Salud decidiera este tipo de aislamiento con el plantel de River\u201d.<\/p>\n\n\n\n<figure class=\"wp-block-image size-large\"><a href=\"https:\/\/i0.wp.com\/elterritorialweb.com.ar\/web\/wp-content\/uploads\/2021\/07\/E5TzVp6XwAEtiSI.jpeg\"><img data-recalc-dims=\"1\" decoding=\"async\" width=\"640\" height=\"426\" data-src=\"https:\/\/i0.wp.com\/elterritorialweb.com.ar\/web\/wp-content\/uploads\/2021\/07\/E5TzVp6XwAEtiSI.jpeg?resize=640%2C426\" alt=\"\" class=\"wp-image-24103 lazyload\" data-srcset=\"https:\/\/i0.wp.com\/elterritorialweb.com.ar\/web\/wp-content\/uploads\/2021\/07\/E5TzVp6XwAEtiSI.jpeg?w=680&amp;ssl=1 680w, https:\/\/i0.wp.com\/elterritorialweb.com.ar\/web\/wp-content\/uploads\/2021\/07\/E5TzVp6XwAEtiSI.jpeg?resize=300%2C200&amp;ssl=1 300w\" data-sizes=\"(max-width: 640px) 100vw, 640px\" src=\"data:image\/svg+xml;base64,PHN2ZyB3aWR0aD0iMSIgaGVpZ2h0PSIxIiB4bWxucz0iaHR0cDovL3d3dy53My5vcmcvMjAwMC9zdmciPjwvc3ZnPg==\" style=\"--smush-placeholder-width: 640px; --smush-placeholder-aspect-ratio: 640\/426;\" \/><\/a><\/figure>\n\n\n\n<p><strong>Desde River, sin embargo, se\u00f1alaron que el Gobierno siempre estuvo al tanto que los trabajos del plantel en Estados Unidos no se iban a desarrollar en formato de burbuja<\/strong>&nbsp;y que iba a haber interacciones contras personas. De antemano las autoridades hab\u00edan acordado que a su regreso el grupo no tendr\u00eda que hacer aislamiento teniendo en cuenta que el 85% de sus integrantes ya hab\u00edan atravesado el covid-19, que todos ya hab\u00edan sido vacunados y que volv\u00edan con PCR negativo. A esas condiciones se sumo la contrataci\u00f3n de un vuelo ch\u00e1rter, exclusivo para el equipo.<\/p>\n\n\n\n<p>Pero ese acuerdo se cay\u00f3 este fin de semana cuando<strong>&nbsp;el Gobierno nacional emiti\u00f3 un documento oficial en el cual \u201cdesestim\u00f3 el requerimiento de excepci\u00f3n\u201d para jugadores, cuerpo t\u00e9cnico, dirigentes y allegados, y dispuso un cambio que modifica sustancialmente los planes del elenco de Gallardo&nbsp;<\/strong>en el tramo final de la preparaci\u00f3n antes de que arranque la competencia oficial.<\/p>\n","protected":false},"excerpt":{"rendered":"<p>El ministro de Turismo y Deporte dio detalles de c\u00f3mo ser\u00e1 la cuarentena que deber\u00e1 cumplir la delegaci\u00f3n Millonaria una vez que aterrice en Argentina<\/p>\n","protected":false},"author":2,"featured_media":24105,"comment_status":"open","ping_status":"open","sticky":false,"template":"","format":"standard","meta":{"om_disable_all_campaigns":false,"_monsterinsights_skip_tracking":false,"_monsterinsights_sitenote_active":false,"_monsterinsights_sitenote_note":"","_monsterinsights_sitenote_category":0,"_uf_show_specific_survey":0,"_uf_disable_surveys":false,"jetpack_post_was_ever_published":false,"_jetpack_newsletter_access":"","_jetpack_dont_email_post_to_subs":false,"_jetpack_newsletter_tier_id":0,"_jetpack_memberships_contains_paywalled_content":false,"_jetpack_memberships_contains_paid_content":false,"footnotes":"","jetpack_publicize_message":"","jetpack_publicize_feature_enabled":true,"jetpack_social_post_already_shared":false,"jetpack_social_options":{"image_generator_settings":{"template":"highway","default_image_id":0,"font":"","enabled":false},"version":2}},"categories":[6],"tags":[],"class_list":["post-24102","post","type-post","status-publish","format-standard","has-post-thumbnail","hentry","category-deportes"],"aioseo_notices":[],"views":9,"jetpack_publicize_connections":[],"jetpack_featured_media_url":"https:\/\/i0.wp.com\/elterritorialweb.com.ar\/web\/wp-content\/uploads\/2021\/07\/E5iZqrOXIAYQhzU.jpeg?fit=600%2C436&ssl=1","jetpack_sharing_enabled":true,"_links":{"self":[{"href":"https:\/\/elterritorialweb.com.ar\/web\/wp-json\/wp\/v2\/posts\/24102","targetHints":{"allow":["GET"]}}],"collection":[{"href":"https:\/\/elterritorialweb.com.ar\/web\/wp-json\/wp\/v2\/posts"}],"about":[{"href":"https:\/\/elterritorialweb.com.ar\/web\/wp-json\/wp\/v2\/types\/post"}],"author":[{"embeddable":true,"href":"https:\/\/elterritorialweb.com.ar\/web\/wp-json\/wp\/v2\/users\/2"}],"replies":[{"embeddable":true,"href":"https:\/\/elterritorialweb.com.ar\/web\/wp-json\/wp\/v2\/comments?post=24102"}],"version-history":[{"count":1,"href":"https:\/\/elterritorialweb.com.ar\/web\/wp-json\/wp\/v2\/posts\/24102\/revisions"}],"predecessor-version":[{"id":24106,"href":"https:\/\/elterritorialweb.com.ar\/web\/wp-json\/wp\/v2\/posts\/24102\/revisions\/24106"}],"wp:featuredmedia":[{"embeddable":true,"href":"https:\/\/elterritorialweb.com.ar\/web\/wp-json\/wp\/v2\/media\/24105"}],"wp:attachment":[{"href":"https:\/\/elterritorialweb.com.ar\/web\/wp-json\/wp\/v2\/media?parent=24102"}],"wp:term":[{"taxonomy":"category","embeddable":true,"href":"https:\/\/elterritorialweb.com.ar\/web\/wp-json\/wp\/v2\/categories?post=24102"},{"taxonomy":"post_tag","embeddable":true,"href":"https:\/\/elterritorialweb.com.ar\/web\/wp-json\/wp\/v2\/tags?post=24102"}],"curies":[{"name":"wp","href":"https:\/\/api.w.org\/{rel}","templated":true}]}}