{"id":24110,"date":"2021-07-06T00:31:05","date_gmt":"2021-07-06T00:31:05","guid":{"rendered":"http:\/\/elterritorialweb.com.ar\/web\/?p=24110"},"modified":"2021-07-06T00:31:06","modified_gmt":"2021-07-06T00:31:06","slug":"17-277-nuevos-casos-de-covid-19-en-un-dia-con-un-total-de-4-552-750-infectados-en-argentina","status":"publish","type":"post","link":"https:\/\/elterritorialweb.com.ar\/web\/17-277-nuevos-casos-de-covid-19-en-un-dia-con-un-total-de-4-552-750-infectados-en-argentina\/","title":{"rendered":"17.277 NUEVOS CASOS DE COVID-19 EN UN D\u00cdA, CON UN TOTAL DE 4.552.750 INFECTADOS EN ARGENTINA"},"content":{"rendered":"\n<p>El Ministerio de Salud inform\u00f3 este lunes&nbsp;<strong>17.277 nuevos casos<\/strong>&nbsp;y&nbsp;<strong>621 muertes<\/strong>&nbsp;por&nbsp;coronavirus&nbsp;en las \u00faltimas 24 horas. Seg\u00fan las cifras del reporte diario, ya son 4.552.750 los casos confirmados y&nbsp;<strong>96.521&nbsp;<\/strong>los muertos en la Argentina. Los casos activos, en tanto, suman&nbsp;<strong>280.373&nbsp;<\/strong>y las personas dadas de alta totalizan&nbsp;<strong>4.175.856<\/strong>.<\/p>\n\n\n\n<p>De los 621 fallecidos reportados,&nbsp;<strong>358 son hombres y 260 mujeres.<\/strong>&nbsp;Mientras que otras tres personas fueron registradas sin datos de sexo: dos en la provincia de Buenos Aires y una en Neuqu\u00e9n.<\/p>\n\n\n\n<div class=\"infogram-embed\" data-id=\"09886bfe-6728-477a-b639-3e6b4ba92211\" data-type=\"interactive\" data-title=\"Curva\"><\/div><script>!function(e,i,n,s){var t=\"InfogramEmbeds\",d=e.getElementsByTagName(\"script\")[0];if(window[t]&&window[t].initialized)window[t].process&&window[t].process();else if(!e.getElementById(n)){var o=e.createElement(\"script\");o.async=1,o.id=n,o.src=\"https:\/\/e.infogram.com\/js\/dist\/embed-loader-min.js\",d.parentNode.insertBefore(o,d)}}(document,0,\"infogram-async\");<\/script>\n\n\n\n<p>Adem\u00e1s, los pacientes que permanecen internados con&nbsp;<a href=\"https:\/\/tn.com.ar\/tags\/covid-19\/\" target=\"_blank\" rel=\"noreferrer noopener\">Covid-19<\/a>&nbsp;en las distintas unidades de terapia intensiva (UTI) del pa\u00eds son&nbsp;<strong>5607<\/strong>. Mientras que el porcentaje de ocupaci\u00f3n total de camas en las UTI adulto es del&nbsp;<strong>64,9%&nbsp;<\/strong>a nivel nacional y del&nbsp;<strong>62,5%<\/strong>&nbsp;en el denominado \u00c1rea Metropolitana de Buenos Aires (AMBA).<\/p>\n\n\n\n<p>La cartera sanitaria tambi\u00e9n indic\u00f3 que se realizaron en las \u00faltimas 24 horas&nbsp;<strong>73.339 testeos<\/strong>&nbsp;y que, desde el inicio de la pandemia, ascienden a 17.103.226 las pruebas diagn\u00f3sticas realizadas.En las \u00faltimas 24 horas se registraron en&nbsp;<strong>la provincia de Buenos Aires 5260 casos;<\/strong>&nbsp;en la Ciudad de Buenos Aires, 2092; en Catamarca, 279; en Chaco, 420; en Chubut, 151; en Corrientes, 317; en C\u00f3rdoba, 2102; en Entre R\u00edos, 582; en Formosa, 294; en Jujuy, 279; en La Pampa, 323; en La Rioja, 238; en Mendoza, 562; en Misiones, 153; en Neuqu\u00e9n, 224; en R\u00edo Negro, 238; en Salta, 457; en San Juan, 411; en San Luis, 260; en Santa Cruz, 97; en Santa Fe, 1300; en Santiago del Estero, 406; Tierra del Fuego, 43; y en Tucum\u00e1n, 1789.<\/p>\n\n\n\n<div class=\"infogram-embed\" data-id=\"2428bee6-65e0-47b5-8fe1-38d4767febd8\" data-type=\"interactive\" data-title=\"Mapa\"><\/div><script>!function(e,i,n,s){var t=\"InfogramEmbeds\",d=e.getElementsByTagName(\"script\")[0];if(window[t]&&window[t].initialized)window[t].process&&window[t].process();else if(!e.getElementById(n)){var o=e.createElement(\"script\");o.async=1,o.id=n,o.src=\"https:\/\/e.infogram.com\/js\/dist\/embed-loader-min.js\",d.parentNode.insertBefore(o,d)}}(document,0,\"infogram-async\");<\/script>\n","protected":false},"excerpt":{"rendered":"<p>Con estas cifras, ya son 4.552.750 los casos positivos y 96.521 las v\u00edctimas fatales desde el inicio de la pandemia. La ocupaci\u00f3n de camas de terapia intensiva 5607.<\/p>\n","protected":false},"author":2,"featured_media":24111,"comment_status":"open","ping_status":"open","sticky":false,"template":"","format":"standard","meta":{"om_disable_all_campaigns":false,"_monsterinsights_skip_tracking":false,"_monsterinsights_sitenote_active":false,"_monsterinsights_sitenote_note":"","_monsterinsights_sitenote_category":0,"_uf_show_specific_survey":0,"_uf_disable_surveys":false,"jetpack_post_was_ever_published":false,"_jetpack_newsletter_access":"","_jetpack_dont_email_post_to_subs":false,"_jetpack_newsletter_tier_id":0,"_jetpack_memberships_contains_paywalled_content":false,"_jetpack_memberships_contains_paid_content":false,"footnotes":"","jetpack_publicize_message":"","jetpack_publicize_feature_enabled":true,"jetpack_social_post_already_shared":false,"jetpack_social_options":{"image_generator_settings":{"template":"highway","default_image_id":0,"font":"","enabled":false},"version":2}},"categories":[3],"tags":[],"class_list":["post-24110","post","type-post","status-publish","format-standard","has-post-thumbnail","hentry","category-salud"],"aioseo_notices":[],"views":7,"jetpack_publicize_connections":[],"jetpack_featured_media_url":"https:\/\/i0.wp.com\/elterritorialweb.com.ar\/web\/wp-content\/uploads\/2021\/07\/E5KBb96UYAAw2oR.jpeg?fit=680%2C357&ssl=1","jetpack_sharing_enabled":true,"_links":{"self":[{"href":"https:\/\/elterritorialweb.com.ar\/web\/wp-json\/wp\/v2\/posts\/24110","targetHints":{"allow":["GET"]}}],"collection":[{"href":"https:\/\/elterritorialweb.com.ar\/web\/wp-json\/wp\/v2\/posts"}],"about":[{"href":"https:\/\/elterritorialweb.com.ar\/web\/wp-json\/wp\/v2\/types\/post"}],"author":[{"embeddable":true,"href":"https:\/\/elterritorialweb.com.ar\/web\/wp-json\/wp\/v2\/users\/2"}],"replies":[{"embeddable":true,"href":"https:\/\/elterritorialweb.com.ar\/web\/wp-json\/wp\/v2\/comments?post=24110"}],"version-history":[{"count":1,"href":"https:\/\/elterritorialweb.com.ar\/web\/wp-json\/wp\/v2\/posts\/24110\/revisions"}],"predecessor-version":[{"id":24112,"href":"https:\/\/elterritorialweb.com.ar\/web\/wp-json\/wp\/v2\/posts\/24110\/revisions\/24112"}],"wp:featuredmedia":[{"embeddable":true,"href":"https:\/\/elterritorialweb.com.ar\/web\/wp-json\/wp\/v2\/media\/24111"}],"wp:attachment":[{"href":"https:\/\/elterritorialweb.com.ar\/web\/wp-json\/wp\/v2\/media?parent=24110"}],"wp:term":[{"taxonomy":"category","embeddable":true,"href":"https:\/\/elterritorialweb.com.ar\/web\/wp-json\/wp\/v2\/categories?post=24110"},{"taxonomy":"post_tag","embeddable":true,"href":"https:\/\/elterritorialweb.com.ar\/web\/wp-json\/wp\/v2\/tags?post=24110"}],"curies":[{"name":"wp","href":"https:\/\/api.w.org\/{rel}","templated":true}]}}