{"id":24113,"date":"2021-07-06T01:06:54","date_gmt":"2021-07-06T01:06:54","guid":{"rendered":"http:\/\/elterritorialweb.com.ar\/web\/?p=24113"},"modified":"2021-07-06T01:06:55","modified_gmt":"2021-07-06T01:06:55","slug":"palacios-alvarenga-estamos-preparados-para-la-revancha","status":"publish","type":"post","link":"https:\/\/elterritorialweb.com.ar\/web\/palacios-alvarenga-estamos-preparados-para-la-revancha\/","title":{"rendered":"PALACIOS ALVARENGA: \u00abESTAMOS PREPARADOS PARA LA REVANCHA\u00bb"},"content":{"rendered":"\n<p>Con el objetivo de revertir la situaci\u00f3n actual, el delantero Pablo Palacios Alvarenga analiz\u00f3 el momento que atraviesa el equipo y expres\u00f3:<\/p>\n\n\n\n<p>\u00abEs un momento dif\u00edcil, de esto se sale trabajando y estamos en eso. Lo veo bien al equipo, ya planificamos el partido ante Atlanta que va a ser muy importante. Hoy no me toca estar por la expulsi\u00f3n, tengo que cumplir una fecha m\u00e1s pero estamos bien y entusiasmado a la espera del nuevo cuerpo t\u00e9cnico\u00bb, comenz\u00f3 diciendo el delantero.<\/p>\n\n\n\n<p>\u00abLos resultados no se dieron por muchos factores, tenemos equipo, la suerte quiz\u00e1 no nos acompa\u00f1\u00f3 pero no es excusa, de esto se sale trabajando, tenemos la posibilidad de incorporar 4 jugadores y all\u00ed tenemos que acertar\u00bb, expres\u00f3 el goleador.<\/p>\n\n\n\n<p>\u00abMe sorprendi\u00f3 la salida de algunos jugadores, pero el grupo est\u00e1 bien, vamos a incorporar y eso es importante, hay que seguir porque esto es muy largo y estamos preparados para la revancha. El s\u00e1bado es una prueba importante, luego nos enfocaremos en el \u00faltimo partido contra Chacarita y haremos borr\u00f3n y cuenta nueva. La pr\u00f3xima rueda va a ser un mini campeonato y all\u00ed tendremos que dar lo mejor\u00bb, concluy\u00f3 Alvarenga.<\/p>\n","protected":false},"excerpt":{"rendered":"<p>A la espera de la confirmaci\u00f3n de un nuevo cuerpo t\u00e9cnico, el plantel profesional de Mitre se entrena intensamente de cara a los \u00faltimos compromisos de la rueda inicial de la Primera Nacional. <\/p>\n","protected":false},"author":2,"featured_media":24114,"comment_status":"open","ping_status":"open","sticky":false,"template":"","format":"standard","meta":{"om_disable_all_campaigns":false,"_monsterinsights_skip_tracking":false,"_monsterinsights_sitenote_active":false,"_monsterinsights_sitenote_note":"","_monsterinsights_sitenote_category":0,"_uf_show_specific_survey":0,"_uf_disable_surveys":false,"jetpack_post_was_ever_published":false,"_jetpack_newsletter_access":"","_jetpack_dont_email_post_to_subs":false,"_jetpack_newsletter_tier_id":0,"_jetpack_memberships_contains_paywalled_content":false,"_jetpack_memberships_contains_paid_content":false,"footnotes":"","jetpack_publicize_message":"","jetpack_publicize_feature_enabled":true,"jetpack_social_post_already_shared":false,"jetpack_social_options":{"image_generator_settings":{"template":"highway","default_image_id":0,"font":"","enabled":false},"version":2}},"categories":[6],"tags":[],"class_list":["post-24113","post","type-post","status-publish","format-standard","has-post-thumbnail","hentry","category-deportes"],"aioseo_notices":[],"views":4,"jetpack_publicize_connections":[],"jetpack_featured_media_url":"https:\/\/i0.wp.com\/elterritorialweb.com.ar\/web\/wp-content\/uploads\/2021\/07\/18-210.jpg?fit=750%2C455&ssl=1","jetpack_sharing_enabled":true,"_links":{"self":[{"href":"https:\/\/elterritorialweb.com.ar\/web\/wp-json\/wp\/v2\/posts\/24113","targetHints":{"allow":["GET"]}}],"collection":[{"href":"https:\/\/elterritorialweb.com.ar\/web\/wp-json\/wp\/v2\/posts"}],"about":[{"href":"https:\/\/elterritorialweb.com.ar\/web\/wp-json\/wp\/v2\/types\/post"}],"author":[{"embeddable":true,"href":"https:\/\/elterritorialweb.com.ar\/web\/wp-json\/wp\/v2\/users\/2"}],"replies":[{"embeddable":true,"href":"https:\/\/elterritorialweb.com.ar\/web\/wp-json\/wp\/v2\/comments?post=24113"}],"version-history":[{"count":1,"href":"https:\/\/elterritorialweb.com.ar\/web\/wp-json\/wp\/v2\/posts\/24113\/revisions"}],"predecessor-version":[{"id":24115,"href":"https:\/\/elterritorialweb.com.ar\/web\/wp-json\/wp\/v2\/posts\/24113\/revisions\/24115"}],"wp:featuredmedia":[{"embeddable":true,"href":"https:\/\/elterritorialweb.com.ar\/web\/wp-json\/wp\/v2\/media\/24114"}],"wp:attachment":[{"href":"https:\/\/elterritorialweb.com.ar\/web\/wp-json\/wp\/v2\/media?parent=24113"}],"wp:term":[{"taxonomy":"category","embeddable":true,"href":"https:\/\/elterritorialweb.com.ar\/web\/wp-json\/wp\/v2\/categories?post=24113"},{"taxonomy":"post_tag","embeddable":true,"href":"https:\/\/elterritorialweb.com.ar\/web\/wp-json\/wp\/v2\/tags?post=24113"}],"curies":[{"name":"wp","href":"https:\/\/api.w.org\/{rel}","templated":true}]}}