{"id":24116,"date":"2021-07-06T02:45:51","date_gmt":"2021-07-06T02:45:51","guid":{"rendered":"http:\/\/elterritorialweb.com.ar\/web\/?p=24116"},"modified":"2021-07-06T02:45:52","modified_gmt":"2021-07-06T02:45:52","slug":"coronavirus-en-santiago-se-confirmaron-215-casos-positivos-en-la-provincia","status":"publish","type":"post","link":"https:\/\/elterritorialweb.com.ar\/web\/coronavirus-en-santiago-se-confirmaron-215-casos-positivos-en-la-provincia\/","title":{"rendered":"CORONAVIRUS EN SANTIAGO: SE CONFIRMARON 215 CASOS POSITIVOS EN LA PROVINCIA"},"content":{"rendered":"\n<p>Se recuperaron ochocientos ochenta y cinco (885) casos, por lo que son cuarenta y nueve mil setenta y dos (49.072) los casos recuperados en la provincia<br><\/p>\n\n\n\n<p><strong>Se notificaron en el d\u00eda de hoy siete (7) personas fallecidas con diagn\u00f3stico de COVID-19 activo. Una mujer de 77 a\u00f1os del Dpto Robles y un hombre de 53 a\u00f1os del Dpto Robles que estaba internado en el Hospital Neumonol\u00f3gico. Un hombre de 61 a\u00f1os que estaba internado en el Hospital Independencia. Una mujer de 41 a\u00f1os con antecedentes de obesidad que estaba internada en el Hospital Regional. Un hombre de 63 a\u00f1os que estaba internado en el CIS Banda. Un hombre de 50 a\u00f1os del Dpto Banda y un hombre de 69 a\u00f1os del Dpto Choya con antecedentes de EPOC, internado en una cl\u00ednica privada.<br><\/strong><\/p>\n\n\n\n<p>Hay un total de ochocientos cinco (805) personas positivas fallecidas en la provincia<br><\/p>\n\n\n\n<p>Se procesaron un total de ochocientos noventa y un (891) muestras el d\u00eda de hoy.<br><\/p>\n\n\n\n<p><strong>Se confirmaron doscientos quince (215) casos, Santiago Banda (118) e interior de la provincia (97) distribuidos de la siguiente manera: Abra Grande 2; Argentina 1; Arraga 1; Averias 1; Bandera 2; Campo Gallo 5; Ca\u00f1ada de la Costa 1; Clodomira 2; Colonia Dora 2; El Arenal 2; Forres 1; Frias 1; Garza 5; Ica\u00f1o 1; La Reserva 1; Laprida 2; La Invernada 1; Lavalle 2; Linton 1; Los Pirpintos 2; Los Telares 2; Mansupa 1; Matara 2; Monte Quemado 6; Nueva Francia 1; Pampa de los Guanacos 8; Pinto 6; Pozo Hondo 1; Pozuelos 1; Quimili 2; Real Sayana 1; San Pedro 1; San Pedro de Guasayan 1; San Ram\u00f3n 1; Selva 7; Se\u00f1ora Pujio 1; Sumampa 2; Suncho Corral 1; Tala Pozo 1; Taquello 3; Termas 9; Vinara 1; Villa Mailin 2; Villa Union 2; Villa Robles 1; Yuchan 1.<\/strong><\/p>\n\n\n\n<p>Permanecen activos once mil trescientos dos (11.302) casos en la provincia.<br><\/p>\n\n\n\n<p>El total de casos positivos acumulados es de sesenta y dos mil cuatrocientos cuarenta y nueve (62.449).<br><\/p>\n\n\n\n<p>Se descartaron seiscientos setenta y seis(676) casos el d\u00eda de hoy, por lo que hay ciento setenta y seis mil novecientos diez (176.910) casos descartados a la fecha.<br><\/p>\n\n\n\n<p><strong>Importante<\/strong>: La diferencia de casos acumulados, y difundidos en el reporte nacional, obedece a diferentes horarios de carga y a santiague\u00f1os que residen en otras provincias pero que no tienen realizado el cambio de domicilio legal en su DNI. Se ha solicitado el correspondiente pedido de reclasificaci\u00f3n de los casos excedentes cargados para nuestra provincia.<br><\/p>\n\n\n\n<p>Se recuerda que TODAS las personas que son contacto estrecho de casos positivos que DEBEN realizar un AISLAMIENTO SANITARIO OBLIGATORIO de 14 d\u00edas, aunque no presenten s\u00edntomas e independientemente si fueron hisopados y su resultado fue no detectable (negativo).<br><\/p>\n\n\n\n<p>Durante el aislamiento sanitario las personas no pueden salir de su hogar ni recibir visitas y deben cumplir con las medidas de prevenci\u00f3n indicadas por las autoridades sanitarias.<br><\/p>\n\n\n\n<p>Ante la presencia de fiebre mayor o igual a 37,5\u00b0 y s\u00edntomas respiratorios como tos, dolor de garganta, dificultad para respirar, adem\u00e1s de falta de gusto y olfato de reciente aparici\u00f3n, y tambi\u00e9n cefalea, diarrea y\/o v\u00f3mitos o al haber estado en contacto con un caso confirmado, se insta a la poblaci\u00f3n a que haga un contacto de inmediato con el sistema de salud contact\u00e1ndose con su centro de salud m\u00e1s cercano o comunic\u00e1ndose al 107 y evite el contacto social<br><\/p>\n\n\n\n<p>Tambi\u00e9n se recuerda que se realiza el hisopado a los contactos estrechos de casos positivos que presenten s\u00edntomas o que tengan factores de riesgo (mayores de 60 a\u00f1os, embarazadas, inmunocomprometidos, enfermos oncol\u00f3gicos o dializados)<br><\/p>\n\n\n\n<p>Recordemos continuar respetando las medidas de distancia f\u00edsica y lavarnos frecuentemente las manos con agua y jab\u00f3n. Si necesitamos salir usemos el barbijo correctamente sin tocarlo ni tocarnos la cara.<br><\/p>\n\n\n\n<p>Respetar todos los protocolos vigentes y las actividades permitidas, y no realizar reuniones sociales o familiares evitando contacto estrecho con personas que no sean convivientes.<br><\/p>\n","protected":false},"excerpt":{"rendered":"<p>Informe del Ministerio de Salud de la provincia de Santiago del Estero.<\/p>\n","protected":false},"author":2,"featured_media":24117,"comment_status":"open","ping_status":"open","sticky":false,"template":"","format":"standard","meta":{"om_disable_all_campaigns":false,"_monsterinsights_skip_tracking":false,"_monsterinsights_sitenote_active":false,"_monsterinsights_sitenote_note":"","_monsterinsights_sitenote_category":0,"_uf_show_specific_survey":0,"_uf_disable_surveys":false,"jetpack_post_was_ever_published":false,"_jetpack_newsletter_access":"","_jetpack_dont_email_post_to_subs":false,"_jetpack_newsletter_tier_id":0,"_jetpack_memberships_contains_paywalled_content":false,"_jetpack_memberships_contains_paid_content":false,"footnotes":"","jetpack_publicize_message":"","jetpack_publicize_feature_enabled":true,"jetpack_social_post_already_shared":false,"jetpack_social_options":{"image_generator_settings":{"template":"highway","default_image_id":0,"font":"","enabled":false},"version":2}},"categories":[3],"tags":[],"class_list":["post-24116","post","type-post","status-publish","format-standard","has-post-thumbnail","hentry","category-salud"],"aioseo_notices":[],"views":5,"jetpack_publicize_connections":[],"jetpack_featured_media_url":"https:\/\/i0.wp.com\/elterritorialweb.com.ar\/web\/wp-content\/uploads\/2021\/07\/FB_IMG_1625539448062.jpg?fit=810%2C540&ssl=1","jetpack_sharing_enabled":true,"_links":{"self":[{"href":"https:\/\/elterritorialweb.com.ar\/web\/wp-json\/wp\/v2\/posts\/24116","targetHints":{"allow":["GET"]}}],"collection":[{"href":"https:\/\/elterritorialweb.com.ar\/web\/wp-json\/wp\/v2\/posts"}],"about":[{"href":"https:\/\/elterritorialweb.com.ar\/web\/wp-json\/wp\/v2\/types\/post"}],"author":[{"embeddable":true,"href":"https:\/\/elterritorialweb.com.ar\/web\/wp-json\/wp\/v2\/users\/2"}],"replies":[{"embeddable":true,"href":"https:\/\/elterritorialweb.com.ar\/web\/wp-json\/wp\/v2\/comments?post=24116"}],"version-history":[{"count":1,"href":"https:\/\/elterritorialweb.com.ar\/web\/wp-json\/wp\/v2\/posts\/24116\/revisions"}],"predecessor-version":[{"id":24118,"href":"https:\/\/elterritorialweb.com.ar\/web\/wp-json\/wp\/v2\/posts\/24116\/revisions\/24118"}],"wp:featuredmedia":[{"embeddable":true,"href":"https:\/\/elterritorialweb.com.ar\/web\/wp-json\/wp\/v2\/media\/24117"}],"wp:attachment":[{"href":"https:\/\/elterritorialweb.com.ar\/web\/wp-json\/wp\/v2\/media?parent=24116"}],"wp:term":[{"taxonomy":"category","embeddable":true,"href":"https:\/\/elterritorialweb.com.ar\/web\/wp-json\/wp\/v2\/categories?post=24116"},{"taxonomy":"post_tag","embeddable":true,"href":"https:\/\/elterritorialweb.com.ar\/web\/wp-json\/wp\/v2\/tags?post=24116"}],"curies":[{"name":"wp","href":"https:\/\/api.w.org\/{rel}","templated":true}]}}