{"id":24120,"date":"2021-07-06T03:11:29","date_gmt":"2021-07-06T03:11:29","guid":{"rendered":"http:\/\/elterritorialweb.com.ar\/web\/?p=24120"},"modified":"2021-07-06T03:11:29","modified_gmt":"2021-07-06T03:11:29","slug":"brasil-le-gano-a-peru-y-es-finalista-de-la-copa-america","status":"publish","type":"post","link":"https:\/\/elterritorialweb.com.ar\/web\/brasil-le-gano-a-peru-y-es-finalista-de-la-copa-america\/","title":{"rendered":"BRASIL LE GAN\u00d3 A PER\u00da Y ES FINALISTA DE LA COPA AM\u00c9RICA"},"content":{"rendered":"\n<p>Fue de mayor a menor y termin\u00f3 sufriendo un poco m\u00e1s de lo esperado. Sin embargo, cumpli\u00f3 con el objetivo:&nbsp;<strong>Brasil venci\u00f3 por 1-0 a Per\u00fa<\/strong>&nbsp;en el estadio Ol\u00edmpico Nilton Santos de la ciudad de R\u00edo de Janeiro y&nbsp;<strong>se clasific\u00f3 a la final de la Copa Am\u00e9rica<\/strong>. Ahora espera rival, que saldr\u00e1 del ganador del partido entre la Selecci\u00f3n argentina y Colombia del martes.<\/p>\n\n\n\n<figure class=\"wp-block-image size-large\"><a href=\"https:\/\/i0.wp.com\/elterritorialweb.com.ar\/web\/wp-content\/uploads\/2021\/07\/E5lJ1wqXwAMD6vH.jpeg\"><img data-recalc-dims=\"1\" decoding=\"async\" width=\"640\" height=\"427\" data-src=\"https:\/\/i0.wp.com\/elterritorialweb.com.ar\/web\/wp-content\/uploads\/2021\/07\/E5lJ1wqXwAMD6vH.jpeg?resize=640%2C427\" alt=\"\" class=\"wp-image-24122 lazyload\" data-srcset=\"https:\/\/i0.wp.com\/elterritorialweb.com.ar\/web\/wp-content\/uploads\/2021\/07\/E5lJ1wqXwAMD6vH.jpeg?resize=1024%2C683&amp;ssl=1 1024w, https:\/\/i0.wp.com\/elterritorialweb.com.ar\/web\/wp-content\/uploads\/2021\/07\/E5lJ1wqXwAMD6vH.jpeg?resize=300%2C200&amp;ssl=1 300w, https:\/\/i0.wp.com\/elterritorialweb.com.ar\/web\/wp-content\/uploads\/2021\/07\/E5lJ1wqXwAMD6vH.jpeg?resize=768%2C512&amp;ssl=1 768w, https:\/\/i0.wp.com\/elterritorialweb.com.ar\/web\/wp-content\/uploads\/2021\/07\/E5lJ1wqXwAMD6vH.jpeg?resize=1536%2C1024&amp;ssl=1 1536w, https:\/\/i0.wp.com\/elterritorialweb.com.ar\/web\/wp-content\/uploads\/2021\/07\/E5lJ1wqXwAMD6vH.jpeg?w=2048&amp;ssl=1 2048w, https:\/\/i0.wp.com\/elterritorialweb.com.ar\/web\/wp-content\/uploads\/2021\/07\/E5lJ1wqXwAMD6vH.jpeg?w=1280 1280w, https:\/\/i0.wp.com\/elterritorialweb.com.ar\/web\/wp-content\/uploads\/2021\/07\/E5lJ1wqXwAMD6vH.jpeg?w=1920 1920w\" data-sizes=\"(max-width: 640px) 100vw, 640px\" src=\"data:image\/svg+xml;base64,PHN2ZyB3aWR0aD0iMSIgaGVpZ2h0PSIxIiB4bWxucz0iaHR0cDovL3d3dy53My5vcmcvMjAwMC9zdmciPjwvc3ZnPg==\" style=\"--smush-placeholder-width: 640px; --smush-placeholder-aspect-ratio: 640\/427;\" \/><\/a><\/figure>\n\n\n\n<p>El \u00fanico tanto del encuentro lleg\u00f3&nbsp;<strong>a los 35 minutos del primer tiempo<\/strong>, luego de una gran maniobra Neymar y una buena definici\u00f3n de Lucas Paquet\u00e1. El resultado era justo. Hasta ese momento, el local era muy superior y merec\u00eda estar arriba en el marcador.<\/p>\n\n\n\n<figure class=\"wp-block-image size-large\"><a href=\"https:\/\/i0.wp.com\/elterritorialweb.com.ar\/web\/wp-content\/uploads\/2021\/07\/E5lJrh6XIAMIUtF-1.jpeg\"><img data-recalc-dims=\"1\" decoding=\"async\" width=\"640\" height=\"427\" data-src=\"https:\/\/i0.wp.com\/elterritorialweb.com.ar\/web\/wp-content\/uploads\/2021\/07\/E5lJrh6XIAMIUtF-1.jpeg?resize=640%2C427\" alt=\"\" class=\"wp-image-24123 lazyload\" data-srcset=\"https:\/\/i0.wp.com\/elterritorialweb.com.ar\/web\/wp-content\/uploads\/2021\/07\/E5lJrh6XIAMIUtF-1.jpeg?resize=1024%2C683&amp;ssl=1 1024w, https:\/\/i0.wp.com\/elterritorialweb.com.ar\/web\/wp-content\/uploads\/2021\/07\/E5lJrh6XIAMIUtF-1.jpeg?resize=300%2C200&amp;ssl=1 300w, https:\/\/i0.wp.com\/elterritorialweb.com.ar\/web\/wp-content\/uploads\/2021\/07\/E5lJrh6XIAMIUtF-1.jpeg?resize=768%2C512&amp;ssl=1 768w, https:\/\/i0.wp.com\/elterritorialweb.com.ar\/web\/wp-content\/uploads\/2021\/07\/E5lJrh6XIAMIUtF-1.jpeg?resize=1536%2C1025&amp;ssl=1 1536w, https:\/\/i0.wp.com\/elterritorialweb.com.ar\/web\/wp-content\/uploads\/2021\/07\/E5lJrh6XIAMIUtF-1.jpeg?w=2048&amp;ssl=1 2048w, https:\/\/i0.wp.com\/elterritorialweb.com.ar\/web\/wp-content\/uploads\/2021\/07\/E5lJrh6XIAMIUtF-1.jpeg?w=1280 1280w, https:\/\/i0.wp.com\/elterritorialweb.com.ar\/web\/wp-content\/uploads\/2021\/07\/E5lJrh6XIAMIUtF-1.jpeg?w=1920 1920w\" data-sizes=\"(max-width: 640px) 100vw, 640px\" src=\"data:image\/svg+xml;base64,PHN2ZyB3aWR0aD0iMSIgaGVpZ2h0PSIxIiB4bWxucz0iaHR0cDovL3d3dy53My5vcmcvMjAwMC9zdmciPjwvc3ZnPg==\" style=\"--smush-placeholder-width: 640px; --smush-placeholder-aspect-ratio: 640\/427;\" \/><\/a><\/figure>\n\n\n\n<p>En el complemento, la Verdeamarela se desinfl\u00f3 y permiti\u00f3 al rival volver a meterse en el partido. De hecho<strong>, los dirigidos por Ricardo Gareca generaron situaciones como para igualar la historia<\/strong>, pero las buenas respuestas de Ederson y algunas imprecisiones en los metros finales se lo impidieron.<\/p>\n\n\n\n<figure class=\"wp-block-image size-large\"><a href=\"https:\/\/i0.wp.com\/elterritorialweb.com.ar\/web\/wp-content\/uploads\/2021\/07\/E5i9TRrWQAIBerl.jpeg\"><img data-recalc-dims=\"1\" decoding=\"async\" width=\"640\" height=\"360\" data-src=\"https:\/\/i0.wp.com\/elterritorialweb.com.ar\/web\/wp-content\/uploads\/2021\/07\/E5i9TRrWQAIBerl.jpeg?resize=640%2C360\" alt=\"\" class=\"wp-image-24124 lazyload\" data-srcset=\"https:\/\/i0.wp.com\/elterritorialweb.com.ar\/web\/wp-content\/uploads\/2021\/07\/E5i9TRrWQAIBerl.jpeg?w=680&amp;ssl=1 680w, https:\/\/i0.wp.com\/elterritorialweb.com.ar\/web\/wp-content\/uploads\/2021\/07\/E5i9TRrWQAIBerl.jpeg?resize=300%2C169&amp;ssl=1 300w\" data-sizes=\"(max-width: 640px) 100vw, 640px\" src=\"data:image\/svg+xml;base64,PHN2ZyB3aWR0aD0iMSIgaGVpZ2h0PSIxIiB4bWxucz0iaHR0cDovL3d3dy53My5vcmcvMjAwMC9zdmciPjwvc3ZnPg==\" style=\"--smush-placeholder-width: 640px; --smush-placeholder-aspect-ratio: 640\/360;\" \/><\/a><\/figure>\n\n\n\n<p>Brasil, que en lo que va del certamen lleva cinco victorias y un empate, ya est\u00e1 en la final y se ilusiona con retener el t\u00edtulo conseguido en 2019, tambi\u00e9n en condici\u00f3n de local. La gran final ser\u00e1 el s\u00e1bado a las 21 en el estadio Maracan\u00e1 y solo resta conocer qui\u00e9n ser\u00e1 su rival: Argentina o Colombia.<\/p>\n","protected":false},"excerpt":{"rendered":"<p>La Verdeamarela se impuso por 1-0 gracias a un tanto de Lucas Paquet\u00e1. El s\u00e1bado definir\u00e1 la competencia ante el vencedor de la llave de Argentina y Colombia.<\/p>\n","protected":false},"author":2,"featured_media":24125,"comment_status":"open","ping_status":"open","sticky":false,"template":"","format":"standard","meta":{"om_disable_all_campaigns":false,"_monsterinsights_skip_tracking":false,"_monsterinsights_sitenote_active":false,"_monsterinsights_sitenote_note":"","_monsterinsights_sitenote_category":0,"_uf_show_specific_survey":0,"_uf_disable_surveys":false,"jetpack_post_was_ever_published":false,"_jetpack_newsletter_access":"","_jetpack_dont_email_post_to_subs":false,"_jetpack_newsletter_tier_id":0,"_jetpack_memberships_contains_paywalled_content":false,"_jetpack_memberships_contains_paid_content":false,"footnotes":"","jetpack_publicize_message":"","jetpack_publicize_feature_enabled":true,"jetpack_social_post_already_shared":false,"jetpack_social_options":{"image_generator_settings":{"template":"highway","default_image_id":0,"font":"","enabled":false},"version":2}},"categories":[6],"tags":[],"class_list":["post-24120","post","type-post","status-publish","format-standard","has-post-thumbnail","hentry","category-deportes"],"aioseo_notices":[],"views":5,"jetpack_publicize_connections":[],"jetpack_featured_media_url":"https:\/\/i0.wp.com\/elterritorialweb.com.ar\/web\/wp-content\/uploads\/2021\/07\/E5lJxbFWUAMuyan.jpeg?fit=2048%2C1365&ssl=1","jetpack_sharing_enabled":true,"_links":{"self":[{"href":"https:\/\/elterritorialweb.com.ar\/web\/wp-json\/wp\/v2\/posts\/24120","targetHints":{"allow":["GET"]}}],"collection":[{"href":"https:\/\/elterritorialweb.com.ar\/web\/wp-json\/wp\/v2\/posts"}],"about":[{"href":"https:\/\/elterritorialweb.com.ar\/web\/wp-json\/wp\/v2\/types\/post"}],"author":[{"embeddable":true,"href":"https:\/\/elterritorialweb.com.ar\/web\/wp-json\/wp\/v2\/users\/2"}],"replies":[{"embeddable":true,"href":"https:\/\/elterritorialweb.com.ar\/web\/wp-json\/wp\/v2\/comments?post=24120"}],"version-history":[{"count":1,"href":"https:\/\/elterritorialweb.com.ar\/web\/wp-json\/wp\/v2\/posts\/24120\/revisions"}],"predecessor-version":[{"id":24126,"href":"https:\/\/elterritorialweb.com.ar\/web\/wp-json\/wp\/v2\/posts\/24120\/revisions\/24126"}],"wp:featuredmedia":[{"embeddable":true,"href":"https:\/\/elterritorialweb.com.ar\/web\/wp-json\/wp\/v2\/media\/24125"}],"wp:attachment":[{"href":"https:\/\/elterritorialweb.com.ar\/web\/wp-json\/wp\/v2\/media?parent=24120"}],"wp:term":[{"taxonomy":"category","embeddable":true,"href":"https:\/\/elterritorialweb.com.ar\/web\/wp-json\/wp\/v2\/categories?post=24120"},{"taxonomy":"post_tag","embeddable":true,"href":"https:\/\/elterritorialweb.com.ar\/web\/wp-json\/wp\/v2\/tags?post=24120"}],"curies":[{"name":"wp","href":"https:\/\/api.w.org\/{rel}","templated":true}]}}