{"id":24128,"date":"2021-07-06T20:16:39","date_gmt":"2021-07-06T20:16:39","guid":{"rendered":"http:\/\/elterritorialweb.com.ar\/web\/?p=24128"},"modified":"2021-07-06T20:16:40","modified_gmt":"2021-07-06T20:16:40","slug":"frias-comenzaron-con-la-reparacion-de-la-ruta-n-6","status":"publish","type":"post","link":"https:\/\/elterritorialweb.com.ar\/web\/frias-comenzaron-con-la-reparacion-de-la-ruta-n-6\/","title":{"rendered":"FR\u00cdAS: COMENZARON CON LA REPARACI\u00d3N DE LA RUTA N\u00b0 6"},"content":{"rendered":"\n<p>La reparaci\u00f3n de esta importante v\u00eda de comunicaci\u00f3n con sudeste catamarque\u00f1o, fue gestionada por la Municipalidad de Fr\u00edas junto al Municipio de El Alto y realizado en forma conjunta con Vialidad de la Provincia de Catamarca y Vialidad de Santiago del Estero con la colaboraci\u00f3n del Municipio de nuestra ciudad.<\/p>\n\n\n\n<figure class=\"wp-block-image size-large\"><a href=\"https:\/\/i0.wp.com\/elterritorialweb.com.ar\/web\/wp-content\/uploads\/2021\/07\/FRIAS-RUTA-6-1.jpg\"><img data-recalc-dims=\"1\" decoding=\"async\" width=\"640\" height=\"427\" data-src=\"https:\/\/i0.wp.com\/elterritorialweb.com.ar\/web\/wp-content\/uploads\/2021\/07\/FRIAS-RUTA-6-1.jpg?resize=640%2C427\" alt=\"\" class=\"wp-image-24130 lazyload\" data-srcset=\"https:\/\/i0.wp.com\/elterritorialweb.com.ar\/web\/wp-content\/uploads\/2021\/07\/FRIAS-RUTA-6-1.jpg?w=960&amp;ssl=1 960w, https:\/\/i0.wp.com\/elterritorialweb.com.ar\/web\/wp-content\/uploads\/2021\/07\/FRIAS-RUTA-6-1.jpg?resize=300%2C200&amp;ssl=1 300w, https:\/\/i0.wp.com\/elterritorialweb.com.ar\/web\/wp-content\/uploads\/2021\/07\/FRIAS-RUTA-6-1.jpg?resize=768%2C512&amp;ssl=1 768w\" data-sizes=\"(max-width: 640px) 100vw, 640px\" src=\"data:image\/svg+xml;base64,PHN2ZyB3aWR0aD0iMSIgaGVpZ2h0PSIxIiB4bWxucz0iaHR0cDovL3d3dy53My5vcmcvMjAwMC9zdmciPjwvc3ZnPg==\" style=\"--smush-placeholder-width: 640px; --smush-placeholder-aspect-ratio: 640\/427;\" \/><\/a><\/figure>\n\n\n\n<p>El intendente Dr. Astor An\u00edbal Padula junto al Secretario de Obras y Servicios P\u00fablicos de la Municipalidad supervisaron los trabajos acompa\u00f1ados por representantes viales de Catamarca.<\/p>\n\n\n\n<p>Los trabajados consisten en la nivelaci\u00f3n de la calzada, colocaci\u00f3n de suelo base y perfilamiento de las banquinas, otorgando de esta manera mayor y mejor seguridad en el tr\u00e1nsito vehicular a cientos de familias que utilizan esta v\u00eda de comunicaci\u00f3n vial entre las provincias de Santiago del Estero y Catamarca.<\/p>\n\n\n\n<figure class=\"wp-block-image size-large\"><a href=\"https:\/\/i0.wp.com\/elterritorialweb.com.ar\/web\/wp-content\/uploads\/2021\/07\/FRIAS-RUTA-6-2.jpg\"><img data-recalc-dims=\"1\" decoding=\"async\" width=\"640\" height=\"427\" data-src=\"https:\/\/i0.wp.com\/elterritorialweb.com.ar\/web\/wp-content\/uploads\/2021\/07\/FRIAS-RUTA-6-2.jpg?resize=640%2C427\" alt=\"\" class=\"wp-image-24131 lazyload\" data-srcset=\"https:\/\/i0.wp.com\/elterritorialweb.com.ar\/web\/wp-content\/uploads\/2021\/07\/FRIAS-RUTA-6-2.jpg?w=960&amp;ssl=1 960w, https:\/\/i0.wp.com\/elterritorialweb.com.ar\/web\/wp-content\/uploads\/2021\/07\/FRIAS-RUTA-6-2.jpg?resize=300%2C200&amp;ssl=1 300w, https:\/\/i0.wp.com\/elterritorialweb.com.ar\/web\/wp-content\/uploads\/2021\/07\/FRIAS-RUTA-6-2.jpg?resize=768%2C512&amp;ssl=1 768w\" data-sizes=\"(max-width: 640px) 100vw, 640px\" src=\"data:image\/svg+xml;base64,PHN2ZyB3aWR0aD0iMSIgaGVpZ2h0PSIxIiB4bWxucz0iaHR0cDovL3d3dy53My5vcmcvMjAwMC9zdmciPjwvc3ZnPg==\" style=\"--smush-placeholder-width: 640px; --smush-placeholder-aspect-ratio: 640\/427;\" \/><\/a><\/figure>\n\n\n\n<p>Es necesario destacar el trabajo articulado de los Gobiernos de Santiago del Estero y Catamarca a trav\u00e9s de las \u00e1reas de Vialidad de cada una de las provincias, quienes junto al Municipio de la Ciudad de Fr\u00edas trabajan, acompa\u00f1an y dan soluciones a todos los vecinos de las localidades que une est\u00e1 ruta provincial.<\/p>\n","protected":false},"excerpt":{"rendered":"<p>Tal como se anticip\u00f3 d\u00edas pasados, esta semana se iniciaron los trabajos de reparaci\u00f3n de la ruta N\u00b0 6 que une la ciudad de Fr\u00edas con la localidad de El Albigasta (Catamarca) por calle Mart\u00edn Fierro prolongaci\u00f3n.<\/p>\n","protected":false},"author":2,"featured_media":24129,"comment_status":"open","ping_status":"open","sticky":false,"template":"","format":"standard","meta":{"om_disable_all_campaigns":false,"_monsterinsights_skip_tracking":false,"_monsterinsights_sitenote_active":false,"_monsterinsights_sitenote_note":"","_monsterinsights_sitenote_category":0,"_uf_show_specific_survey":0,"_uf_disable_surveys":false,"jetpack_post_was_ever_published":false,"_jetpack_newsletter_access":"","_jetpack_dont_email_post_to_subs":false,"_jetpack_newsletter_tier_id":0,"_jetpack_memberships_contains_paywalled_content":false,"_jetpack_memberships_contains_paid_content":false,"footnotes":"","jetpack_publicize_message":"","jetpack_publicize_feature_enabled":true,"jetpack_social_post_already_shared":false,"jetpack_social_options":{"image_generator_settings":{"template":"highway","default_image_id":0,"font":"","enabled":false},"version":2}},"categories":[21],"tags":[],"class_list":["post-24128","post","type-post","status-publish","format-standard","has-post-thumbnail","hentry","category-locales"],"aioseo_notices":[],"views":9,"jetpack_publicize_connections":[],"jetpack_featured_media_url":"https:\/\/i0.wp.com\/elterritorialweb.com.ar\/web\/wp-content\/uploads\/2021\/07\/FRIAS-RUTA-6.jpg?fit=960%2C640&ssl=1","jetpack_sharing_enabled":true,"_links":{"self":[{"href":"https:\/\/elterritorialweb.com.ar\/web\/wp-json\/wp\/v2\/posts\/24128","targetHints":{"allow":["GET"]}}],"collection":[{"href":"https:\/\/elterritorialweb.com.ar\/web\/wp-json\/wp\/v2\/posts"}],"about":[{"href":"https:\/\/elterritorialweb.com.ar\/web\/wp-json\/wp\/v2\/types\/post"}],"author":[{"embeddable":true,"href":"https:\/\/elterritorialweb.com.ar\/web\/wp-json\/wp\/v2\/users\/2"}],"replies":[{"embeddable":true,"href":"https:\/\/elterritorialweb.com.ar\/web\/wp-json\/wp\/v2\/comments?post=24128"}],"version-history":[{"count":1,"href":"https:\/\/elterritorialweb.com.ar\/web\/wp-json\/wp\/v2\/posts\/24128\/revisions"}],"predecessor-version":[{"id":24132,"href":"https:\/\/elterritorialweb.com.ar\/web\/wp-json\/wp\/v2\/posts\/24128\/revisions\/24132"}],"wp:featuredmedia":[{"embeddable":true,"href":"https:\/\/elterritorialweb.com.ar\/web\/wp-json\/wp\/v2\/media\/24129"}],"wp:attachment":[{"href":"https:\/\/elterritorialweb.com.ar\/web\/wp-json\/wp\/v2\/media?parent=24128"}],"wp:term":[{"taxonomy":"category","embeddable":true,"href":"https:\/\/elterritorialweb.com.ar\/web\/wp-json\/wp\/v2\/categories?post=24128"},{"taxonomy":"post_tag","embeddable":true,"href":"https:\/\/elterritorialweb.com.ar\/web\/wp-json\/wp\/v2\/tags?post=24128"}],"curies":[{"name":"wp","href":"https:\/\/api.w.org\/{rel}","templated":true}]}}