{"id":24133,"date":"2021-07-06T20:23:31","date_gmt":"2021-07-06T20:23:31","guid":{"rendered":"http:\/\/elterritorialweb.com.ar\/web\/?p=24133"},"modified":"2021-07-06T20:23:32","modified_gmt":"2021-07-06T20:23:32","slug":"el-mercado-union-celebra-sus-110-anos-junto-a-los-bandenos","status":"publish","type":"post","link":"https:\/\/elterritorialweb.com.ar\/web\/el-mercado-union-celebra-sus-110-anos-junto-a-los-bandenos\/","title":{"rendered":"EL MERCADO UNI\u00d3N CELEBRA SUS 110 A\u00d1OS JUNTO A LOS BANDE\u00d1OS"},"content":{"rendered":"\n<p>La directora de la entidad, Teresa Lobo, expres\u00f3 su alegr\u00eda y se refiri\u00f3 al orgullo que se siente ser parte de un edificio hist\u00f3rico y que tiene tanto valor cultural para la \u201cCuna de poetas y cantores.<\/p>\n\n\n\n<p>Adem\u00e1s, explic\u00f3 que, \u201cesta celebraci\u00f3n ser\u00e1 distinta por segundo a\u00f1o consecutivo por la pandemia del Coronavirus, pero que&nbsp;&nbsp;de igual forma cantaremos entre todos el cumplea\u00f1os feliz y se realizaran sorteos incentivando las ventas y compras en el mercado\u201d.<\/p>\n\n\n\n<p>Asimismo, Lobos remarc\u00f3 la importancia del trabajo diario de los puesteros y de cada empleado municipal para seguir adelante en un lugar que no solo aporta y revaloriza&nbsp;&nbsp;los productos locales, sino que tambi\u00e9n lleva a la memoria encuentros y an\u00e9cdotas&nbsp;&nbsp;manteniendo viva la cultura y la historia de la ciudad.<\/p>\n\n\n\n<p>Cabe destacar, que durante toda la semana se realizaran sorpresas&nbsp;&nbsp;e incentivos para fomentar la visita al gran Mercado Uni\u00f3n.<\/p>\n","protected":false},"excerpt":{"rendered":"<p>Como todos los  9 de Julio, el emblem\u00e1tico Mercado Uni\u00f3n, cumple  un a\u00f1o m\u00e1s de vida; en esta oportunidad, 110 a\u00f1os siendo el principal centro comercial de la ciudad de La Banda.<\/p>\n","protected":false},"author":2,"featured_media":24134,"comment_status":"open","ping_status":"open","sticky":false,"template":"","format":"standard","meta":{"om_disable_all_campaigns":false,"_monsterinsights_skip_tracking":false,"_monsterinsights_sitenote_active":false,"_monsterinsights_sitenote_note":"","_monsterinsights_sitenote_category":0,"_uf_show_specific_survey":0,"_uf_disable_surveys":false,"jetpack_post_was_ever_published":false,"_jetpack_newsletter_access":"","_jetpack_dont_email_post_to_subs":false,"_jetpack_newsletter_tier_id":0,"_jetpack_memberships_contains_paywalled_content":false,"_jetpack_memberships_contains_paid_content":false,"footnotes":"","jetpack_publicize_message":"","jetpack_publicize_feature_enabled":true,"jetpack_social_post_already_shared":false,"jetpack_social_options":{"image_generator_settings":{"template":"highway","default_image_id":0,"font":"","enabled":false},"version":2}},"categories":[21],"tags":[],"class_list":["post-24133","post","type-post","status-publish","format-standard","has-post-thumbnail","hentry","category-locales"],"aioseo_notices":[],"views":8,"jetpack_publicize_connections":[],"jetpack_featured_media_url":"https:\/\/i0.wp.com\/elterritorialweb.com.ar\/web\/wp-content\/uploads\/2021\/07\/MERCADO-UNION.jpg?fit=500%2C261&ssl=1","jetpack_sharing_enabled":true,"_links":{"self":[{"href":"https:\/\/elterritorialweb.com.ar\/web\/wp-json\/wp\/v2\/posts\/24133","targetHints":{"allow":["GET"]}}],"collection":[{"href":"https:\/\/elterritorialweb.com.ar\/web\/wp-json\/wp\/v2\/posts"}],"about":[{"href":"https:\/\/elterritorialweb.com.ar\/web\/wp-json\/wp\/v2\/types\/post"}],"author":[{"embeddable":true,"href":"https:\/\/elterritorialweb.com.ar\/web\/wp-json\/wp\/v2\/users\/2"}],"replies":[{"embeddable":true,"href":"https:\/\/elterritorialweb.com.ar\/web\/wp-json\/wp\/v2\/comments?post=24133"}],"version-history":[{"count":1,"href":"https:\/\/elterritorialweb.com.ar\/web\/wp-json\/wp\/v2\/posts\/24133\/revisions"}],"predecessor-version":[{"id":24135,"href":"https:\/\/elterritorialweb.com.ar\/web\/wp-json\/wp\/v2\/posts\/24133\/revisions\/24135"}],"wp:featuredmedia":[{"embeddable":true,"href":"https:\/\/elterritorialweb.com.ar\/web\/wp-json\/wp\/v2\/media\/24134"}],"wp:attachment":[{"href":"https:\/\/elterritorialweb.com.ar\/web\/wp-json\/wp\/v2\/media?parent=24133"}],"wp:term":[{"taxonomy":"category","embeddable":true,"href":"https:\/\/elterritorialweb.com.ar\/web\/wp-json\/wp\/v2\/categories?post=24133"},{"taxonomy":"post_tag","embeddable":true,"href":"https:\/\/elterritorialweb.com.ar\/web\/wp-json\/wp\/v2\/tags?post=24133"}],"curies":[{"name":"wp","href":"https:\/\/api.w.org\/{rel}","templated":true}]}}