{"id":24136,"date":"2021-07-06T20:52:12","date_gmt":"2021-07-06T20:52:12","guid":{"rendered":"http:\/\/elterritorialweb.com.ar\/web\/?p=24136"},"modified":"2021-07-06T20:52:13","modified_gmt":"2021-07-06T20:52:13","slug":"hospital-regional-renuevan-la-terapia-intensiva-con-equipamiento-de-ultima-tecnologia","status":"publish","type":"post","link":"https:\/\/elterritorialweb.com.ar\/web\/hospital-regional-renuevan-la-terapia-intensiva-con-equipamiento-de-ultima-tecnologia\/","title":{"rendered":"HOSPITAL REGIONAL: RENUEVAN LA TERAPIA INTENSIVA CON EQUIPAMIENTO DE \u00daLTIMA TECNOLOG\u00cdA"},"content":{"rendered":"\n<p>En la oportunidad, estuvieron, el Director del Hospital Regional \u201cRam\u00f3n Carrillo\u201d, Dr. Gerardo Montenegro, la vicedirectora del Hospital, Dra. Malena Mesad,\u00a0\u00a0el Coordinador de la Terapia Intensiva del\u00a0<strong>Hospital Regional, Dr. Franco Gianonni,\u00a0<\/strong>el Director de Atenci\u00f3n Medica, Dr. Oscar Gallardo.<\/p>\n\n\n\n<p>El nuevo equipamiento entregado, consiste, en diez camas el\u00e9ctricas, noventa bombas de infusi\u00f3n volum\u00e9tricas, doce monitores multiparametricos (con control de variabilidad de presi\u00f3n de pulso) y diez respiradores con m\u00f3dulo de ox\u00edgeno.<\/p>\n\n\n\n<p>El Subsecretario de Salud, Dr. Cesar Monti, manifest\u00f3: \u201cEn una etapa muy dif\u00edcil, el Gobierno de la provincia hizo esta gran inversi\u00f3n a trav\u00e9s del Ministerio de Salud. Es el hospital del tercer nivel en la provincia con la terapia intensiva m\u00e1s grande que tenemos. Este hospital tiene 20 camas y tiene 10 camas m\u00e1s refuncionalizadas m\u00e1s otras&nbsp; de infectados y aislados, donde se ha hecho una extensi\u00f3n de ox\u00edgeno y se ha recuperado la vieja terapia intensiva\u201d<\/p>\n\n\n\n<p>Por otra parte, la titular de la cartera de Salud, Lic. Natividad Nassif, expreso: \u201cEste es un proceso, que se ha iniciado ya hace bastante tiempo, en la provincia y que est\u00e1 impactando en el sistema sanitario. Es la decisi\u00f3n del Gobernador de la provincia,&nbsp; Dr. Gerardo Zamora, hacer una inversi\u00f3n sostenida y sustentable, en el \u00e1mbito de la salud p\u00fablica. En esa l\u00ednea de acciones, hoy estamos en presencia de una fuerte incorporaci\u00f3n, para dar mayor fortaleza a la atenci\u00f3n de la alta complejidad, de urgencia y de emergencia que en este hospital se brinda para toda la provincia. Entonces, esta fortaleza que hoy va continuar y acrecentar en la calidad de ese servicio, es en la Unidad de Terapia intensiva con modernos equipamientos\u201d.<\/p>\n\n\n\n<figure class=\"wp-block-image size-large\"><a href=\"https:\/\/i0.wp.com\/elterritorialweb.com.ar\/web\/wp-content\/uploads\/2021\/07\/regional-1-scaled.jpg\"><img data-recalc-dims=\"1\" decoding=\"async\" width=\"640\" height=\"296\" data-src=\"https:\/\/i0.wp.com\/elterritorialweb.com.ar\/web\/wp-content\/uploads\/2021\/07\/regional-1.jpg?resize=640%2C296\" alt=\"\" class=\"wp-image-24138 lazyload\" data-srcset=\"https:\/\/i0.wp.com\/elterritorialweb.com.ar\/web\/wp-content\/uploads\/2021\/07\/regional-1-scaled.jpg?resize=1024%2C473&amp;ssl=1 1024w, https:\/\/i0.wp.com\/elterritorialweb.com.ar\/web\/wp-content\/uploads\/2021\/07\/regional-1-scaled.jpg?resize=300%2C139&amp;ssl=1 300w, https:\/\/i0.wp.com\/elterritorialweb.com.ar\/web\/wp-content\/uploads\/2021\/07\/regional-1-scaled.jpg?resize=768%2C355&amp;ssl=1 768w, https:\/\/i0.wp.com\/elterritorialweb.com.ar\/web\/wp-content\/uploads\/2021\/07\/regional-1-scaled.jpg?resize=1536%2C710&amp;ssl=1 1536w, https:\/\/i0.wp.com\/elterritorialweb.com.ar\/web\/wp-content\/uploads\/2021\/07\/regional-1-scaled.jpg?resize=2048%2C947&amp;ssl=1 2048w, https:\/\/i0.wp.com\/elterritorialweb.com.ar\/web\/wp-content\/uploads\/2021\/07\/regional-1-scaled.jpg?w=1280 1280w, https:\/\/i0.wp.com\/elterritorialweb.com.ar\/web\/wp-content\/uploads\/2021\/07\/regional-1-scaled.jpg?w=1920 1920w\" data-sizes=\"(max-width: 640px) 100vw, 640px\" src=\"data:image\/svg+xml;base64,PHN2ZyB3aWR0aD0iMSIgaGVpZ2h0PSIxIiB4bWxucz0iaHR0cDovL3d3dy53My5vcmcvMjAwMC9zdmciPjwvc3ZnPg==\" style=\"--smush-placeholder-width: 640px; --smush-placeholder-aspect-ratio: 640\/296;\" \/><\/a><\/figure>\n\n\n\n<p>Seguidamente, el director de Atenci\u00f3n M\u00e9dica, Dr. Oscar Gallardo, dijo \u201cse est\u00e1 entregando un equipamiento complejo, entendiendo que el c\u00e1lculo se hace, por cama- paciente. Es pensar que un paciente que entra en terapia intensiva, tiene que tener las comodidades de acuerdo a &nbsp;la complejidad. Esto tiene que ver, desde la cama, en este caso hablamos de cama de&nbsp; camas el\u00e9ctricas, los respiradores, que son los equipos que lamentablemente tuvimos que utilizar en este \u00faltimo pico de la pandemia, que son pacientes graves, acompa\u00f1ado por los monitores multiparam\u00e9tricos, todos con m\u00f3dulos de alto flujo, que es el modulo que sirve para dar sost\u00e9n en un tratamiento, a un paciente covid grave\u201d. Luego destac\u00f3 que \u201cse ampliaron muchas unidades de terapia intensiva en la provincia, no s\u00f3lo en n\u00fameros, sino en la complejidad, equip\u00e1ndolos a la altura de cualquier otra terapia intensiva de un sanatorio privado o de un hospital p\u00fablico en el pa\u00eds\u201d. Finalmente expres\u00f3 \u201clo que estamos haciendo hoy, es renovar la misma complejidad, incluso algunos equipos, muchos m\u00e1s nuevos, en sus modelos, siguiendo con esta directiva, de invertir en todo lo que implica, el paciente con covid\u201d.<\/p>\n\n\n\n<p>El director del Hospital Regional \u201cRam\u00f3n Carrillo\u201d, Dr. Gerardo Montenegro, agreg\u00f3: \u201cagradezco a las autoridades ministeriales, la gesti\u00f3n permanente que hacen con el Gobierno para poder tener todos estos elementos, si bien sumamos tecnolog\u00eda, que esto apunta a la capacitaci\u00f3n de todos los m\u00e9dicos y sobre todo a los sectores cr\u00edticos, es l\u00f3gico el acompa\u00f1amiento tecnol\u00f3gico. Pero tambi\u00e9n es bueno aclarar que este acompa\u00f1amiento viene ya de m\u00e1s de casi un a\u00f1o. Nosotros hemos recibido, camas, mesas de luz, respiradores, monitores. Se han ampliado las camas para darle asistencia a la poblaci\u00f3n, pero en estos dos &nbsp;\u00faltimos a\u00f1os hemos tenido mucha inversi\u00f3n, en equipamiento e infraestructura, que nos ha permitido la complejidad y modernizaci\u00f3n que necesita, acorde a la capacitaci\u00f3n del personal que tiene, as\u00ed que much\u00edsimas gracias a las autoridades y al gobierno y a seguir trabajando\u201d, concluy\u00f3.<\/p>\n","protected":false},"excerpt":{"rendered":"<p>La ministra de Salud de la provincia, Lic. Natividad Nassif, acompa\u00f1ada por el Subsecretario de Salud, Dr. Cesar Monti, hicieron entrega de equipamientos de \u00faltima tecnolog\u00eda para la renovaci\u00f3n total de la terapia intensiva del Hospital Regional Dr. \u201cRam\u00f3n Carrillo\u201d destinado a la atenci\u00f3n de los pacientes en el marco de la emergencia sanitaria nacional de Covid-19.<\/p>\n","protected":false},"author":2,"featured_media":24137,"comment_status":"open","ping_status":"open","sticky":false,"template":"","format":"standard","meta":{"om_disable_all_campaigns":false,"_monsterinsights_skip_tracking":false,"_monsterinsights_sitenote_active":false,"_monsterinsights_sitenote_note":"","_monsterinsights_sitenote_category":0,"_uf_show_specific_survey":0,"_uf_disable_surveys":false,"jetpack_post_was_ever_published":false,"_jetpack_newsletter_access":"","_jetpack_dont_email_post_to_subs":false,"_jetpack_newsletter_tier_id":0,"_jetpack_memberships_contains_paywalled_content":false,"_jetpack_memberships_contains_paid_content":false,"footnotes":"","jetpack_publicize_message":"","jetpack_publicize_feature_enabled":true,"jetpack_social_post_already_shared":false,"jetpack_social_options":{"image_generator_settings":{"template":"highway","default_image_id":0,"font":"","enabled":false},"version":2}},"categories":[3],"tags":[],"class_list":["post-24136","post","type-post","status-publish","format-standard","has-post-thumbnail","hentry","category-salud"],"aioseo_notices":[],"views":1,"jetpack_publicize_connections":[],"jetpack_featured_media_url":"https:\/\/i0.wp.com\/elterritorialweb.com.ar\/web\/wp-content\/uploads\/2021\/07\/regional--scaled.jpg?fit=2560%2C1183&ssl=1","jetpack_sharing_enabled":true,"_links":{"self":[{"href":"https:\/\/elterritorialweb.com.ar\/web\/wp-json\/wp\/v2\/posts\/24136","targetHints":{"allow":["GET"]}}],"collection":[{"href":"https:\/\/elterritorialweb.com.ar\/web\/wp-json\/wp\/v2\/posts"}],"about":[{"href":"https:\/\/elterritorialweb.com.ar\/web\/wp-json\/wp\/v2\/types\/post"}],"author":[{"embeddable":true,"href":"https:\/\/elterritorialweb.com.ar\/web\/wp-json\/wp\/v2\/users\/2"}],"replies":[{"embeddable":true,"href":"https:\/\/elterritorialweb.com.ar\/web\/wp-json\/wp\/v2\/comments?post=24136"}],"version-history":[{"count":1,"href":"https:\/\/elterritorialweb.com.ar\/web\/wp-json\/wp\/v2\/posts\/24136\/revisions"}],"predecessor-version":[{"id":24139,"href":"https:\/\/elterritorialweb.com.ar\/web\/wp-json\/wp\/v2\/posts\/24136\/revisions\/24139"}],"wp:featuredmedia":[{"embeddable":true,"href":"https:\/\/elterritorialweb.com.ar\/web\/wp-json\/wp\/v2\/media\/24137"}],"wp:attachment":[{"href":"https:\/\/elterritorialweb.com.ar\/web\/wp-json\/wp\/v2\/media?parent=24136"}],"wp:term":[{"taxonomy":"category","embeddable":true,"href":"https:\/\/elterritorialweb.com.ar\/web\/wp-json\/wp\/v2\/categories?post=24136"},{"taxonomy":"post_tag","embeddable":true,"href":"https:\/\/elterritorialweb.com.ar\/web\/wp-json\/wp\/v2\/tags?post=24136"}],"curies":[{"name":"wp","href":"https:\/\/api.w.org\/{rel}","templated":true}]}}