{"id":24140,"date":"2021-07-06T21:20:18","date_gmt":"2021-07-06T21:20:18","guid":{"rendered":"http:\/\/elterritorialweb.com.ar\/web\/?p=24140"},"modified":"2021-07-06T21:20:19","modified_gmt":"2021-07-06T21:20:19","slug":"21-590-nuevos-casos-de-covid-19-en-un-dia-con-un-total-de-4-574-340-en-el-pais","status":"publish","type":"post","link":"https:\/\/elterritorialweb.com.ar\/web\/21-590-nuevos-casos-de-covid-19-en-un-dia-con-un-total-de-4-574-340-en-el-pais\/","title":{"rendered":"21.590 NUEVOS CASOS DE COVID-19 EN UN D\u00cdA, CON UN TOTAL DE 4.574.340 EN EL PA\u00cdS"},"content":{"rendered":"\n<p>El Ministerio de Salud inform\u00f3 este martes\u00a0<strong>21.590 nuevos casos<\/strong>\u00a0<strong>y 469 muertes<\/strong>\u00a0por\u00a0<a href=\"https:\/\/tn.com.ar\/tags\/coronavirus\/\">coronavirus<\/a>\u00a0en las \u00faltimas 24 horas. Seg\u00fan las cifras del reporte diario, ya son 4.574.340 los casos confirmados y\u00a0<strong>96.983\u00a0<\/strong>los muertos en la Argentina. Los casos activos, en tanto, suman\u00a0<strong>284.811\u00a0<\/strong>y las personas dadas de alta totalizan\u00a0<strong>4.192.546<\/strong>. El \u00edndice de positividad durante la \u00faltima jornada fue del 22,2 por ciento.<\/p>\n\n\n\n<p>De los 469 fallecidos reportados,\u00a0<strong>271 son hombres y 194 mujeres.<\/strong>\u00a0Mientras que otras cuatro personas fueron registradas sin datos de sexo: tres de ellas en la provincia de Buenos Aires y la restante en Salta.<\/p>\n\n\n\n<p>En las \u00faltimas 24 horas se registraron en\u00a0<strong>la provincia de Buenos Aires 6818 casos;<\/strong>\u00a0en la Ciudad de Buenos Aires, 1170; en Catamarca, 335; en Chaco, 736; en Chubut, 224; en Corrientes, 805; en C\u00f3rdoba, 2715; en Entre R\u00edos, 1023; en Formosa, 473; en Jujuy, 314; en La Pampa, 316; en La Rioja, 185; en Mendoza, 580; en Misiones, 150; en Neuqu\u00e9n, 241; en R\u00edo Negro, 273; en Salta, 572; en San Juan, 370; en San Luis, 362; en Santa Cruz, 133; en Santa Fe, 2125; en Santiago del Estero, 329; Tierra del Fuego, 61; y en Tucum\u00e1n, 1274.<\/p>\n\n\n\n<p>El total de acumulados por distrito es:\u00a0<strong>provincia de Buenos Aires, 1.875.116;<\/strong>\u00a0Ciudad de Buenos Aires, 470.507; Catamarca, 35.919; Chaco, 80.158; Chubut, 71.876; Corrientes, 69.110; C\u00f3rdoba, 423.093; Entre R\u00edos, 114.508; Formosa, 47.897; Jujuy, 37.504; La Pampa, 54.639; La Rioja, 23.285; Mendoza, 143.126; Misiones, 26.673; Neuqu\u00e9n, 102.690; R\u00edo Negro, 85.530; Salta, 64.293; San Juan, 53.008; San Luis, 67.784; Santa Cruz, 56.151; Santa Fe, 415.069; Santiago del Estero, 62.471; Tierra del Fuego, 30.055 y Tucum\u00e1n, 163.878.<\/p>\n\n\n\n<div class=\"infogram-embed\" data-id=\"09886bfe-6728-477a-b639-3e6b4ba92211\" data-type=\"interactive\" data-title=\"Curva\"><\/div><script>!function(e,i,n,s){var t=\"InfogramEmbeds\",d=e.getElementsByTagName(\"script\")[0];if(window[t]&&window[t].initialized)window[t].process&&window[t].process();else if(!e.getElementById(n)){var o=e.createElement(\"script\");o.async=1,o.id=n,o.src=\"https:\/\/e.infogram.com\/js\/dist\/embed-loader-min.js\",d.parentNode.insertBefore(o,d)}}(document,0,\"infogram-async\");<\/script>\n\n\n\n<p>Adem\u00e1s, los pacientes que permanecen internados con&nbsp;<a href=\"https:\/\/tn.com.ar\/tags\/covid-19\/\">Covid-19<\/a>&nbsp;en las distintas unidades de terapia intensiva (UTI) del pa\u00eds son&nbsp;<strong>5642<\/strong>. Mientras que el porcentaje de ocupaci\u00f3n total de camas en las UTI adulto es del&nbsp;<strong>64,6%&nbsp;<\/strong>a nivel nacional y del&nbsp;<strong>62,2%<\/strong>&nbsp;en el denominado \u00c1rea Metropolitana de Buenos Aires (AMBA).<\/p>\n\n\n\n<p>La cartera sanitaria tambi\u00e9n indic\u00f3 que se realizaron en las \u00faltimas 24 horas\u00a0<strong>88.431 testeos<\/strong>\u00a0y que, desde el inicio de la pandemia, ascienden a 17.191.657 las pruebas diagn\u00f3sticas realizadas.<\/p>\n\n\n\n<div class=\"infogram-embed\" data-id=\"2428bee6-65e0-47b5-8fe1-38d4767febd8\" data-type=\"interactive\" data-title=\"Mapa\"><\/div><script>!function(e,i,n,s){var t=\"InfogramEmbeds\",d=e.getElementsByTagName(\"script\")[0];if(window[t]&&window[t].initialized)window[t].process&&window[t].process();else if(!e.getElementById(n)){var o=e.createElement(\"script\");o.async=1,o.id=n,o.src=\"https:\/\/e.infogram.com\/js\/dist\/embed-loader-min.js\",d.parentNode.insertBefore(o,d)}}(document,0,\"infogram-async\");<\/script>\n","protected":false},"excerpt":{"rendered":"<p>Informe del Ministerio de Salud de la Naci\u00f3n.<\/p>\n","protected":false},"author":2,"featured_media":24141,"comment_status":"open","ping_status":"open","sticky":false,"template":"","format":"standard","meta":{"om_disable_all_campaigns":false,"_monsterinsights_skip_tracking":false,"_monsterinsights_sitenote_active":false,"_monsterinsights_sitenote_note":"","_monsterinsights_sitenote_category":0,"_uf_show_specific_survey":0,"_uf_disable_surveys":false,"jetpack_post_was_ever_published":false,"_jetpack_newsletter_access":"","_jetpack_dont_email_post_to_subs":false,"_jetpack_newsletter_tier_id":0,"_jetpack_memberships_contains_paywalled_content":false,"_jetpack_memberships_contains_paid_content":false,"footnotes":"","jetpack_publicize_message":"","jetpack_publicize_feature_enabled":true,"jetpack_social_post_already_shared":false,"jetpack_social_options":{"image_generator_settings":{"template":"highway","default_image_id":0,"font":"","enabled":false},"version":2}},"categories":[3],"tags":[],"class_list":["post-24140","post","type-post","status-publish","format-standard","has-post-thumbnail","hentry","category-salud"],"aioseo_notices":[],"views":2,"jetpack_publicize_connections":[],"jetpack_featured_media_url":"https:\/\/i0.wp.com\/elterritorialweb.com.ar\/web\/wp-content\/uploads\/2021\/07\/nuevos-casos-6-de-julio.jpg?fit=680%2C483&ssl=1","jetpack_sharing_enabled":true,"_links":{"self":[{"href":"https:\/\/elterritorialweb.com.ar\/web\/wp-json\/wp\/v2\/posts\/24140","targetHints":{"allow":["GET"]}}],"collection":[{"href":"https:\/\/elterritorialweb.com.ar\/web\/wp-json\/wp\/v2\/posts"}],"about":[{"href":"https:\/\/elterritorialweb.com.ar\/web\/wp-json\/wp\/v2\/types\/post"}],"author":[{"embeddable":true,"href":"https:\/\/elterritorialweb.com.ar\/web\/wp-json\/wp\/v2\/users\/2"}],"replies":[{"embeddable":true,"href":"https:\/\/elterritorialweb.com.ar\/web\/wp-json\/wp\/v2\/comments?post=24140"}],"version-history":[{"count":1,"href":"https:\/\/elterritorialweb.com.ar\/web\/wp-json\/wp\/v2\/posts\/24140\/revisions"}],"predecessor-version":[{"id":24142,"href":"https:\/\/elterritorialweb.com.ar\/web\/wp-json\/wp\/v2\/posts\/24140\/revisions\/24142"}],"wp:featuredmedia":[{"embeddable":true,"href":"https:\/\/elterritorialweb.com.ar\/web\/wp-json\/wp\/v2\/media\/24141"}],"wp:attachment":[{"href":"https:\/\/elterritorialweb.com.ar\/web\/wp-json\/wp\/v2\/media?parent=24140"}],"wp:term":[{"taxonomy":"category","embeddable":true,"href":"https:\/\/elterritorialweb.com.ar\/web\/wp-json\/wp\/v2\/categories?post=24140"},{"taxonomy":"post_tag","embeddable":true,"href":"https:\/\/elterritorialweb.com.ar\/web\/wp-json\/wp\/v2\/tags?post=24140"}],"curies":[{"name":"wp","href":"https:\/\/api.w.org\/{rel}","templated":true}]}}