{"id":24163,"date":"2021-07-07T19:32:25","date_gmt":"2021-07-07T19:32:25","guid":{"rendered":"http:\/\/elterritorialweb.com.ar\/web\/?p=24163"},"modified":"2021-07-07T19:40:46","modified_gmt":"2021-07-07T19:40:46","slug":"el-presidente-promulgo-la-ley-del-acceso-al-empleo-formal-para-personas-travestis-transexuales-y-transgenero","status":"publish","type":"post","link":"https:\/\/elterritorialweb.com.ar\/web\/el-presidente-promulgo-la-ley-del-acceso-al-empleo-formal-para-personas-travestis-transexuales-y-transgenero\/","title":{"rendered":"EL PRESIDENTE PROMULG\u00d3 LA LEY DEL ACCESO AL EMPLEO FORMAL PARA PERSONAS TRAVESTIS, TRANSEXUALES Y TRANSG\u00c9NERO"},"content":{"rendered":"\n<p>La norma contempla, entre otras reivindicaciones, que los tres poderes del Estado nacional, los ministerios p\u00fablicos, los organismos descentralizados o aut\u00e1rquicos, los entes p\u00fablicos no estatales y las empresas y sociedades del Estado deben ocupar una proporci\u00f3n no inferior al 1% de su personal con personas de ese colectivo.<\/p>\n\n\n\n<p>El Jefe de Estado reafirm\u00f3 \u201cla necesidad de una democracia donde la diversidad exista inexorablemente\u201d, pero dentro la cual \u201ctiene que haber puntos de encuentro que nos unan. Uno de esos puntos de encuentro es dejar de marginar al otro; uno de esos puntos de encuentro es terminar con la cultura del descarte; uno de esos puntos de encuentro es entender que las minor\u00edas tienen derechos y que las mayor\u00edas deben reconocerles esos derechos\u201d.<\/p>\n\n\n\n<p>\u201cEstamos decididos a que se termine cualquier tipo de discriminaci\u00f3n en la Argentina\u201d, dijo Fern\u00e1ndez, quien estuvo acompa\u00f1ado por la ministra de las Mujeres, G\u00e9neros y Diversidad, Elizabeth G\u00f3mez Alcorta; la secretaria Legal y T\u00e9cnica, Vilma Ibarra, y la subsecretaria de Pol\u00edticas de Diversidad, Alba Rueda.<\/p>\n\n\n\n<p>Asimismo, invit\u00f3 a los empresarios a que tambi\u00e9n se sumen y asever\u00f3 que \u201cdesde el Estado vamos a promover que lo hagan, que sumen personas trans a sus cuerpos de trabajo, a su fuerza laboral\u201d.<\/p>\n\n\n\n<p>En tanto, la ministra G\u00f3mez Alcorta se\u00f1al\u00f3 que \u201cesta ley viene a reparar dolores, a pagar una deuda que ten\u00edamos como sociedad, y viene a reconocer y ampliar derechos\u201d, ya que \u201cera imprescindible una agenda prioritaria que incorporara la perspectiva de diversidad a las pol\u00edticas p\u00fablicas\u201d.<\/p>\n\n\n\n<p>Se\u00f1al\u00f3 tambi\u00e9n que la norma \u201cexpresa altos niveles de consenso social\u201d y afirm\u00f3 que \u201ceso lleva a la Argentina a estar a la vanguardia mundial, y es un motivo de orgullo de todos, todas y todes los que integramos esta sociedad\u201d.<\/p>\n\n\n\n<p>Por su parte, Alba Rueda afirm\u00f3 que \u201ces un d\u00eda hist\u00f3rico para el movimiento travesti-trans\u201d ya que \u201cesta ley tiene que ver con la reivindicaci\u00f3n de este movimiento como un sujeto pol\u00edtico de derechos que ha sabido construir democracia hoy en la Argentina\u201d.<\/p>\n\n\n\n<p>\u201cTiene que ver con la comprensi\u00f3n de nuestras condiciones de desigualdad estructural y con poder reivindicar nuestra identidad como parte fundamental de la democracia\u201d, enfatiz\u00f3 la Subsecretaria.<\/p>\n\n\n\n<p>Participaron tambi\u00e9n autoridades y miembros de las c\u00e1maras de Diputados y Senadores de la Naci\u00f3n e integrantes de organizaciones de derechos de la diversidad.<\/p>\n\n\n\n<p>La normativa votada en el Congreso convirti\u00f3 en ley una pol\u00edtica p\u00fablica implementada por el presidente Alberto Fern\u00e1ndez, quien a trav\u00e9s del decreto 721\/20 ya hab\u00eda establecido el Cupo Laboral Travesti-Trans en el Sector P\u00fablico Nacional.<\/p>\n\n\n\n<figure class=\"wp-block-image size-large\"><a href=\"blob:http:\/\/elterritorialweb.com.ar\/0e890e59-c0bb-4c90-b168-377941e4d335\"><img decoding=\"async\" src=\"blob:http:\/\/elterritorialweb.com.ar\/0e890e59-c0bb-4c90-b168-377941e4d335\" alt=\"\"\/><\/a><\/figure>\n\n\n\n<p>La misma lleva el nombre de \u201cDiana Sacay\u00e1n-Lohana Berkins\u201d en conmemoraci\u00f3n de sus impulsoras junto con las organizaciones LGBTI+ y defensoras de los derechos humanos, y constituye un paso fundamental en la reparaci\u00f3n de las desigualdades hist\u00f3ricas y estructurales que existen en la sociedad respecto a la poblaci\u00f3n travesti-trans.<\/p>\n\n\n\n<p>Para que una proporci\u00f3n no inferior al 1 % de la totalidad de su personal con personas travestis, transexuales y transg\u00e9nero forme parte de la planta del Estado, los organismos p\u00fablicos deber\u00e1n establecer reservas de puestos de trabajo a ser ocupados exclusivamente por personas de ese colectivo, y promover acciones de concientizaci\u00f3n y sensibilizaci\u00f3n en los \u00e1mbitos laborales.<\/p>\n\n\n\n<p>La normativa prev\u00e9 a su vez incentivos para que tambi\u00e9n el sector privado que cumpla con esta normativa y promueve l\u00edneas de acceso al cr\u00e9dito desde el Banco de la Naci\u00f3n de la Rep\u00fablica Argentina para esta poblaci\u00f3n.<\/p>\n\n\n\n<p>Adem\u00e1s, determina que el requisito de terminalidad educativa no puede resultar obst\u00e1culo para el ingreso y permanencia en el empleo, y que si las personas aspirantes a los puestos de trabajo no completaron su educaci\u00f3n, se permitir\u00e1 su ingreso con la condici\u00f3n de cursar el o los niveles educativos requeridos y finalizarlos.<\/p>\n","protected":false},"excerpt":{"rendered":"<p>El presidente Alberto Fern\u00e1ndez afirm\u00f3 que \u201dcada vez que en la Argentina ampliamos derechos somos una mejor sociedad, somos una mejor comunidad\u201d, al encabezar este mediod\u00eda en el Museo Casa Rosada el acto de firma del decreto de promulgaci\u00f3n de la Ley 27.636 de Promoci\u00f3n del Acceso al Empleo Formal para Personas Travestis, Transexuales y Transg\u00e9nero \u201cDiana Sacay\u00e1n-Lohana Berkins\u201d.<\/p>\n","protected":false},"author":2,"featured_media":24167,"comment_status":"open","ping_status":"open","sticky":false,"template":"","format":"standard","meta":{"om_disable_all_campaigns":false,"_monsterinsights_skip_tracking":false,"_monsterinsights_sitenote_active":false,"_monsterinsights_sitenote_note":"","_monsterinsights_sitenote_category":0,"_uf_show_specific_survey":0,"_uf_disable_surveys":false,"jetpack_post_was_ever_published":false,"_jetpack_newsletter_access":"","_jetpack_dont_email_post_to_subs":false,"_jetpack_newsletter_tier_id":0,"_jetpack_memberships_contains_paywalled_content":false,"_jetpack_memberships_contains_paid_content":false,"footnotes":"","jetpack_publicize_message":"","jetpack_publicize_feature_enabled":true,"jetpack_social_post_already_shared":false,"jetpack_social_options":{"image_generator_settings":{"template":"highway","default_image_id":0,"font":"","enabled":false},"version":2}},"categories":[18],"tags":[],"class_list":["post-24163","post","type-post","status-publish","format-standard","has-post-thumbnail","hentry","category-politica"],"aioseo_notices":[],"views":2,"jetpack_publicize_connections":[],"jetpack_featured_media_url":"https:\/\/i0.wp.com\/elterritorialweb.com.ar\/web\/wp-content\/uploads\/2021\/07\/ley1.jpg?fit=1940%2C1391&ssl=1","jetpack_sharing_enabled":true,"_links":{"self":[{"href":"https:\/\/elterritorialweb.com.ar\/web\/wp-json\/wp\/v2\/posts\/24163","targetHints":{"allow":["GET"]}}],"collection":[{"href":"https:\/\/elterritorialweb.com.ar\/web\/wp-json\/wp\/v2\/posts"}],"about":[{"href":"https:\/\/elterritorialweb.com.ar\/web\/wp-json\/wp\/v2\/types\/post"}],"author":[{"embeddable":true,"href":"https:\/\/elterritorialweb.com.ar\/web\/wp-json\/wp\/v2\/users\/2"}],"replies":[{"embeddable":true,"href":"https:\/\/elterritorialweb.com.ar\/web\/wp-json\/wp\/v2\/comments?post=24163"}],"version-history":[{"count":1,"href":"https:\/\/elterritorialweb.com.ar\/web\/wp-json\/wp\/v2\/posts\/24163\/revisions"}],"predecessor-version":[{"id":24166,"href":"https:\/\/elterritorialweb.com.ar\/web\/wp-json\/wp\/v2\/posts\/24163\/revisions\/24166"}],"wp:featuredmedia":[{"embeddable":true,"href":"https:\/\/elterritorialweb.com.ar\/web\/wp-json\/wp\/v2\/media\/24167"}],"wp:attachment":[{"href":"https:\/\/elterritorialweb.com.ar\/web\/wp-json\/wp\/v2\/media?parent=24163"}],"wp:term":[{"taxonomy":"category","embeddable":true,"href":"https:\/\/elterritorialweb.com.ar\/web\/wp-json\/wp\/v2\/categories?post=24163"},{"taxonomy":"post_tag","embeddable":true,"href":"https:\/\/elterritorialweb.com.ar\/web\/wp-json\/wp\/v2\/tags?post=24163"}],"curies":[{"name":"wp","href":"https:\/\/api.w.org\/{rel}","templated":true}]}}