{"id":24171,"date":"2021-07-08T02:42:25","date_gmt":"2021-07-08T02:42:25","guid":{"rendered":"http:\/\/elterritorialweb.com.ar\/web\/?p=24171"},"modified":"2021-07-08T02:42:26","modified_gmt":"2021-07-08T02:42:26","slug":"la-comuna-capitalina-otorgo-un-terreno-al-obispado-en-el-barrio-los-flores","status":"publish","type":"post","link":"https:\/\/elterritorialweb.com.ar\/web\/la-comuna-capitalina-otorgo-un-terreno-al-obispado-en-el-barrio-los-flores\/","title":{"rendered":"LA COMUNA CAPITALINA OTORG\u00d3 UN TERRENO AL OBISPADO EN EL BARRIO LOS FLORES"},"content":{"rendered":"\n<p>Dicho espacio, ubicado en el Lote 7 de la Manzana E, cuenta con casi 1600 metros cuadrados, los que brindar\u00e1n a la comunidad mayor comodidad a los fines de evangelizar, profesar la fe cat\u00f3lica y fortalecer los v\u00ednculos familiares, sociales y religiosos. <\/p>\n\n\n\n<p>En este sentido, la jefa comunal indic\u00f3 que \u00abtodos los actos de promoci\u00f3n de la fe sirven como base para fortalecer los v\u00ednculos de cada vecino de la ciudad, entre s\u00ed y en comuni\u00f3n con nuestras creencias\u00bb. \u00abPor eso, se hace necesario crear m\u00e1s espacios para la promoci\u00f3n de actividades recreativas, culturales y espirituales para contribuir a la salud f\u00edsica, mental y espiritual de nuestros ni\u00f1os, j\u00f3venes y adultos\u00bb, se\u00f1al\u00f3. Por su parte, Bokalic agradeci\u00f3 a la comuna por la adjudicaci\u00f3n del terreno, \u00abque servir\u00e1 como un lugar de encuentro y de di\u00e1logo para todos los vecinos de la zona, procurando mejorar los lazos afectivos, de respeto y de convivencia con el pr\u00f3jimo\u00bb.<\/p>\n\n\n\n<p>Tambi\u00e9n participaron del encuentro la secretaria de Coordinaci\u00f3n de Gabinete, Dra. Alejandra Yoshitake; el secretario de Planeamiento, Obras y Servicios P\u00fablicos, Arq. Jorge Vila y el sacerdote de la parroquia \u00abEl buen pastor\u00bb, presb\u00edtero Ra\u00fal Ibarra.<\/p>\n","protected":false},"excerpt":{"rendered":"<p>La intendente de la Capital, Ing. Norma Fuentes, hizo entrega al obispo de la di\u00f3cesis de Santiago del Estero, Mons. Vicente Bokalic, de un decreto acuerdo por el cual el municipio cede al Obispado la tenencia de un terreno ubicado en el barrio Los Flores, que ser\u00e1 destinado a la edificaci\u00f3n de una capilla y a la realizaci\u00f3n de tareas de evangelizaci\u00f3n y actividades pastorales.<\/p>\n","protected":false},"author":2,"featured_media":24172,"comment_status":"open","ping_status":"open","sticky":false,"template":"","format":"standard","meta":{"om_disable_all_campaigns":false,"_monsterinsights_skip_tracking":false,"_monsterinsights_sitenote_active":false,"_monsterinsights_sitenote_note":"","_monsterinsights_sitenote_category":0,"_uf_show_specific_survey":0,"_uf_disable_surveys":false,"jetpack_post_was_ever_published":false,"_jetpack_newsletter_access":"","_jetpack_dont_email_post_to_subs":false,"_jetpack_newsletter_tier_id":0,"_jetpack_memberships_contains_paywalled_content":false,"_jetpack_memberships_contains_paid_content":false,"footnotes":"","jetpack_publicize_message":"","jetpack_publicize_feature_enabled":true,"jetpack_social_post_already_shared":false,"jetpack_social_options":{"image_generator_settings":{"template":"highway","default_image_id":0,"font":"","enabled":false},"version":2}},"categories":[21],"tags":[],"class_list":["post-24171","post","type-post","status-publish","format-standard","has-post-thumbnail","hentry","category-locales"],"aioseo_notices":[],"views":11,"jetpack_publicize_connections":[],"jetpack_featured_media_url":"https:\/\/i0.wp.com\/elterritorialweb.com.ar\/web\/wp-content\/uploads\/2021\/07\/MUNI-OBISPADO.jpg?fit=985%2C665&ssl=1","jetpack_sharing_enabled":true,"_links":{"self":[{"href":"https:\/\/elterritorialweb.com.ar\/web\/wp-json\/wp\/v2\/posts\/24171","targetHints":{"allow":["GET"]}}],"collection":[{"href":"https:\/\/elterritorialweb.com.ar\/web\/wp-json\/wp\/v2\/posts"}],"about":[{"href":"https:\/\/elterritorialweb.com.ar\/web\/wp-json\/wp\/v2\/types\/post"}],"author":[{"embeddable":true,"href":"https:\/\/elterritorialweb.com.ar\/web\/wp-json\/wp\/v2\/users\/2"}],"replies":[{"embeddable":true,"href":"https:\/\/elterritorialweb.com.ar\/web\/wp-json\/wp\/v2\/comments?post=24171"}],"version-history":[{"count":1,"href":"https:\/\/elterritorialweb.com.ar\/web\/wp-json\/wp\/v2\/posts\/24171\/revisions"}],"predecessor-version":[{"id":24173,"href":"https:\/\/elterritorialweb.com.ar\/web\/wp-json\/wp\/v2\/posts\/24171\/revisions\/24173"}],"wp:featuredmedia":[{"embeddable":true,"href":"https:\/\/elterritorialweb.com.ar\/web\/wp-json\/wp\/v2\/media\/24172"}],"wp:attachment":[{"href":"https:\/\/elterritorialweb.com.ar\/web\/wp-json\/wp\/v2\/media?parent=24171"}],"wp:term":[{"taxonomy":"category","embeddable":true,"href":"https:\/\/elterritorialweb.com.ar\/web\/wp-json\/wp\/v2\/categories?post=24171"},{"taxonomy":"post_tag","embeddable":true,"href":"https:\/\/elterritorialweb.com.ar\/web\/wp-json\/wp\/v2\/tags?post=24171"}],"curies":[{"name":"wp","href":"https:\/\/api.w.org\/{rel}","templated":true}]}}