{"id":24174,"date":"2021-07-08T02:56:51","date_gmt":"2021-07-08T02:56:51","guid":{"rendered":"http:\/\/elterritorialweb.com.ar\/web\/?p=24174"},"modified":"2021-07-08T02:56:52","modified_gmt":"2021-07-08T02:56:52","slug":"19-423-nuevos-casos-de-covid-19-en-24-horas-con-un-total-de-4-593-763-en-argentina","status":"publish","type":"post","link":"https:\/\/elterritorialweb.com.ar\/web\/19-423-nuevos-casos-de-covid-19-en-24-horas-con-un-total-de-4-593-763-en-argentina\/","title":{"rendered":"19.423 NUEVOS CASOS DE COVID-19 EN 24 HORAS, CON UN TOTAL DE 4.593.763 EN ARGENTINA"},"content":{"rendered":"\n<p>Otras 457 personas murieron y 19.423 fueron reportadas con coronavirus en las \u00faltimas 24 horas en la Argentina, con lo que suman 97.439 los fallecidos registrados oficialmente a nivel nacional y 4.593.763 los contagiados desde el inicio de la pandemia, inform\u00f3 el Ministerio de Salud.<\/p>\n\n\n\n<p>La cartera sanitaria indic\u00f3 que s<strong>on 5.546 los internados con coronavirus en unidades de terapia intensiva, con un porcentaje de ocupaci\u00f3n de camas de adultos de 64,6% en el pa\u00eds y del 62,1% en la \u00c1rea Metropolitana Buenos Aires<\/strong>.<\/p>\n\n\n\n<p>Un 36,43% (7.077 personas) de los infectados de este mi\u00e9rcoles (19.423) corresponden a la Ciudad y a la provincia de Buenos Aires.<\/p>\n\n\n\n<p>De los 4.593.763 contagiados, el 91,56% (4.206.478) recibi\u00f3 el alta y 289.846 son casos confirmados activos.<\/p>\n\n\n\n<p>El reporte consign\u00f3 que fallecieron 238 hombres y 215 mujeres, mientras tres personas de la provincia de Buenos Aires y una de C\u00f3rdoba fueron reportadas sin dato de sexo.<\/p>\n\n\n\n<p><strong>Las cifras en los distritos<\/strong><\/p>\n\n\n\n<p>El parte precis\u00f3 que murieron 94 hombres en la provincia de Buenos Aires; 8 en la Ciudad de Buenos Aires; 11 en Chaco; 1 en Chubut; 1 en Corrientes; 19 en C\u00f3rdoba; 15 en Entre R\u00edos; 6 en Formosa; 3 en Jujuy; 7 en La Pampa; 17 en Mendoza; 2 en Misiones; 3 en Neuqu\u00e9n; 2 en R\u00edo Negro; 4 en Salta; 1 en San Juan; 18 en San Luis; 17 en Santa Fe; 4 en Santiago del Estero y 5 en Tucum\u00e1n.<\/p>\n\n\n\n<p>Tambi\u00e9n fallecieron 85 mujeres en Buenos Aires; 7 en la Ciudad de Buenos Aires; 1 en Catamarca; 5 en Chaco; 1 en Corrientes; 22 en C\u00f3rdoba; 9 en Entre R\u00edos; 9 en Formosa; 3 en Jujuy; 4 en La Pampa; 12 en Mendoza; 1 en Misiones; 1 en Neuqu\u00e9n; 1 en R\u00edo Negro; 11 en Salta; 13 en San Juan; 1 en Santa Cruz; 20 en Santa Fe; 3 en Santiago del Estero y 6 en Tucum\u00e1n.<\/p>\n","protected":false},"excerpt":{"rendered":"<p>Con las cifras de este mi\u00e9rcoles suman 97.439 los fallecidos a nivel nacional y 4.593.763 los contagiados desde el inicio de la pandemia.<\/p>\n","protected":false},"author":2,"featured_media":24175,"comment_status":"open","ping_status":"open","sticky":false,"template":"","format":"standard","meta":{"om_disable_all_campaigns":false,"_monsterinsights_skip_tracking":false,"_monsterinsights_sitenote_active":false,"_monsterinsights_sitenote_note":"","_monsterinsights_sitenote_category":0,"_uf_show_specific_survey":0,"_uf_disable_surveys":false,"jetpack_post_was_ever_published":false,"_jetpack_newsletter_access":"","_jetpack_dont_email_post_to_subs":false,"_jetpack_newsletter_tier_id":0,"_jetpack_memberships_contains_paywalled_content":false,"_jetpack_memberships_contains_paid_content":false,"footnotes":"","jetpack_publicize_message":"","jetpack_publicize_feature_enabled":true,"jetpack_social_post_already_shared":false,"jetpack_social_options":{"image_generator_settings":{"template":"highway","default_image_id":0,"font":"","enabled":false},"version":2}},"categories":[3],"tags":[],"class_list":["post-24174","post","type-post","status-publish","format-standard","has-post-thumbnail","hentry","category-salud"],"aioseo_notices":[],"views":2,"jetpack_publicize_connections":[],"jetpack_featured_media_url":"https:\/\/i0.wp.com\/elterritorialweb.com.ar\/web\/wp-content\/uploads\/2021\/07\/NUEVOS-CASOS-7-DE-JULIO.jpg?fit=680%2C425&ssl=1","jetpack_sharing_enabled":true,"_links":{"self":[{"href":"https:\/\/elterritorialweb.com.ar\/web\/wp-json\/wp\/v2\/posts\/24174","targetHints":{"allow":["GET"]}}],"collection":[{"href":"https:\/\/elterritorialweb.com.ar\/web\/wp-json\/wp\/v2\/posts"}],"about":[{"href":"https:\/\/elterritorialweb.com.ar\/web\/wp-json\/wp\/v2\/types\/post"}],"author":[{"embeddable":true,"href":"https:\/\/elterritorialweb.com.ar\/web\/wp-json\/wp\/v2\/users\/2"}],"replies":[{"embeddable":true,"href":"https:\/\/elterritorialweb.com.ar\/web\/wp-json\/wp\/v2\/comments?post=24174"}],"version-history":[{"count":1,"href":"https:\/\/elterritorialweb.com.ar\/web\/wp-json\/wp\/v2\/posts\/24174\/revisions"}],"predecessor-version":[{"id":24176,"href":"https:\/\/elterritorialweb.com.ar\/web\/wp-json\/wp\/v2\/posts\/24174\/revisions\/24176"}],"wp:featuredmedia":[{"embeddable":true,"href":"https:\/\/elterritorialweb.com.ar\/web\/wp-json\/wp\/v2\/media\/24175"}],"wp:attachment":[{"href":"https:\/\/elterritorialweb.com.ar\/web\/wp-json\/wp\/v2\/media?parent=24174"}],"wp:term":[{"taxonomy":"category","embeddable":true,"href":"https:\/\/elterritorialweb.com.ar\/web\/wp-json\/wp\/v2\/categories?post=24174"},{"taxonomy":"post_tag","embeddable":true,"href":"https:\/\/elterritorialweb.com.ar\/web\/wp-json\/wp\/v2\/tags?post=24174"}],"curies":[{"name":"wp","href":"https:\/\/api.w.org\/{rel}","templated":true}]}}