{"id":24177,"date":"2021-07-08T03:05:01","date_gmt":"2021-07-08T03:05:01","guid":{"rendered":"http:\/\/elterritorialweb.com.ar\/web\/?p=24177"},"modified":"2021-07-08T03:10:45","modified_gmt":"2021-07-08T03:10:45","slug":"el-golfista-angel-pato-cabrera-fue-condenado-a-dos-anos-de-prision-efectiva-por-violencia-de-genero","status":"publish","type":"post","link":"https:\/\/elterritorialweb.com.ar\/web\/el-golfista-angel-pato-cabrera-fue-condenado-a-dos-anos-de-prision-efectiva-por-violencia-de-genero\/","title":{"rendered":"EL GOLFISTA ANGEL \u00abPATO\u00bb CABRERA FUE CONDENADO A DOS A\u00d1OS DE PRISI\u00d3N EFECTIVA POR VIOLENCIA DE G\u00c9NERO"},"content":{"rendered":"\n<p>El golfista \u00c1ngel \u00abPato\u00bb Cabrera fue condenado este mi\u00e9rcoles a dos a\u00f1os de prisi\u00f3n efectiva al ser encontrado responsable de cometer<strong>&nbsp;\u00ablesiones agravadas y hurto simple\u00bb contra su expareja, Cecilia Torres Mana<\/strong>.<\/p>\n\n\n\n<p>De esta manera, se cumpli\u00f3 el pedido que hizo la fiscal Laura Batistelli, quien en su alegato adem\u00e1s hab\u00eda remarcado la importancia de que la prisi\u00f3n sea \u00abefectiva\u00bb.<\/p>\n\n\n\n<p>La explicaci\u00f3n de la fiscal se fundament\u00f3 en que considera que Cabrera debe cumplir \u201cintramuros\u201d los tratamientos que \u201cnunca cumpli\u00f3\u201d cuando estuvo en libertad para procurar su rehabilitaci\u00f3n.<\/p>\n\n\n\n<p>Antes de conocerse el veredicto, adem\u00e1s, el fiscal del 3\u00b0 Turno de Violencia Familiar y de G\u00e9nero, Cristian Griffi, hab\u00eda dictado la prisi\u00f3n preventiva a Cabrera por otra causa, tambi\u00e9n con la denunciante Torres Mana, en la que se lo acusa de amenazas y desobediencia a la autoridad.<\/p>\n\n\n\n<p>En el inicio del juicio, la semana pasada, cuando tuvo la palabra Cabrera neg\u00f3 ser violento, aunque en esa oportunidad admiti\u00f3 que la insult\u00f3 (a Torres Mana) y tir\u00f3 su celular, pero jam\u00e1s contra su cuerpo.<\/p>\n\n\n\n<figure class=\"wp-block-image size-large is-resized\"><a href=\"https:\/\/i0.wp.com\/elterritorialweb.com.ar\/web\/wp-content\/uploads\/2021\/07\/PATO-CABRERA-1.jpg\"><img data-recalc-dims=\"1\" decoding=\"async\" data-src=\"https:\/\/i0.wp.com\/elterritorialweb.com.ar\/web\/wp-content\/uploads\/2021\/07\/PATO-CABRERA-1.jpg?resize=640%2C360\" alt=\"\" class=\"wp-image-24180 lazyload\" width=\"640\" height=\"360\" data-srcset=\"https:\/\/i0.wp.com\/elterritorialweb.com.ar\/web\/wp-content\/uploads\/2021\/07\/PATO-CABRERA-1.jpg?w=680&amp;ssl=1 680w, https:\/\/i0.wp.com\/elterritorialweb.com.ar\/web\/wp-content\/uploads\/2021\/07\/PATO-CABRERA-1.jpg?resize=300%2C169&amp;ssl=1 300w\" data-sizes=\"(max-width: 640px) 100vw, 640px\" src=\"data:image\/svg+xml;base64,PHN2ZyB3aWR0aD0iMSIgaGVpZ2h0PSIxIiB4bWxucz0iaHR0cDovL3d3dy53My5vcmcvMjAwMC9zdmciPjwvc3ZnPg==\" style=\"--smush-placeholder-width: 640px; --smush-placeholder-aspect-ratio: 640\/360;\" \/><\/a><\/figure>\n\n\n\n<p>Tras conocerse la sentencia, la fiscal Batistelli, afirm\u00f3 a los medios que el tribunal \u00abcumpli\u00f3 el pedido de la fiscal\u00eda, con dos a\u00f1os de prisi\u00f3n en forma efectiva. Y lo m\u00e1s importante, que&nbsp;<strong>acogi\u00f3 en la calificaci\u00f3n legal la cuesti\u00f3n de g\u00e9nero<\/strong>. Ese es el gran paso que dio el Ministerio P\u00fablico Fiscal (MPF)\u00bb.<\/p>\n\n\n\n<p>\u00abTodo eso que se ve\u00eda respecto a la cuesti\u00f3n de g\u00e9nero, se visualiza ahora en la sentencia, y la sentencia marca la realidad de los dos hechos\u00bb, puntualiz\u00f3 la funcionaria judicial, a la vez que elogi\u00f3 la instrucci\u00f3n de la causa desarrollada por su colega Griffi.<\/p>\n\n\n\n<p>Por su parte, el abogado defensor de Cabrera, Carlos Hairabedian, sostuvo: \u00abEstoy en desacuerdo con que sea efectiva la sanci\u00f3n. Nosotros<strong>&nbsp;vamos a recurrir<\/strong>&nbsp;hasta la Corte Suprema de Justicia, porque los hechos por los que fue condenado se encuentran prescriptos (son de 2016 y 2018).<\/p>\n\n\n\n<p>\u00abDe todas maneras, los que estaban en la acusaci\u00f3n pensaban que iba a caer una sanci\u00f3n mucho m\u00e1s alta, y se han equivocado, Por otra parte, dentro de dos meses Cabrera cumple los ocho meses de encierro, lo que le permite recuperar la libertad condicional\u00bb, sostuvo el defensor del golfista.<\/p>\n\n\n\n<figure class=\"wp-block-image size-large is-resized\"><a href=\"https:\/\/i0.wp.com\/elterritorialweb.com.ar\/web\/wp-content\/uploads\/2021\/07\/PATO-CABRERA-2.jpg\"><img data-recalc-dims=\"1\" decoding=\"async\" data-src=\"https:\/\/i0.wp.com\/elterritorialweb.com.ar\/web\/wp-content\/uploads\/2021\/07\/PATO-CABRERA-2.jpg?resize=640%2C360\" alt=\"\" class=\"wp-image-24182 lazyload\" width=\"640\" height=\"360\" data-srcset=\"https:\/\/i0.wp.com\/elterritorialweb.com.ar\/web\/wp-content\/uploads\/2021\/07\/PATO-CABRERA-2.jpg?w=680&amp;ssl=1 680w, https:\/\/i0.wp.com\/elterritorialweb.com.ar\/web\/wp-content\/uploads\/2021\/07\/PATO-CABRERA-2.jpg?resize=300%2C169&amp;ssl=1 300w\" data-sizes=\"(max-width: 640px) 100vw, 640px\" src=\"data:image\/svg+xml;base64,PHN2ZyB3aWR0aD0iMSIgaGVpZ2h0PSIxIiB4bWxucz0iaHR0cDovL3d3dy53My5vcmcvMjAwMC9zdmciPjwvc3ZnPg==\" style=\"--smush-placeholder-width: 640px; --smush-placeholder-aspect-ratio: 640\/360;\" \/><\/a><figcaption>C\u00c1MARA EN LO CRIMINAL 2\u00b0 NOMINACI\u00d3N <\/figcaption><\/figure>\n\n\n\n<p>Ambas denuncias fueron realizadas por Torres Mana, y en la primera audiencia del juicio Hairabedian hab\u00eda solicitado la unificaci\u00f3n de las causas, pero la fiscal Batistelli no accedi\u00f3.<\/p>\n\n\n\n<p>Cabrera,&nbsp;<strong>ganador del US Open 2007 y del Masters de Augusta en 2009<\/strong>, el 20 de julio del a\u00f1o pasado viaj\u00f3 sin autorizaci\u00f3n judicial desde su domicilio en la localidad cordobesa de Villa Allende hacia los Estados Unidos para participar de un torneo de golf.<\/p>\n\n\n\n<p>La Justicia advirti\u00f3 la ausencia dos semanas despu\u00e9s, a poco de establecer la fecha para el juicio y a escasos d\u00edas de nuevas denuncias presentadas por su expareja, lo que motiv\u00f3 que se pidiera su&nbsp;<strong>captura internacional<\/strong>, que se pudo concretar el 14 de enero en R\u00edo de Janeiro (Brasil).<\/p>\n\n\n\n<p>El pasado 12 de junio Cabrera lleg\u00f3 extraditado a C\u00f3rdoba, se le dict\u00f3 la prisi\u00f3n preventiva y fue alojado en calidad de detenido en el penal de Bouwer.<\/p>\n","protected":false},"excerpt":{"rendered":"<p>El golfista, ganador del major de Augusta y el Abierto de Estados Unidos, fue condenado por lesiones agravadas y hurto simple en contra de su expareja Cecilia Torres Mana. Se hab\u00eda fugado del pa\u00eds y hab\u00eda sido extraditado desde Brasil.<\/p>\n","protected":false},"author":2,"featured_media":24178,"comment_status":"open","ping_status":"open","sticky":false,"template":"","format":"standard","meta":{"om_disable_all_campaigns":false,"_monsterinsights_skip_tracking":false,"_monsterinsights_sitenote_active":false,"_monsterinsights_sitenote_note":"","_monsterinsights_sitenote_category":0,"_uf_show_specific_survey":0,"_uf_disable_surveys":false,"jetpack_post_was_ever_published":false,"_jetpack_newsletter_access":"","_jetpack_dont_email_post_to_subs":false,"_jetpack_newsletter_tier_id":0,"_jetpack_memberships_contains_paywalled_content":false,"_jetpack_memberships_contains_paid_content":false,"footnotes":"","jetpack_publicize_message":"","jetpack_publicize_feature_enabled":true,"jetpack_social_post_already_shared":false,"jetpack_social_options":{"image_generator_settings":{"template":"highway","default_image_id":0,"font":"","enabled":false},"version":2}},"categories":[6],"tags":[],"class_list":["post-24177","post","type-post","status-publish","format-standard","has-post-thumbnail","hentry","category-deportes"],"aioseo_notices":[],"views":3,"jetpack_publicize_connections":[],"jetpack_featured_media_url":"https:\/\/i0.wp.com\/elterritorialweb.com.ar\/web\/wp-content\/uploads\/2021\/07\/PATO-CABRERA.jpg?fit=1200%2C630&ssl=1","jetpack_sharing_enabled":true,"_links":{"self":[{"href":"https:\/\/elterritorialweb.com.ar\/web\/wp-json\/wp\/v2\/posts\/24177","targetHints":{"allow":["GET"]}}],"collection":[{"href":"https:\/\/elterritorialweb.com.ar\/web\/wp-json\/wp\/v2\/posts"}],"about":[{"href":"https:\/\/elterritorialweb.com.ar\/web\/wp-json\/wp\/v2\/types\/post"}],"author":[{"embeddable":true,"href":"https:\/\/elterritorialweb.com.ar\/web\/wp-json\/wp\/v2\/users\/2"}],"replies":[{"embeddable":true,"href":"https:\/\/elterritorialweb.com.ar\/web\/wp-json\/wp\/v2\/comments?post=24177"}],"version-history":[{"count":3,"href":"https:\/\/elterritorialweb.com.ar\/web\/wp-json\/wp\/v2\/posts\/24177\/revisions"}],"predecessor-version":[{"id":24184,"href":"https:\/\/elterritorialweb.com.ar\/web\/wp-json\/wp\/v2\/posts\/24177\/revisions\/24184"}],"wp:featuredmedia":[{"embeddable":true,"href":"https:\/\/elterritorialweb.com.ar\/web\/wp-json\/wp\/v2\/media\/24178"}],"wp:attachment":[{"href":"https:\/\/elterritorialweb.com.ar\/web\/wp-json\/wp\/v2\/media?parent=24177"}],"wp:term":[{"taxonomy":"category","embeddable":true,"href":"https:\/\/elterritorialweb.com.ar\/web\/wp-json\/wp\/v2\/categories?post=24177"},{"taxonomy":"post_tag","embeddable":true,"href":"https:\/\/elterritorialweb.com.ar\/web\/wp-json\/wp\/v2\/tags?post=24177"}],"curies":[{"name":"wp","href":"https:\/\/api.w.org\/{rel}","templated":true}]}}