{"id":24185,"date":"2021-07-08T03:20:48","date_gmt":"2021-07-08T03:20:48","guid":{"rendered":"http:\/\/elterritorialweb.com.ar\/web\/?p=24185"},"modified":"2021-07-08T03:25:51","modified_gmt":"2021-07-08T03:25:51","slug":"coronavirus-en-santiago-se-confirmaron-639-casos-positivos-en-la-provincia","status":"publish","type":"post","link":"https:\/\/elterritorialweb.com.ar\/web\/coronavirus-en-santiago-se-confirmaron-639-casos-positivos-en-la-provincia\/","title":{"rendered":"CORONAVIRUS EN SANTIAGO: SE CONFIRMARON 639 CASOS POSITIVOS EN LA PROVINCIA"},"content":{"rendered":"\n<p>Se recuperaron setecientos dos (702) casos, por lo que son cincuenta mil trescientos ochenta y dos (50.382) los casos recuperados en la provincia.<\/p>\n\n\n\n<p>Se notificaron en el d\u00eda de hoy seis (6) personas fallecidas con diagn\u00f3stico de COVID-19 activo. Una mujer de 94 a\u00f1os y un hombre de 64 a\u00f1os, ambos internados en el Hospital Zonal Monte Quemado. Un hombre de 54 a\u00f1os que estaba internado en el Hospital Neumonol\u00f3gico. Un hombre de 76 a\u00f1os, internado en un sanatorio privado de La Banda. Una mujer de 59 a\u00f1os con antecedentes de diabetes e hipertensi\u00f3n del Dpto Choya en un sanatorio privado de la ciudad Capital. Un hombre de 71 a\u00f1os con antecedentes de diabetes que estaba internado en un sanatorio privado de la ciudad Capital. <\/p>\n\n\n\n<p>Hay un total de ochocientos quince (815) personas positivas fallecidas en la provincia.<\/p>\n\n\n\n<p>Se procesaron un total de mil ochocientos sesenta y dos (1.862) muestras el d\u00eda de hoy. <\/p>\n\n\n\n<p><strong>Se confirmaron seiscientos treinta y nueve (639) casos, Santiago Banda (281) e interior de la provincia (358) distribuidos de la siguiente manera: Aerolito 2; Antaje 1; A\u00f1atuya 2; Bandera 12; Bandera Bajada 1; Beltr\u00e1n 1; Brea Pozo 9; Buey Rodeo 1; Campo Gallo 9; Casares 1; Chauchillas 1; Chaupi Pozo 2; Clodomira 11; Colonia Argentina 1; Colonia El Simbolar 9; Colonia Mar\u00eda Elena 1; Colonia Tinco 1; Cruz Pozo 1; El Bobadal 3; El Charco 1; El Colorado 1; El Cruce 1; El Polear 1; El Porvenir 1; Estaci\u00f3n Simbolar 1; Estaci\u00f3n Taboada 8; Fern\u00e1ndez 8; Forres 9; Fr\u00edas 42; Garza 10; Gramilla 2; Ica\u00f1o 1; Isla Corral 1; La Ca\u00f1ada 2; La D\u00e1rsena 1; La Invernada 3; La Noria 1; Las Tinajas 2; Lavalle 3; Loreto 9; Los Juries 7; Los N\u00fa\u00f1ez 2; Los Quiroga 2; Los Telares 11; Los Veliz 1; Malbran; 1; Monte Quemado 16; Monte Redondo 1; Nueva Esperanza 1; Otumpa 2; Pinto 1; Pozo del Toba 3; Quimili 37; Ram\u00edrez de Velazco 1; Real Sayana 7; San Isidro 4; San Javier 2; San Jorge 1; San Pedro 1; San Pedro de Guasayan 3; Santa Maria 1; Selva 5; Siete Arboles 1; Sotelillo 1; Sotelo 2; Sumampa 19; Suncho Corral 3; Suri Pozo 1; Taca\u00f1itas 1; Termas 11; Tomas Young 1; Toro Pozo 1; Tres Cruces 1; Vaca Hua\u00f1una 2; Vaca Human 2; Vilelas 1; Villa La Punta 1; Villa Mailin 9; Villa Nueva 2; Villa Robles 1; Villa Salavina 2; Villa Zanj\u00f3n 5; Weisburd 4.<\/strong> <\/p>\n\n\n\n<p>Permanecen activos once mil trescientos cuarenta y dos (11.342) casos en la provincia. <\/p>\n\n\n\n<p>El total de casos positivos acumulados es de sesenta y tres mil ochocientos nueve (63.809).<\/p>\n\n\n\n<p>Se descartaron mil doscientos veintitr\u00e9s (1.223) casos el d\u00eda de hoy, por lo que hay ciento setenta y nueve mil trescientos ochenta (179.380) casos descartados a la fecha. <\/p>\n\n\n\n<p><strong>Importante:<\/strong> La diferencia de casos acumulados, y difundidos en el reporte nacional, obedece a diferentes horarios de carga y a santiague\u00f1os que residen en otras provincias pero que no tienen realizado el cambio de domicilio legal en su DNI. Se ha solicitado el correspondiente pedido de reclasificaci\u00f3n de los casos excedentes cargados para nuestra provincia.<\/p>\n\n\n\n<p><strong>RECOMENDACIONES<\/strong><\/p>\n\n\n\n<p>Se recuerda que TODAS las personas que son contacto estrecho de casos positivos que DEBEN realizar un AISLAMIENTO SANITARIO OBLIGATORIO de 14 d\u00edas, aunque no presenten s\u00edntomas e independientemente si fueron hisopados y su resultado fue no detectable (negativo). <\/p>\n\n\n\n<p>Durante el aislamiento sanitario las personas no pueden salir de su hogar ni recibir visitas y deben cumplir con las medidas de prevenci\u00f3n indicadas por las autoridades sanitarias. <\/p>\n\n\n\n<p>Ante la presencia de fiebre mayor o igual a 37,5\u00b0 y s\u00edntomas respiratorios como tos, dolor de garganta, dificultad para respirar, adem\u00e1s de falta de gusto y olfato de reciente aparici\u00f3n, y tambi\u00e9n cefalea, diarrea y\/o v\u00f3mitos o al haber estado en contacto con un caso confirmado, se insta a la poblaci\u00f3n a que haga un contacto de inmediato con el sistema de salud contact\u00e1ndose con su centro de salud m\u00e1s cercano o comunic\u00e1ndose al 107 y evite el contacto social <\/p>\n\n\n\n<p>Tambi\u00e9n se recuerda que se realiza el hisopado a los contactos estrechos de casos positivos que presenten s\u00edntomas o que tengan factores de riesgo (mayores de 60 a\u00f1os, embarazadas, inmunocomprometidos, enfermos oncol\u00f3gicos o dializados).<\/p>\n\n\n\n<p>Recordemos continuar respetando las medidas de distancia f\u00edsica y lavarnos frecuentemente las manos con agua y jab\u00f3n. Si necesitamos salir usemos el barbijo correctamente sin tocarlo ni tocarnos la cara. <\/p>\n\n\n\n<p>Respetar todos los protocolos vigentes y las actividades permitidas, y no realizar reuniones sociales o familiares evitando contacto estrecho con personas que no sean convivientes.<\/p>\n","protected":false},"excerpt":{"rendered":"<p>Informe del Ministerio de Salud de la provincia de Santiago del Estero.<\/p>\n","protected":false},"author":2,"featured_media":24189,"comment_status":"open","ping_status":"open","sticky":false,"template":"","format":"standard","meta":{"om_disable_all_campaigns":false,"_monsterinsights_skip_tracking":false,"_monsterinsights_sitenote_active":false,"_monsterinsights_sitenote_note":"","_monsterinsights_sitenote_category":0,"_uf_show_specific_survey":0,"_uf_disable_surveys":false,"jetpack_post_was_ever_published":false,"_jetpack_newsletter_access":"","_jetpack_dont_email_post_to_subs":false,"_jetpack_newsletter_tier_id":0,"_jetpack_memberships_contains_paywalled_content":false,"_jetpack_memberships_contains_paid_content":false,"footnotes":"","jetpack_publicize_message":"","jetpack_publicize_feature_enabled":true,"jetpack_social_post_already_shared":false,"jetpack_social_options":{"image_generator_settings":{"template":"highway","default_image_id":0,"font":"","enabled":false},"version":2}},"categories":[3],"tags":[],"class_list":["post-24185","post","type-post","status-publish","format-standard","has-post-thumbnail","hentry","category-salud"],"aioseo_notices":[],"views":2,"jetpack_publicize_connections":[],"jetpack_featured_media_url":"https:\/\/i0.wp.com\/elterritorialweb.com.ar\/web\/wp-content\/uploads\/2021\/07\/reporte-diario-7-de-julio-1.jpg?fit=960%2C720&ssl=1","jetpack_sharing_enabled":true,"_links":{"self":[{"href":"https:\/\/elterritorialweb.com.ar\/web\/wp-json\/wp\/v2\/posts\/24185","targetHints":{"allow":["GET"]}}],"collection":[{"href":"https:\/\/elterritorialweb.com.ar\/web\/wp-json\/wp\/v2\/posts"}],"about":[{"href":"https:\/\/elterritorialweb.com.ar\/web\/wp-json\/wp\/v2\/types\/post"}],"author":[{"embeddable":true,"href":"https:\/\/elterritorialweb.com.ar\/web\/wp-json\/wp\/v2\/users\/2"}],"replies":[{"embeddable":true,"href":"https:\/\/elterritorialweb.com.ar\/web\/wp-json\/wp\/v2\/comments?post=24185"}],"version-history":[{"count":1,"href":"https:\/\/elterritorialweb.com.ar\/web\/wp-json\/wp\/v2\/posts\/24185\/revisions"}],"predecessor-version":[{"id":24187,"href":"https:\/\/elterritorialweb.com.ar\/web\/wp-json\/wp\/v2\/posts\/24185\/revisions\/24187"}],"wp:featuredmedia":[{"embeddable":true,"href":"https:\/\/elterritorialweb.com.ar\/web\/wp-json\/wp\/v2\/media\/24189"}],"wp:attachment":[{"href":"https:\/\/elterritorialweb.com.ar\/web\/wp-json\/wp\/v2\/media?parent=24185"}],"wp:term":[{"taxonomy":"category","embeddable":true,"href":"https:\/\/elterritorialweb.com.ar\/web\/wp-json\/wp\/v2\/categories?post=24185"},{"taxonomy":"post_tag","embeddable":true,"href":"https:\/\/elterritorialweb.com.ar\/web\/wp-json\/wp\/v2\/tags?post=24185"}],"curies":[{"name":"wp","href":"https:\/\/api.w.org\/{rel}","templated":true}]}}