{"id":24190,"date":"2021-07-08T03:41:37","date_gmt":"2021-07-08T03:41:37","guid":{"rendered":"http:\/\/elterritorialweb.com.ar\/web\/?p=24190"},"modified":"2021-07-08T03:41:38","modified_gmt":"2021-07-08T03:41:38","slug":"la-industria-crecio-en-mayo-302-interanual-y-la-construccion-el-709","status":"publish","type":"post","link":"https:\/\/elterritorialweb.com.ar\/web\/la-industria-crecio-en-mayo-302-interanual-y-la-construccion-el-709\/","title":{"rendered":"LA INDUSTRIA CRECI\u00d3 EN MAYO 30,2% INTERANUAL Y LA CONSTRUCCI\u00d3N EL 70,9%"},"content":{"rendered":"\n<p>La&nbsp;<strong>actividad industrial creci\u00f3 durante mayo 30,2%<\/strong>&nbsp;en relaci\u00f3n con igual mes del a\u00f1o pasado, y la<strong>&nbsp;construcci\u00f3n el 70,9%,&nbsp;<\/strong>inform\u00f3 este mi\u00e9rcoles el&nbsp;<strong>Instituto Nacional de Estad\u00edstica y Censos (Indec).<\/strong><\/p>\n\n\n\n<p>En lo que respecta a abril pasado, la actividad fabril de mayo marc\u00f3 un descenso de 5%, y en el caso de la construcci\u00f3n mostr\u00f3 una merma del 3%.<\/p>\n\n\n\n<p>De esta forma, e<strong>n los primeros cinco meses del a\u00f1o la industria acumul\u00f3 un crecimiento del 23%<\/strong>&nbsp;respecto de igual per\u00edodo de 2020.<\/p>\n\n\n\n<p>En mayo crecieron 15 de los 16 sectores relevados, con subas interanuales de tres d\u00edgitos en tres de ellos y de dos d\u00edgitos en otros 10.<\/p>\n\n\n\n<p><strong>LA CONSTRUCCI\u00d3N <\/strong><\/p>\n\n\n\n<p>En la construcci\u00f3n, por su parte, el fuerte aumento de 70,9% registrado en mayo fue atribuido en parte a la baja base de comparaci\u00f3n por las restricciones de la pandemia en 2020.<\/p>\n\n\n\n<p>A pesar de esto, con la mejora de mayo suman siete los meses consecutivos con resultados positivos en el cotejo interanual.<\/p>\n\n\n\n<p>Por \u00faltimo, el acumulado de los primeros cinco meses de 2021 marc\u00f3 un avance de 70,9%, explicado esencialmente por el desempe\u00f1\u00f3 de mayo.<\/p>\n\n\n\n<figure class=\"wp-block-image size-large is-resized\"><a href=\"https:\/\/i0.wp.com\/elterritorialweb.com.ar\/web\/wp-content\/uploads\/2021\/07\/LA-CONSTRUCCION.jpg\"><img data-recalc-dims=\"1\" decoding=\"async\" data-src=\"https:\/\/i0.wp.com\/elterritorialweb.com.ar\/web\/wp-content\/uploads\/2021\/07\/LA-CONSTRUCCION.jpg?resize=640%2C359\" alt=\"\" class=\"wp-image-24192 lazyload\" width=\"640\" height=\"359\" data-srcset=\"https:\/\/i0.wp.com\/elterritorialweb.com.ar\/web\/wp-content\/uploads\/2021\/07\/LA-CONSTRUCCION.jpg?w=680&amp;ssl=1 680w, https:\/\/i0.wp.com\/elterritorialweb.com.ar\/web\/wp-content\/uploads\/2021\/07\/LA-CONSTRUCCION.jpg?resize=300%2C169&amp;ssl=1 300w\" data-sizes=\"(max-width: 640px) 100vw, 640px\" src=\"data:image\/svg+xml;base64,PHN2ZyB3aWR0aD0iMSIgaGVpZ2h0PSIxIiB4bWxucz0iaHR0cDovL3d3dy53My5vcmcvMjAwMC9zdmciPjwvc3ZnPg==\" style=\"--smush-placeholder-width: 640px; --smush-placeholder-aspect-ratio: 640\/359;\" \/><\/a><\/figure>\n\n\n\n<p>Desde el Ministerio de Econom\u00eda&nbsp;<strong>destacaron que la actividad de la construcci\u00f3n se encuentra 13,5% por encima del nivel pre-Covid (feb-20, serie sin estacionalidad).<\/strong><\/p>\n\n\n\n<p>\u201cLa din\u00e1mica del mes estuvo afectada en parte por las restricciones a la movilidad de la \u00faltima semana de mayo, adem\u00e1s de la presencia de problemas log\u00edsticos con el personal derivados del aumento de contagios de Covid-19\u201d, sostuvo el Palacio de Hacienda luego de que el Indec diera a conocer los nuevos n\u00fameros.<\/p>\n\n\n\n<p>A esto tambi\u00e9n se sumaron problemas espec\u00edficos de las ramas, como por ejemplo, el cese de comercializaci\u00f3n iniciado por los productores ganaderos ante las limitaciones a las exportaciones del sector, la reducci\u00f3n en el abastecimiento de ox\u00edgeno que afect\u00f3 la producci\u00f3n sider\u00fargica, y los cortes en la provisi\u00f3n de gas natural que afecto al sector metalmec\u00e1nico, entre otros.<\/p>\n","protected":false},"excerpt":{"rendered":"<p>De esta forma, en los primeros cinco meses del a\u00f1o la industria acumul\u00f3 un crecimiento del 23% respecto del mismo per\u00edodo de 2020.<\/p>\n","protected":false},"author":2,"featured_media":24191,"comment_status":"open","ping_status":"open","sticky":false,"template":"","format":"standard","meta":{"om_disable_all_campaigns":false,"_monsterinsights_skip_tracking":false,"_monsterinsights_sitenote_active":false,"_monsterinsights_sitenote_note":"","_monsterinsights_sitenote_category":0,"_uf_show_specific_survey":0,"_uf_disable_surveys":false,"jetpack_post_was_ever_published":false,"_jetpack_newsletter_access":"","_jetpack_dont_email_post_to_subs":false,"_jetpack_newsletter_tier_id":0,"_jetpack_memberships_contains_paywalled_content":false,"_jetpack_memberships_contains_paid_content":false,"footnotes":"","jetpack_publicize_message":"","jetpack_publicize_feature_enabled":true,"jetpack_social_post_already_shared":false,"jetpack_social_options":{"image_generator_settings":{"template":"highway","default_image_id":0,"font":"","enabled":false},"version":2}},"categories":[2],"tags":[],"class_list":["post-24190","post","type-post","status-publish","format-standard","has-post-thumbnail","hentry","category-economia"],"aioseo_notices":[],"views":7,"jetpack_publicize_connections":[],"jetpack_featured_media_url":"https:\/\/i0.wp.com\/elterritorialweb.com.ar\/web\/wp-content\/uploads\/2021\/07\/INDUSTRIA.jpg?fit=680%2C453&ssl=1","jetpack_sharing_enabled":true,"_links":{"self":[{"href":"https:\/\/elterritorialweb.com.ar\/web\/wp-json\/wp\/v2\/posts\/24190","targetHints":{"allow":["GET"]}}],"collection":[{"href":"https:\/\/elterritorialweb.com.ar\/web\/wp-json\/wp\/v2\/posts"}],"about":[{"href":"https:\/\/elterritorialweb.com.ar\/web\/wp-json\/wp\/v2\/types\/post"}],"author":[{"embeddable":true,"href":"https:\/\/elterritorialweb.com.ar\/web\/wp-json\/wp\/v2\/users\/2"}],"replies":[{"embeddable":true,"href":"https:\/\/elterritorialweb.com.ar\/web\/wp-json\/wp\/v2\/comments?post=24190"}],"version-history":[{"count":1,"href":"https:\/\/elterritorialweb.com.ar\/web\/wp-json\/wp\/v2\/posts\/24190\/revisions"}],"predecessor-version":[{"id":24193,"href":"https:\/\/elterritorialweb.com.ar\/web\/wp-json\/wp\/v2\/posts\/24190\/revisions\/24193"}],"wp:featuredmedia":[{"embeddable":true,"href":"https:\/\/elterritorialweb.com.ar\/web\/wp-json\/wp\/v2\/media\/24191"}],"wp:attachment":[{"href":"https:\/\/elterritorialweb.com.ar\/web\/wp-json\/wp\/v2\/media?parent=24190"}],"wp:term":[{"taxonomy":"category","embeddable":true,"href":"https:\/\/elterritorialweb.com.ar\/web\/wp-json\/wp\/v2\/categories?post=24190"},{"taxonomy":"post_tag","embeddable":true,"href":"https:\/\/elterritorialweb.com.ar\/web\/wp-json\/wp\/v2\/tags?post=24190"}],"curies":[{"name":"wp","href":"https:\/\/api.w.org\/{rel}","templated":true}]}}