{"id":24194,"date":"2021-07-08T04:11:27","date_gmt":"2021-07-08T04:11:27","guid":{"rendered":"http:\/\/elterritorialweb.com.ar\/web\/?p=24194"},"modified":"2021-07-08T04:41:16","modified_gmt":"2021-07-08T04:41:16","slug":"la-seleccion-argentina-ya-esta-en-rio-de-janeiro-para-jugar-la-gran-final-ante-brasil","status":"publish","type":"post","link":"https:\/\/elterritorialweb.com.ar\/web\/la-seleccion-argentina-ya-esta-en-rio-de-janeiro-para-jugar-la-gran-final-ante-brasil\/","title":{"rendered":"LA SELECCI\u00d3N ARGENTINA YA EST\u00c1 EN R\u00cdO DE JANEIRO PARA JUGAR LA GRAN FINAL ANTE BRASIL"},"content":{"rendered":"\n<p>La Selecci\u00f3n argentina ya est\u00e1 en R\u00edo de Janeiro. (Foto: Twitter de @argentina)<\/p>\n\n\n\n<p>El seleccionado argentino<strong>&nbsp;lleg\u00f3 el mi\u00e9rcoles por la noche a R\u00edo de Janeiro<\/strong>, donde aguardar\u00e1 por el duelo del s\u00e1bado a las 21 frente al anfitri\u00f3n en la gran<strong>&nbsp;final de la Copa Am\u00e9rica de Brasil<\/strong>.<\/p>\n\n\n\n<p>Los futbolistas que no actuaron el martes en la victoria por penales ante Colombia tuvieron esta ma\u00f1ana un \u00faltimo entrenamiento en Brasilia, mientras que&nbsp;<strong>aquellos que sumaron minutos descansaron<\/strong>.<\/p>\n\n\n\n<p>Una de las grandes preocupaciones del cuerpo t\u00e9cnico pasaba por el tobillo de Lionel Messi, luego de la dura patada que recibi\u00f3\u00a0por parte de Frank Fabra. Si bien no hubo un parte m\u00e9dico oficial,\u00a0se \u00a0pudo confirmar que no hay lesi\u00f3n. \u201c<strong>Solo un fuerte traumatismo<\/strong>\u201d, respondieron a la consulta.\u00a0<strong>Podr\u00e1 jugar la final contra Brasil sin problemas<\/strong>.<\/p>\n\n\n\n<p>Quien vuelve a estar en duda es el defensor Cristian \u201cCuti\u201d Romero, que no pudo estar presente en los \u00faltimos tres partidos, debido a una lesi\u00f3n: el jugador del Atalanta arrastra&nbsp;<strong>una distorsi\u00f3n en la rodilla<\/strong>&nbsp;y, si bien fue exigido,&nbsp;<strong>no est\u00e1 recuperado&nbsp;<\/strong>por completo. Por ese motivo no fue al banco ante Colombia en Brasilia.<\/p>\n\n\n\n<p>Scaloni lo esperar\u00e1 hasta \u00faltimo momento. En caso que no pueda estar, la zaga central volver\u00e1 a estar integrada por Germ\u00e1n Pezzella y Nicol\u00e1s Otamendi.<\/p>\n","protected":false},"excerpt":{"rendered":"<p>El s\u00e1bado a las 21 se enfrentar\u00e1 con Brasil en el estadio Maracan\u00e1. Lionel Messi ser\u00e1 la bandera de un equipo que quiere cortar una sequ\u00eda de 28 a\u00f1os.<\/p>\n","protected":false},"author":2,"featured_media":24195,"comment_status":"open","ping_status":"open","sticky":false,"template":"","format":"standard","meta":{"om_disable_all_campaigns":false,"_monsterinsights_skip_tracking":false,"_monsterinsights_sitenote_active":false,"_monsterinsights_sitenote_note":"","_monsterinsights_sitenote_category":0,"_uf_show_specific_survey":0,"_uf_disable_surveys":false,"jetpack_post_was_ever_published":false,"_jetpack_newsletter_access":"","_jetpack_dont_email_post_to_subs":false,"_jetpack_newsletter_tier_id":0,"_jetpack_memberships_contains_paywalled_content":false,"_jetpack_memberships_contains_paid_content":false,"footnotes":"","jetpack_publicize_message":"","jetpack_publicize_feature_enabled":true,"jetpack_social_post_already_shared":false,"jetpack_social_options":{"image_generator_settings":{"template":"highway","default_image_id":0,"font":"","enabled":false},"version":2}},"categories":[6],"tags":[],"class_list":["post-24194","post","type-post","status-publish","format-standard","has-post-thumbnail","hentry","category-deportes"],"aioseo_notices":[],"views":9,"jetpack_publicize_connections":[],"jetpack_featured_media_url":"https:\/\/i0.wp.com\/elterritorialweb.com.ar\/web\/wp-content\/uploads\/2021\/07\/ARGENTINA-EN-RIO-DE-JANEIRO.jpg?fit=1024%2C1024&ssl=1","jetpack_sharing_enabled":true,"_links":{"self":[{"href":"https:\/\/elterritorialweb.com.ar\/web\/wp-json\/wp\/v2\/posts\/24194","targetHints":{"allow":["GET"]}}],"collection":[{"href":"https:\/\/elterritorialweb.com.ar\/web\/wp-json\/wp\/v2\/posts"}],"about":[{"href":"https:\/\/elterritorialweb.com.ar\/web\/wp-json\/wp\/v2\/types\/post"}],"author":[{"embeddable":true,"href":"https:\/\/elterritorialweb.com.ar\/web\/wp-json\/wp\/v2\/users\/2"}],"replies":[{"embeddable":true,"href":"https:\/\/elterritorialweb.com.ar\/web\/wp-json\/wp\/v2\/comments?post=24194"}],"version-history":[{"count":3,"href":"https:\/\/elterritorialweb.com.ar\/web\/wp-json\/wp\/v2\/posts\/24194\/revisions"}],"predecessor-version":[{"id":24199,"href":"https:\/\/elterritorialweb.com.ar\/web\/wp-json\/wp\/v2\/posts\/24194\/revisions\/24199"}],"wp:featuredmedia":[{"embeddable":true,"href":"https:\/\/elterritorialweb.com.ar\/web\/wp-json\/wp\/v2\/media\/24195"}],"wp:attachment":[{"href":"https:\/\/elterritorialweb.com.ar\/web\/wp-json\/wp\/v2\/media?parent=24194"}],"wp:term":[{"taxonomy":"category","embeddable":true,"href":"https:\/\/elterritorialweb.com.ar\/web\/wp-json\/wp\/v2\/categories?post=24194"},{"taxonomy":"post_tag","embeddable":true,"href":"https:\/\/elterritorialweb.com.ar\/web\/wp-json\/wp\/v2\/tags?post=24194"}],"curies":[{"name":"wp","href":"https:\/\/api.w.org\/{rel}","templated":true}]}}