{"id":24200,"date":"2021-07-08T18:56:38","date_gmt":"2021-07-08T18:56:38","guid":{"rendered":"http:\/\/elterritorialweb.com.ar\/web\/?p=24200"},"modified":"2021-07-08T18:56:39","modified_gmt":"2021-07-08T18:56:39","slug":"recorrida-por-obras-de-viviendas-en-la-ciudad-capital-y-banda","status":"publish","type":"post","link":"https:\/\/elterritorialweb.com.ar\/web\/recorrida-por-obras-de-viviendas-en-la-ciudad-capital-y-banda\/","title":{"rendered":"RECORRIDA POR OBRAS DE VIVIENDAS EN LA CIUDAD CAPITAL Y BANDA"},"content":{"rendered":"\n<p>En primer lugar, las autoridades recorrieron el barrio ampliaci\u00f3n Mama Antula en La Banda que corresponde al programa federal de reactivaci\u00f3n de Naci\u00f3n.<\/p>\n\n\n\n<p>Seguidamente, la comitiva oficial se dirigi\u00f3 a las Torres del Rio I, donde los funcionarios observaron los modernos departamentos que brindaran una soluci\u00f3n habitacional m\u00e1s para los santiague\u00f1os que lo necesitan.&nbsp;<\/p>\n\n\n\n<figure class=\"wp-block-image size-large\"><a href=\"https:\/\/i0.wp.com\/elterritorialweb.com.ar\/web\/wp-content\/uploads\/2021\/07\/recorrido-1.jpg\"><img data-recalc-dims=\"1\" decoding=\"async\" width=\"640\" height=\"427\" data-src=\"https:\/\/i0.wp.com\/elterritorialweb.com.ar\/web\/wp-content\/uploads\/2021\/07\/recorrido-1.jpg?resize=640%2C427\" alt=\"\" class=\"wp-image-24202 lazyload\" data-srcset=\"https:\/\/i0.wp.com\/elterritorialweb.com.ar\/web\/wp-content\/uploads\/2021\/07\/recorrido-1.jpg?resize=1024%2C683&amp;ssl=1 1024w, https:\/\/i0.wp.com\/elterritorialweb.com.ar\/web\/wp-content\/uploads\/2021\/07\/recorrido-1.jpg?resize=300%2C200&amp;ssl=1 300w, https:\/\/i0.wp.com\/elterritorialweb.com.ar\/web\/wp-content\/uploads\/2021\/07\/recorrido-1.jpg?resize=768%2C512&amp;ssl=1 768w, https:\/\/i0.wp.com\/elterritorialweb.com.ar\/web\/wp-content\/uploads\/2021\/07\/recorrido-1.jpg?w=1124&amp;ssl=1 1124w\" data-sizes=\"(max-width: 640px) 100vw, 640px\" src=\"data:image\/svg+xml;base64,PHN2ZyB3aWR0aD0iMSIgaGVpZ2h0PSIxIiB4bWxucz0iaHR0cDovL3d3dy53My5vcmcvMjAwMC9zdmciPjwvc3ZnPg==\" style=\"--smush-placeholder-width: 640px; --smush-placeholder-aspect-ratio: 640\/427;\" \/><\/a><\/figure>\n\n\n\n<p>A continuaci\u00f3n, finalizando una extensa jornada, tanto el secretario de Articulaci\u00f3n Federal del Ministerio de Desarrollo Territorial y H\u00e1bitat de la Naci\u00f3n, Arq. Hugo Cabral como el presidente del IPVU, Arq. Augusto Du Bois Goitia visitaron en la ciudad Capital el imponente complejo habitacional que se est\u00e1 construyendo en la zona sur de la Costanera, denominado Parque del Rio I, II y III en donde recorrieron las respectivas viviendas, duplex y departamentos que se est\u00e1n llevando adelante en dicha parte de la ciudad, mostrando un crecimiento exponencial y urbanizando una zona de la ciudad que est\u00e1 en pleno desarrollo.&nbsp;<\/p>\n","protected":false},"excerpt":{"rendered":"<p>Luego de finalizar la apertura de sobres para las viviendas en la Banda, El secretario de Articulaci\u00f3n Federal del Ministerio de Desarrollo Territorial y Habitat de la Naci\u00f3n, Arq. Hugo Cabral junto presidente del IPVU, Arq. Augusto Du Bois Goitia y el equipo de trabajo del IPVU visitaron las nuevas viviendas que est\u00e1n construy\u00e9ndose en la ciudad Capital y La Banda.<\/p>\n","protected":false},"author":2,"featured_media":24201,"comment_status":"open","ping_status":"open","sticky":false,"template":"","format":"standard","meta":{"om_disable_all_campaigns":false,"_monsterinsights_skip_tracking":false,"_monsterinsights_sitenote_active":false,"_monsterinsights_sitenote_note":"","_monsterinsights_sitenote_category":0,"_uf_show_specific_survey":0,"_uf_disable_surveys":false,"jetpack_post_was_ever_published":false,"_jetpack_newsletter_access":"","_jetpack_dont_email_post_to_subs":false,"_jetpack_newsletter_tier_id":0,"_jetpack_memberships_contains_paywalled_content":false,"_jetpack_memberships_contains_paid_content":false,"footnotes":"","jetpack_publicize_message":"","jetpack_publicize_feature_enabled":true,"jetpack_social_post_already_shared":false,"jetpack_social_options":{"image_generator_settings":{"template":"highway","default_image_id":0,"font":"","enabled":false},"version":2}},"categories":[21],"tags":[],"class_list":["post-24200","post","type-post","status-publish","format-standard","has-post-thumbnail","hentry","category-locales"],"aioseo_notices":[],"views":7,"jetpack_publicize_connections":[],"jetpack_featured_media_url":"https:\/\/i0.wp.com\/elterritorialweb.com.ar\/web\/wp-content\/uploads\/2021\/07\/recorrido-.jpg?fit=1124%2C750&ssl=1","jetpack_sharing_enabled":true,"_links":{"self":[{"href":"https:\/\/elterritorialweb.com.ar\/web\/wp-json\/wp\/v2\/posts\/24200","targetHints":{"allow":["GET"]}}],"collection":[{"href":"https:\/\/elterritorialweb.com.ar\/web\/wp-json\/wp\/v2\/posts"}],"about":[{"href":"https:\/\/elterritorialweb.com.ar\/web\/wp-json\/wp\/v2\/types\/post"}],"author":[{"embeddable":true,"href":"https:\/\/elterritorialweb.com.ar\/web\/wp-json\/wp\/v2\/users\/2"}],"replies":[{"embeddable":true,"href":"https:\/\/elterritorialweb.com.ar\/web\/wp-json\/wp\/v2\/comments?post=24200"}],"version-history":[{"count":1,"href":"https:\/\/elterritorialweb.com.ar\/web\/wp-json\/wp\/v2\/posts\/24200\/revisions"}],"predecessor-version":[{"id":24203,"href":"https:\/\/elterritorialweb.com.ar\/web\/wp-json\/wp\/v2\/posts\/24200\/revisions\/24203"}],"wp:featuredmedia":[{"embeddable":true,"href":"https:\/\/elterritorialweb.com.ar\/web\/wp-json\/wp\/v2\/media\/24201"}],"wp:attachment":[{"href":"https:\/\/elterritorialweb.com.ar\/web\/wp-json\/wp\/v2\/media?parent=24200"}],"wp:term":[{"taxonomy":"category","embeddable":true,"href":"https:\/\/elterritorialweb.com.ar\/web\/wp-json\/wp\/v2\/categories?post=24200"},{"taxonomy":"post_tag","embeddable":true,"href":"https:\/\/elterritorialweb.com.ar\/web\/wp-json\/wp\/v2\/tags?post=24200"}],"curies":[{"name":"wp","href":"https:\/\/api.w.org\/{rel}","templated":true}]}}