{"id":24204,"date":"2021-07-08T19:08:43","date_gmt":"2021-07-08T19:08:43","guid":{"rendered":"http:\/\/elterritorialweb.com.ar\/web\/?p=24204"},"modified":"2021-07-08T22:05:32","modified_gmt":"2021-07-08T22:05:32","slug":"apertura-de-sobres-de-la-licitacion-para-construir-1056-viviendas-en-el-barrio-mama-antula-de-la-banda","status":"publish","type":"post","link":"https:\/\/elterritorialweb.com.ar\/web\/apertura-de-sobres-de-la-licitacion-para-construir-1056-viviendas-en-el-barrio-mama-antula-de-la-banda\/","title":{"rendered":"APERTURA DE SOBRES DE LA LICITACI\u00d3N PARA CONSTRUIR 1056 VIVIENDAS EN EL BARRIO MAMA ANTULA DE LA BANDA"},"content":{"rendered":"\n<p>El gobernador de la provincia, Dr. Gerardo Zamora y el secretario de Articulaci\u00f3n Federal del Ministerio de Desarrollo Territorial y H\u00e1bitat de la Naci\u00f3n, Arq. Hugo Cabral, encabezaron la apertura de sobres de la licitaci\u00f3n para la construcci\u00f3n de 1056 viviendas en el barrio Mama Antula 2, en La Banda. La construcci\u00f3n se realizar\u00e1 con fondos nacionales a trav\u00e9s del Programa Federal Casa Propia Construir Futuro.<\/p>\n\n\n\n<p>Participaron adem\u00e1s el ministro de Obras, Servicios P\u00fablicos, Agua y Medio Ambiente, Arq. Argentino Cambrini, presidente del IPVU (Instituto Provincial de Viviendas y Urbanismo), Arq. Augusto Du Bois Goitia, Esc. Silvina Carabajal de la Escriban\u00eda de Gobierno, secretar\u00eda t\u00e9cnica de Relaciones P\u00fablicas e Institucionales del IPVU, Sara Ayuch, funcionarios nacionales y provinciales.\u00a0<\/p>\n\n\n\n<figure class=\"wp-block-image size-large\"><a href=\"https:\/\/i0.wp.com\/elterritorialweb.com.ar\/web\/wp-content\/uploads\/2021\/07\/sobres-1.jpg\"><img data-recalc-dims=\"1\" decoding=\"async\" width=\"640\" height=\"427\" data-src=\"https:\/\/i0.wp.com\/elterritorialweb.com.ar\/web\/wp-content\/uploads\/2021\/07\/sobres-1.jpg?resize=640%2C427\" alt=\"\" class=\"wp-image-24206 lazyload\" data-srcset=\"https:\/\/i0.wp.com\/elterritorialweb.com.ar\/web\/wp-content\/uploads\/2021\/07\/sobres-1.jpg?resize=1024%2C683&amp;ssl=1 1024w, https:\/\/i0.wp.com\/elterritorialweb.com.ar\/web\/wp-content\/uploads\/2021\/07\/sobres-1.jpg?resize=300%2C200&amp;ssl=1 300w, https:\/\/i0.wp.com\/elterritorialweb.com.ar\/web\/wp-content\/uploads\/2021\/07\/sobres-1.jpg?resize=768%2C512&amp;ssl=1 768w, https:\/\/i0.wp.com\/elterritorialweb.com.ar\/web\/wp-content\/uploads\/2021\/07\/sobres-1.jpg?resize=1536%2C1025&amp;ssl=1 1536w, https:\/\/i0.wp.com\/elterritorialweb.com.ar\/web\/wp-content\/uploads\/2021\/07\/sobres-1.jpg?resize=2048%2C1367&amp;ssl=1 2048w, https:\/\/i0.wp.com\/elterritorialweb.com.ar\/web\/wp-content\/uploads\/2021\/07\/sobres-1.jpg?w=1280 1280w, https:\/\/i0.wp.com\/elterritorialweb.com.ar\/web\/wp-content\/uploads\/2021\/07\/sobres-1.jpg?w=1920 1920w\" data-sizes=\"(max-width: 640px) 100vw, 640px\" src=\"data:image\/svg+xml;base64,PHN2ZyB3aWR0aD0iMSIgaGVpZ2h0PSIxIiB4bWxucz0iaHR0cDovL3d3dy53My5vcmcvMjAwMC9zdmciPjwvc3ZnPg==\" style=\"--smush-placeholder-width: 640px; --smush-placeholder-aspect-ratio: 640\/427;\" \/><\/a><\/figure>\n\n\n\n<p><strong>Palabras del Gobernador Gerardo Zamora<\/strong><\/p>\n\n\n\n<p>Tras la apertura de los sobres, el Gobernador Gerardo Zamora dijo \u201cesta licitaci\u00f3n que acabamos de iniciar que es un bloque de 25 licitaciones, significa la participaci\u00f3n de aproximadamente 100 empresas que est\u00e1n en el proceso licitatorio y esto implica un r\u00e9cord en la posibilidad de participaci\u00f3n y transparencia de una inversi\u00f3n p\u00fablica importante que va a tener el Estado\u201d.<\/p>\n\n\n\n<p>Asimismo el Gobernador sobresalt\u00f3 que \u201ces importante tambi\u00e9n que tengamos hoy 8000 empleados con libreta UOCRA y para los pr\u00f3ximos meses, de acuerdo al plan de obra que tenemos, llegar a casi 10.000 empleados con libreta, algo que en la provincia es un r\u00e9cord absoluto\u201d y remarc\u00f3 \u201cpese a la situaci\u00f3n econ\u00f3mica que vive el mundo, a la dificultad que nos presenta hoy la situaci\u00f3n sanitaria de la pandemia, esto es un desaf\u00edo muy importante en t\u00e9rminos de motorizar la econom\u00eda y generar empleo\u201d, destac\u00f3 Zamora.<\/p>\n\n\n\n<p><strong>Palabras del secretario de Articulaci\u00f3n Federal<\/strong><\/p>\n\n\n\n<p>Por su parte, el Arq. Cabral dijo \u201cme da placer enormemente estar ac\u00e1 en Santiago. Le agradezco al gobernador por su atenci\u00f3n, acompa\u00f1ando a una gesti\u00f3n que ha logrado un antes y un despu\u00e9s en Santiago. Yo soy de Tucum\u00e1n y todos los tucumanos vivimos comentando lo lindo que est\u00e1 Santiago del Estero\u201d, expres\u00f3.&nbsp;<\/p>\n\n\n\n<figure class=\"wp-block-image size-large\"><a href=\"https:\/\/i0.wp.com\/elterritorialweb.com.ar\/web\/wp-content\/uploads\/2021\/07\/sobres-2.jpg\"><img data-recalc-dims=\"1\" decoding=\"async\" width=\"640\" height=\"427\" data-src=\"https:\/\/i0.wp.com\/elterritorialweb.com.ar\/web\/wp-content\/uploads\/2021\/07\/sobres-2.jpg?resize=640%2C427\" alt=\"\" class=\"wp-image-24207 lazyload\" data-srcset=\"https:\/\/i0.wp.com\/elterritorialweb.com.ar\/web\/wp-content\/uploads\/2021\/07\/sobres-2.jpg?resize=1024%2C683&amp;ssl=1 1024w, https:\/\/i0.wp.com\/elterritorialweb.com.ar\/web\/wp-content\/uploads\/2021\/07\/sobres-2.jpg?resize=300%2C200&amp;ssl=1 300w, https:\/\/i0.wp.com\/elterritorialweb.com.ar\/web\/wp-content\/uploads\/2021\/07\/sobres-2.jpg?resize=768%2C512&amp;ssl=1 768w, https:\/\/i0.wp.com\/elterritorialweb.com.ar\/web\/wp-content\/uploads\/2021\/07\/sobres-2.jpg?resize=1536%2C1025&amp;ssl=1 1536w, https:\/\/i0.wp.com\/elterritorialweb.com.ar\/web\/wp-content\/uploads\/2021\/07\/sobres-2.jpg?resize=2048%2C1367&amp;ssl=1 2048w, https:\/\/i0.wp.com\/elterritorialweb.com.ar\/web\/wp-content\/uploads\/2021\/07\/sobres-2.jpg?w=1280 1280w, https:\/\/i0.wp.com\/elterritorialweb.com.ar\/web\/wp-content\/uploads\/2021\/07\/sobres-2.jpg?w=1920 1920w\" data-sizes=\"(max-width: 640px) 100vw, 640px\" src=\"data:image\/svg+xml;base64,PHN2ZyB3aWR0aD0iMSIgaGVpZ2h0PSIxIiB4bWxucz0iaHR0cDovL3d3dy53My5vcmcvMjAwMC9zdmciPjwvc3ZnPg==\" style=\"--smush-placeholder-width: 640px; --smush-placeholder-aspect-ratio: 640\/427;\" \/><\/a><\/figure>\n\n\n\n<p>El funcionario nacional agreg\u00f3 \u201cpara este gobierno es muy importante, a pesar de la pandemia, de la crisis econ\u00f3mica y de toda esta crisis sanitaria en el mundo, poder salir y poder empezar a ver esa luz que hace falta que nos gu\u00ede en el camino a un pa\u00eds con trabajo con justicia y con dignidad para todos\u201d y coment\u00f3 \u201c\u201cSantiago del Estero en el en el Ministerio, est\u00e1 considerado como una gesti\u00f3n excepcional\u201d y dirigi\u00e9ndose al Dr. Zamora le expres{o \u201ctiene un gran equipo gobernador, que nos est\u00e1 permanentemente haciendo un aporte necesario a los fines de poder trabajar mejor e ir m\u00e1s r\u00e1pido, y dar esa mirada federal y poder cumplir con esa consigna que nos mand\u00f3 el presidente Alberto Fern\u00e1ndez, y es lograr que todos los argentinos puedan quedarse en el lugar que han nacido\u201d, finaliz\u00f3 el Arq. Hugo Cabral.<\/p>\n","protected":false},"excerpt":{"rendered":"<p>El acto estuvo encabezado por el gobernador de la provincia, Dr. Gerardo Zamora y el secretario de Articulaci\u00f3n Federal del Ministerio de Desarrollo Territorial y Habitat de la Naci\u00f3n, Arq. Hugo Cabral<\/p>\n","protected":false},"author":2,"featured_media":24205,"comment_status":"open","ping_status":"open","sticky":false,"template":"","format":"standard","meta":{"om_disable_all_campaigns":false,"_monsterinsights_skip_tracking":false,"_monsterinsights_sitenote_active":false,"_monsterinsights_sitenote_note":"","_monsterinsights_sitenote_category":0,"_uf_show_specific_survey":0,"_uf_disable_surveys":false,"jetpack_post_was_ever_published":false,"_jetpack_newsletter_access":"","_jetpack_dont_email_post_to_subs":false,"_jetpack_newsletter_tier_id":0,"_jetpack_memberships_contains_paywalled_content":false,"_jetpack_memberships_contains_paid_content":false,"footnotes":"","jetpack_publicize_message":"","jetpack_publicize_feature_enabled":true,"jetpack_social_post_already_shared":false,"jetpack_social_options":{"image_generator_settings":{"template":"highway","default_image_id":0,"font":"","enabled":false},"version":2}},"categories":[21],"tags":[],"class_list":["post-24204","post","type-post","status-publish","format-standard","has-post-thumbnail","hentry","category-locales"],"aioseo_notices":[],"views":6,"jetpack_publicize_connections":[],"jetpack_featured_media_url":"https:\/\/i0.wp.com\/elterritorialweb.com.ar\/web\/wp-content\/uploads\/2021\/07\/sobres.jpg?fit=2248%2C1500&ssl=1","jetpack_sharing_enabled":true,"_links":{"self":[{"href":"https:\/\/elterritorialweb.com.ar\/web\/wp-json\/wp\/v2\/posts\/24204","targetHints":{"allow":["GET"]}}],"collection":[{"href":"https:\/\/elterritorialweb.com.ar\/web\/wp-json\/wp\/v2\/posts"}],"about":[{"href":"https:\/\/elterritorialweb.com.ar\/web\/wp-json\/wp\/v2\/types\/post"}],"author":[{"embeddable":true,"href":"https:\/\/elterritorialweb.com.ar\/web\/wp-json\/wp\/v2\/users\/2"}],"replies":[{"embeddable":true,"href":"https:\/\/elterritorialweb.com.ar\/web\/wp-json\/wp\/v2\/comments?post=24204"}],"version-history":[{"count":2,"href":"https:\/\/elterritorialweb.com.ar\/web\/wp-json\/wp\/v2\/posts\/24204\/revisions"}],"predecessor-version":[{"id":24220,"href":"https:\/\/elterritorialweb.com.ar\/web\/wp-json\/wp\/v2\/posts\/24204\/revisions\/24220"}],"wp:featuredmedia":[{"embeddable":true,"href":"https:\/\/elterritorialweb.com.ar\/web\/wp-json\/wp\/v2\/media\/24205"}],"wp:attachment":[{"href":"https:\/\/elterritorialweb.com.ar\/web\/wp-json\/wp\/v2\/media?parent=24204"}],"wp:term":[{"taxonomy":"category","embeddable":true,"href":"https:\/\/elterritorialweb.com.ar\/web\/wp-json\/wp\/v2\/categories?post=24204"},{"taxonomy":"post_tag","embeddable":true,"href":"https:\/\/elterritorialweb.com.ar\/web\/wp-json\/wp\/v2\/tags?post=24204"}],"curies":[{"name":"wp","href":"https:\/\/api.w.org\/{rel}","templated":true}]}}