{"id":24209,"date":"2021-07-08T19:44:32","date_gmt":"2021-07-08T19:44:32","guid":{"rendered":"http:\/\/elterritorialweb.com.ar\/web\/?p=24209"},"modified":"2021-07-08T19:44:32","modified_gmt":"2021-07-08T19:44:32","slug":"entregan-nuevos-nucleos-sanitarios-a-vecinos-de-la-ciudad-de-frias","status":"publish","type":"post","link":"https:\/\/elterritorialweb.com.ar\/web\/entregan-nuevos-nucleos-sanitarios-a-vecinos-de-la-ciudad-de-frias\/","title":{"rendered":"ENTREGAN NUEVOS NUCLEOS SANITARIOS A VECINOS DE LA CIUDAD DE FRIAS"},"content":{"rendered":"\n<p>El intendente Dr. Astor An\u00edbal acompa\u00f1ado por el Director de Obras P\u00fablicas Arquitecto Julio Navarro, visit\u00f3 los domicilios de las familias en los barrios Tiro Federal y Las Violetas.<\/p>\n\n\n\n<p>Cabe resaltar que en estas tres familias se tuvo como objetivo mejorar la calidad de vida de las mismas, ya que en todos ellos conviven alg\u00fan miembro con discapacidad o de continuo tratamiento m\u00e9dico.<\/p>\n\n\n\n<figure class=\"wp-block-image size-large\"><a href=\"https:\/\/i0.wp.com\/elterritorialweb.com.ar\/web\/wp-content\/uploads\/2021\/07\/FRIAS-NUCLEOS-SANITARIOS-1.jpg\"><img data-recalc-dims=\"1\" decoding=\"async\" width=\"640\" height=\"427\" data-src=\"https:\/\/i0.wp.com\/elterritorialweb.com.ar\/web\/wp-content\/uploads\/2021\/07\/FRIAS-NUCLEOS-SANITARIOS-1.jpg?resize=640%2C427\" alt=\"\" class=\"wp-image-24211 lazyload\" data-srcset=\"https:\/\/i0.wp.com\/elterritorialweb.com.ar\/web\/wp-content\/uploads\/2021\/07\/FRIAS-NUCLEOS-SANITARIOS-1.jpg?w=960&amp;ssl=1 960w, https:\/\/i0.wp.com\/elterritorialweb.com.ar\/web\/wp-content\/uploads\/2021\/07\/FRIAS-NUCLEOS-SANITARIOS-1.jpg?resize=300%2C200&amp;ssl=1 300w, https:\/\/i0.wp.com\/elterritorialweb.com.ar\/web\/wp-content\/uploads\/2021\/07\/FRIAS-NUCLEOS-SANITARIOS-1.jpg?resize=768%2C512&amp;ssl=1 768w\" data-sizes=\"(max-width: 640px) 100vw, 640px\" src=\"data:image\/svg+xml;base64,PHN2ZyB3aWR0aD0iMSIgaGVpZ2h0PSIxIiB4bWxucz0iaHR0cDovL3d3dy53My5vcmcvMjAwMC9zdmciPjwvc3ZnPg==\" style=\"--smush-placeholder-width: 640px; --smush-placeholder-aspect-ratio: 640\/427;\" \/><\/a><\/figure>\n\n\n\n<p>El Programa Municipal de Construcci\u00f3n de N\u00facleos Sanitarios Sociales comenz\u00f3 el a\u00f1o pasado y los mismos forman parte de un programa de mejoras edilicias impulsado por la Municipalidad de Fr\u00edas el cual continuar\u00e1 desarroll\u00e1ndose en diferentes lugares de la ciudad.<\/p>\n","protected":false},"excerpt":{"rendered":"<p>Tres nuevas familias de la ciudad de Fr\u00edas fueron beneficiadas con la construcci\u00f3n de N\u00facleos Sanitarios Sociales los cuales posibilitar\u00e1 una mejor calidad de vida para todos sus integrantes.<\/p>\n","protected":false},"author":2,"featured_media":24210,"comment_status":"open","ping_status":"open","sticky":false,"template":"","format":"standard","meta":{"om_disable_all_campaigns":false,"_monsterinsights_skip_tracking":false,"_monsterinsights_sitenote_active":false,"_monsterinsights_sitenote_note":"","_monsterinsights_sitenote_category":0,"_uf_show_specific_survey":0,"_uf_disable_surveys":false,"jetpack_post_was_ever_published":false,"_jetpack_newsletter_access":"","_jetpack_dont_email_post_to_subs":false,"_jetpack_newsletter_tier_id":0,"_jetpack_memberships_contains_paywalled_content":false,"_jetpack_memberships_contains_paid_content":false,"footnotes":"","jetpack_publicize_message":"","jetpack_publicize_feature_enabled":true,"jetpack_social_post_already_shared":false,"jetpack_social_options":{"image_generator_settings":{"template":"highway","default_image_id":0,"font":"","enabled":false},"version":2}},"categories":[21],"tags":[],"class_list":["post-24209","post","type-post","status-publish","format-standard","has-post-thumbnail","hentry","category-locales"],"aioseo_notices":[],"views":6,"jetpack_publicize_connections":[],"jetpack_featured_media_url":"https:\/\/i0.wp.com\/elterritorialweb.com.ar\/web\/wp-content\/uploads\/2021\/07\/FRIAS-NUCLEOS-SANITARIOS.jpg?fit=960%2C640&ssl=1","jetpack_sharing_enabled":true,"_links":{"self":[{"href":"https:\/\/elterritorialweb.com.ar\/web\/wp-json\/wp\/v2\/posts\/24209","targetHints":{"allow":["GET"]}}],"collection":[{"href":"https:\/\/elterritorialweb.com.ar\/web\/wp-json\/wp\/v2\/posts"}],"about":[{"href":"https:\/\/elterritorialweb.com.ar\/web\/wp-json\/wp\/v2\/types\/post"}],"author":[{"embeddable":true,"href":"https:\/\/elterritorialweb.com.ar\/web\/wp-json\/wp\/v2\/users\/2"}],"replies":[{"embeddable":true,"href":"https:\/\/elterritorialweb.com.ar\/web\/wp-json\/wp\/v2\/comments?post=24209"}],"version-history":[{"count":1,"href":"https:\/\/elterritorialweb.com.ar\/web\/wp-json\/wp\/v2\/posts\/24209\/revisions"}],"predecessor-version":[{"id":24212,"href":"https:\/\/elterritorialweb.com.ar\/web\/wp-json\/wp\/v2\/posts\/24209\/revisions\/24212"}],"wp:featuredmedia":[{"embeddable":true,"href":"https:\/\/elterritorialweb.com.ar\/web\/wp-json\/wp\/v2\/media\/24210"}],"wp:attachment":[{"href":"https:\/\/elterritorialweb.com.ar\/web\/wp-json\/wp\/v2\/media?parent=24209"}],"wp:term":[{"taxonomy":"category","embeddable":true,"href":"https:\/\/elterritorialweb.com.ar\/web\/wp-json\/wp\/v2\/categories?post=24209"},{"taxonomy":"post_tag","embeddable":true,"href":"https:\/\/elterritorialweb.com.ar\/web\/wp-json\/wp\/v2\/tags?post=24209"}],"curies":[{"name":"wp","href":"https:\/\/api.w.org\/{rel}","templated":true}]}}