{"id":24213,"date":"2021-07-08T20:33:10","date_gmt":"2021-07-08T20:33:10","guid":{"rendered":"http:\/\/elterritorialweb.com.ar\/web\/?p=24213"},"modified":"2021-07-08T21:07:13","modified_gmt":"2021-07-08T21:07:13","slug":"ofrecen-cargos-y-horas-catedras-a-docentes-de-nivel-inicial-primario-secundario-y-superior","status":"publish","type":"post","link":"https:\/\/elterritorialweb.com.ar\/web\/ofrecen-cargos-y-horas-catedras-a-docentes-de-nivel-inicial-primario-secundario-y-superior\/","title":{"rendered":"OFRECEN CARGOS Y HORAS CATEDRAS A DOCENTES DE NIVEL INICIAL, PRIMARIO, SECUNDARIO Y SUPERIOR"},"content":{"rendered":"\n<p>Los ofrecimientos se realizar\u00e1n conforme al LOM 2021 y las pautas establecidas en la Resoluci\u00f3n N\u00b0 320\/2021, en forma progresiva respetando las medidas sanitarias establecidas para frenar el avance del COVID-19.<\/p>\n\n\n\n<p><strong>Nivel Inicial<\/strong><\/p>\n\n\n\n<p>1-Jard\u00edn de Infantes N\u00b0 27 Martha Salotti \u2013 (REGI\u00d3N 1) Santiago del Estero, Dpto. Capital <\/p>\n\n\n\n<p>2- Jard\u00edn de Infantes N\u00b0 628 anexo a la Esc. 1100 \u2013 (REGI\u00d3N 3) Cashico, Dpto. Jim\u00e9nez<\/p>\n\n\n\n<p>3- Jard\u00edn de Infantes N\u00b0 206 La Tortuga Manuelita (REGI\u00d3N 3) \u2013 El Bobadal, Dpto. Jim\u00e9nez <\/p>\n\n\n\n<p><strong>Nivel Primario<\/strong><\/p>\n\n\n\n<p>1-Escuela N\u00b0 996 Jornada &#8211; Simple (Regi\u00f3n I) &#8211; Pozo Ciego, Dpto. Loreto<\/p>\n\n\n\n<p>2-Escuela N\u00ba 243 Manuel Alberti &#8211; Jornada Simple (Regi\u00f3n VII) \u2013 Fr\u00edas, Dpto. Choya<\/p>\n\n\n\n<p>3-Escuela N\u00b0 765 Presidente Juan Domingo Per\u00f3n &#8211; Jornada Simple (Regi\u00f3n I) \u2013 Sgo. del Estero, Dpto. Capital<\/p>\n\n\n\n<p>4- Centro Experimental N\u00ba 2 Florentino Ameghino &#8211; Jornada Simple (Regi\u00f3n IV) A\u00f1atuya, Dpto. General Taboada5- Escuela N\u00b0 488 Doroteo Pereira &#8211; Jornada Simple (Regi\u00f3n II) &#8211; El Rosario, Dpto. Robles<\/p>\n\n\n\n<p><strong>Nivel Secundario<\/strong><\/p>\n\n\n\n<p>1- Colegio Secundario \u00abJuan Nepomuceno Bures\u00bb &#8211; Villa La Punta, Dpto. Choya<\/p>\n\n\n\n<p>2-Escuela de Comercio \u00abAntenor Ferreyra\u00bb \u2013 Sgo. del Estero, Dpto. Capital<\/p>\n\n\n\n<p>3- Colegio Secundario \u00abBuen Jes\u00fas de Matar\u00e1\u00bb \u2013 Matar\u00e1, Dpto. J. F. Ibarra<\/p>\n\n\n\n<p>4- Colegio Secundario \u00abSan Isidro Labrador\u00bb \u2013 Forres, Dpto. Robles<\/p>\n\n\n\n<p>5- Colegio Agrot\u00e9cnico N\u00ba 3 \u00abRep\u00fablica de Venezuela\u00bb \u2013 Herrera, Dpto. Avellaneda<\/p>\n\n\n\n<p>6- Escuela T\u00e9cnica N\u00ba 7 &#8211; Termas de R\u00edo Hondo, Dpto. R\u00edo Hondo<\/p>\n\n\n\n<p>7- Escuela De Comercio \u00abRam\u00f3n G\u00f3mez Cornet\u00bb -Termas de R\u00edo Hondo, Dpto. R\u00edo Hondo<\/p>\n\n\n\n<p>8- Colegio Secundario Ing. Pbro. Pedro Fils Pierre &#8211; La Banda, Dpto. Banda<\/p>\n\n\n\n<p>9- Colegio Tintina &#8211; Tintina, Dpto. Moreno<\/p>\n\n\n\n<p>10-Escuela Piloto N\u00b0 1 \u00abMaximio S. Victoria\u00bb \u2013 Fern\u00e1ndez, Dpto. Robles<\/p>\n\n\n\n<p>11- Agrupamiento N\u00ba 86123 &#8211; Santa Mar\u00eda, Dpto. Capital<\/p>\n\n\n\n<p><strong>Nivel Superior<\/strong><\/p>\n\n\n\n<p>1- Escuela Normal Superior Manuel Belgrano \u2013 Sgo. del Estero, Dpto. Capital<\/p>\n\n\n\n<p>2- Escuela Normal Superior Rep\u00fablica del Ecuador \u2013 Fr\u00edas, Dpto. Choya<\/p>\n\n\n\n<p>3- I.F.D. N\u00b0 7 \u2013 Clodomira, Dpto. Banda<\/p>\n","protected":false},"excerpt":{"rendered":"<p>El Consejo General de Educaci\u00f3n comunica a los docentes de los Niveles Inicial, Primario, Secundario y Superior, que a partir de las 00 hs. del d\u00eda Viernes 09 y hasta las 23:59 hs. del d\u00eda S\u00e1bado 10 de Julio de 2021, se realizar\u00e1 el OFRECIMIENTO de Cargos y Horas C\u00e1tedra Titulares y Suplentes del primer grado del escalaf\u00f3n de los establecimientos educativos de los Niveles Inicial, Primario, Secundario y Superior en el sistema \u201cConsejo Virtual\u201d, ingresando en el Portal Oficial del CGE www.cgesantiago.gob.ar &#8211; Secci\u00f3n \u201cConsejo virtual\u201d. <\/p>\n","protected":false},"author":2,"featured_media":18585,"comment_status":"open","ping_status":"open","sticky":false,"template":"","format":"standard","meta":{"om_disable_all_campaigns":false,"_monsterinsights_skip_tracking":false,"_monsterinsights_sitenote_active":false,"_monsterinsights_sitenote_note":"","_monsterinsights_sitenote_category":0,"_uf_show_specific_survey":0,"_uf_disable_surveys":false,"jetpack_post_was_ever_published":false,"_jetpack_newsletter_access":"","_jetpack_dont_email_post_to_subs":false,"_jetpack_newsletter_tier_id":0,"_jetpack_memberships_contains_paywalled_content":false,"_jetpack_memberships_contains_paid_content":false,"footnotes":"","jetpack_publicize_message":"","jetpack_publicize_feature_enabled":true,"jetpack_social_post_already_shared":false,"jetpack_social_options":{"image_generator_settings":{"template":"highway","default_image_id":0,"font":"","enabled":false},"version":2}},"categories":[19],"tags":[],"class_list":["post-24213","post","type-post","status-publish","format-standard","has-post-thumbnail","hentry","category-educacion"],"aioseo_notices":[],"views":16,"jetpack_publicize_connections":[],"jetpack_featured_media_url":"https:\/\/i0.wp.com\/elterritorialweb.com.ar\/web\/wp-content\/uploads\/2021\/03\/CONSEJO-DE-EDUCACION.jpg?fit=1500%2C850&ssl=1","jetpack_sharing_enabled":true,"_links":{"self":[{"href":"https:\/\/elterritorialweb.com.ar\/web\/wp-json\/wp\/v2\/posts\/24213","targetHints":{"allow":["GET"]}}],"collection":[{"href":"https:\/\/elterritorialweb.com.ar\/web\/wp-json\/wp\/v2\/posts"}],"about":[{"href":"https:\/\/elterritorialweb.com.ar\/web\/wp-json\/wp\/v2\/types\/post"}],"author":[{"embeddable":true,"href":"https:\/\/elterritorialweb.com.ar\/web\/wp-json\/wp\/v2\/users\/2"}],"replies":[{"embeddable":true,"href":"https:\/\/elterritorialweb.com.ar\/web\/wp-json\/wp\/v2\/comments?post=24213"}],"version-history":[{"count":2,"href":"https:\/\/elterritorialweb.com.ar\/web\/wp-json\/wp\/v2\/posts\/24213\/revisions"}],"predecessor-version":[{"id":24216,"href":"https:\/\/elterritorialweb.com.ar\/web\/wp-json\/wp\/v2\/posts\/24213\/revisions\/24216"}],"wp:featuredmedia":[{"embeddable":true,"href":"https:\/\/elterritorialweb.com.ar\/web\/wp-json\/wp\/v2\/media\/18585"}],"wp:attachment":[{"href":"https:\/\/elterritorialweb.com.ar\/web\/wp-json\/wp\/v2\/media?parent=24213"}],"wp:term":[{"taxonomy":"category","embeddable":true,"href":"https:\/\/elterritorialweb.com.ar\/web\/wp-json\/wp\/v2\/categories?post=24213"},{"taxonomy":"post_tag","embeddable":true,"href":"https:\/\/elterritorialweb.com.ar\/web\/wp-json\/wp\/v2\/tags?post=24213"}],"curies":[{"name":"wp","href":"https:\/\/api.w.org\/{rel}","templated":true}]}}