{"id":24217,"date":"2021-07-08T21:54:11","date_gmt":"2021-07-08T21:54:11","guid":{"rendered":"http:\/\/elterritorialweb.com.ar\/web\/?p=24217"},"modified":"2021-07-08T21:54:12","modified_gmt":"2021-07-08T21:54:12","slug":"19-256-nuevos-casos-de-covid-19-en-24-horas-con-un-total-de-4-613-019-infectados-en-el-pais","status":"publish","type":"post","link":"https:\/\/elterritorialweb.com.ar\/web\/19-256-nuevos-casos-de-covid-19-en-24-horas-con-un-total-de-4-613-019-infectados-en-el-pais\/","title":{"rendered":"19.256 NUEVOS CASOS DE COVID-19 EN 24 HORAS, CON UN TOTAL DE 4.613.019 INFECTADOS EN EL PA\u00cdS"},"content":{"rendered":"\n<p>El Ministerio de Salud inform\u00f3 este jueves\u00a0<strong>19.256 nuevos casos<\/strong>\u00a0<strong>y 466 muertes<\/strong>\u00a0por\u00a0coronavirus\u00a0en las \u00faltimas 24 horas. Seg\u00fan el reporte diario, ya son\u00a0<strong>4.613.019<\/strong>\u00a0los casos confirmados y\u00a0<strong>97.904\u00a0<\/strong>los muertos en la Argentina. Los casos activos, en tanto, suman\u00a0<strong>288.421\u00a0<\/strong>y las personas dadas de alta totalizan\u00a0<strong>4.226.694<\/strong>. El \u00edndice de positividad durante la \u00faltima jornada fue del 17,7 por ciento.<\/p>\n\n\n\n<p>De los 466 fallecidos reportados,&nbsp;<strong>258 son hombres y 204 mujeres.<\/strong>&nbsp;Mientras que otras cinco personas fueron registradas sin datos de sexo: una en la provincia de Buenos Aires, una en Mendoza, una en Neuqu\u00e9n, una en R\u00edo Negro y la restante en Santa Fe.<\/p>\n\n\n\n<figure class=\"wp-block-image\"><img data-recalc-dims=\"1\" decoding=\"async\" data-src=\"https:\/\/i0.wp.com\/tn.com.ar\/resizer\/Q3esAEg4NvV705a_TlQ9ATMz2B0%3D\/767x0\/smart\/filters%3Aquality%2860%29\/cloudfront-us-east-1.images.arcpublishing.com\/artear\/XCEWMM5C4RAJHA44TT2PTR6T4E.PNG?w=640&#038;ssl=1\" alt=\"\" src=\"data:image\/svg+xml;base64,PHN2ZyB3aWR0aD0iMSIgaGVpZ2h0PSIxIiB4bWxucz0iaHR0cDovL3d3dy53My5vcmcvMjAwMC9zdmciPjwvc3ZnPg==\" class=\"lazyload\" \/><\/figure>\n\n\n\n<p>En las \u00faltimas 24 horas se registraron en\u00a0<strong>la provincia de Buenos Aires 5535 casos;<\/strong>\u00a0en la Ciudad de Buenos Aires, 954; en Catamarca, 264; en Chaco, 649; en Chubut, 228; en Corrientes, 640; en C\u00f3rdoba, 2463; en Entre R\u00edos, 890; en Formosa, 579; en Jujuy, 298; en La Pampa, 326; en La Rioja, 256; en Mendoza, 604; en Misiones, 211; en Neuqu\u00e9n, 194; en R\u00edo Negro, 281; en Salta, 616; en San Juan, 580; en San Luis, 436; en Santa Cruz, 90; en Santa Fe, 1563; en Santiago del Estero, 698; Tierra del Fuego, 59; y en Tucum\u00e1n, 842.<\/p>\n\n\n\n<div class=\"infogram-embed\" data-id=\"09886bfe-6728-477a-b639-3e6b4ba92211\" data-type=\"interactive\" data-title=\"Curva\"><\/div><script>!function(e,i,n,s){var t=\"InfogramEmbeds\",d=e.getElementsByTagName(\"script\")[0];if(window[t]&&window[t].initialized)window[t].process&&window[t].process();else if(!e.getElementById(n)){var o=e.createElement(\"script\");o.async=1,o.id=n,o.src=\"https:\/\/e.infogram.com\/js\/dist\/embed-loader-min.js\",d.parentNode.insertBefore(o,d)}}(document,0,\"infogram-async\");<\/script>\n\n\n\n<p>Adem\u00e1s, los pacientes que permanecen internados con\u00a0Covid-19\u00a0en las distintas unidades de terapia intensiva (UTI) del pa\u00eds son\u00a0<strong>5443<\/strong>. Mientras que el porcentaje de ocupaci\u00f3n total de camas en las UTI adulto es del\u00a0<strong>64,3%\u00a0<\/strong>a nivel nacional y del\u00a0<strong>62,2%<\/strong>\u00a0en el denominado \u00c1rea Metropolitana de Buenos Aires (AMBA).<\/p>\n\n\n\n<p>La cartera sanitaria tambi\u00e9n indic\u00f3 que se realizaron en las \u00faltimas 24 horas&nbsp;<strong>108.240 testeos<\/strong>&nbsp;y que, desde el inicio de la pandemia, ascienden a 17.417.124 las pruebas diagn\u00f3sticas realizadas.<\/p>\n","protected":false},"excerpt":{"rendered":"<p>Informe del Ministerio de Salud de la Naci\u00f3n.<\/p>\n","protected":false},"author":2,"featured_media":24218,"comment_status":"open","ping_status":"open","sticky":false,"template":"","format":"standard","meta":{"om_disable_all_campaigns":false,"_monsterinsights_skip_tracking":false,"_monsterinsights_sitenote_active":false,"_monsterinsights_sitenote_note":"","_monsterinsights_sitenote_category":0,"_uf_show_specific_survey":0,"_uf_disable_surveys":false,"jetpack_post_was_ever_published":false,"_jetpack_newsletter_access":"","_jetpack_dont_email_post_to_subs":false,"_jetpack_newsletter_tier_id":0,"_jetpack_memberships_contains_paywalled_content":false,"_jetpack_memberships_contains_paid_content":false,"footnotes":"","jetpack_publicize_message":"","jetpack_publicize_feature_enabled":true,"jetpack_social_post_already_shared":false,"jetpack_social_options":{"image_generator_settings":{"template":"highway","default_image_id":0,"font":"","enabled":false},"version":2}},"categories":[3],"tags":[],"class_list":["post-24217","post","type-post","status-publish","format-standard","has-post-thumbnail","hentry","category-salud"],"aioseo_notices":[],"views":7,"jetpack_publicize_connections":[],"jetpack_featured_media_url":"https:\/\/i0.wp.com\/elterritorialweb.com.ar\/web\/wp-content\/uploads\/2021\/07\/nuevos-casos-8-de-julio.jpg?fit=484%2C290&ssl=1","jetpack_sharing_enabled":true,"_links":{"self":[{"href":"https:\/\/elterritorialweb.com.ar\/web\/wp-json\/wp\/v2\/posts\/24217","targetHints":{"allow":["GET"]}}],"collection":[{"href":"https:\/\/elterritorialweb.com.ar\/web\/wp-json\/wp\/v2\/posts"}],"about":[{"href":"https:\/\/elterritorialweb.com.ar\/web\/wp-json\/wp\/v2\/types\/post"}],"author":[{"embeddable":true,"href":"https:\/\/elterritorialweb.com.ar\/web\/wp-json\/wp\/v2\/users\/2"}],"replies":[{"embeddable":true,"href":"https:\/\/elterritorialweb.com.ar\/web\/wp-json\/wp\/v2\/comments?post=24217"}],"version-history":[{"count":1,"href":"https:\/\/elterritorialweb.com.ar\/web\/wp-json\/wp\/v2\/posts\/24217\/revisions"}],"predecessor-version":[{"id":24219,"href":"https:\/\/elterritorialweb.com.ar\/web\/wp-json\/wp\/v2\/posts\/24217\/revisions\/24219"}],"wp:featuredmedia":[{"embeddable":true,"href":"https:\/\/elterritorialweb.com.ar\/web\/wp-json\/wp\/v2\/media\/24218"}],"wp:attachment":[{"href":"https:\/\/elterritorialweb.com.ar\/web\/wp-json\/wp\/v2\/media?parent=24217"}],"wp:term":[{"taxonomy":"category","embeddable":true,"href":"https:\/\/elterritorialweb.com.ar\/web\/wp-json\/wp\/v2\/categories?post=24217"},{"taxonomy":"post_tag","embeddable":true,"href":"https:\/\/elterritorialweb.com.ar\/web\/wp-json\/wp\/v2\/tags?post=24217"}],"curies":[{"name":"wp","href":"https:\/\/api.w.org\/{rel}","templated":true}]}}