{"id":24221,"date":"2021-07-08T22:26:12","date_gmt":"2021-07-08T22:26:12","guid":{"rendered":"http:\/\/elterritorialweb.com.ar\/web\/?p=24221"},"modified":"2021-07-08T22:26:15","modified_gmt":"2021-07-08T22:26:15","slug":"fernandez-un-mercosur-de-corazon-solidario-es-la-nave-insignia-de-su-estrategia-de-integracion","status":"publish","type":"post","link":"https:\/\/elterritorialweb.com.ar\/web\/fernandez-un-mercosur-de-corazon-solidario-es-la-nave-insignia-de-su-estrategia-de-integracion\/","title":{"rendered":"FERN\u00c1NDEZ: \u00abUN MERCOSUR DE CORAZ\u00d3N SOLIDARIO ES LA NAVE INSIGNIA DE SU ESTRATEGIA DE INTEGRACI\u00d3N\u00bb"},"content":{"rendered":"\n<p>All\u00ed afirm\u00f3 que \u201cun Mercosur de coraz\u00f3n solidario es la nave insignia de su estrategia de integraci\u00f3n\u201d, y convoc\u00f3 a sus pares a construir mediante el consenso un bloque regional enfocado en la producci\u00f3n, la cohesi\u00f3n social y el compromiso ambiental.<\/p>\n\n\n\n<p>Adem\u00e1s, asegur\u00f3 que la situaci\u00f3n sanitaria del COVID-19 hizo que \u201cse reorganicen las cadenas globales de valor, con un comercio mundial m\u00e1s influenciado por consideraciones geopol\u00edticas y de seguridad nacional\u201d, y cuyo resultado \u201cser\u00e1 el de una econom\u00eda mundial m\u00e1s regionalizada\u201d.<\/p>\n\n\n\n<p>\u201cPor eso, creemos que es a trav\u00e9s de m\u00e1s integraci\u00f3n regional y no de menos integraci\u00f3n regional, que estaremos en mejores condiciones de producir, comerciar, negociar y competir\u201d, reflexion\u00f3 el mandatario argentino, quien estuvo acompa\u00f1ado por el canciller Felipe Sol\u00e1 y el ministro de Desarrollo Productivo, Mat\u00edas Kulfas.<\/p>\n\n\n\n<p>De la reuni\u00f3n participaron los presidentes de los Estados miembros de Paraguay, Mario Abdo Ben\u00edtez, de Uruguay, Luis Lacalle Pou, y de Brasil, Jair Bolsonaro, y de los Estados asociados, de Chile, Sebasti\u00e1n Pi\u00f1era; de Ecuador, Guillermo Lasso, y de Guyana, Irfaan Ali.<\/p>\n\n\n\n<p>Tambi\u00e9n formaron parte del evento el vicepresidente de Bolivia, David Choquehuanca; y por Colombia, la directora de Mecanismo de Concertaci\u00f3n e Integraci\u00f3n, Adela Maestre.<\/p>\n\n\n\n<p>\u201cUnidad en la diversidad significa en el Mercosur di\u00e1logo y solidaridad\u201d, dijo el presidente Fern\u00e1ndez al recordar que la Presidencia pro T\u00e9mpore que llev\u00f3 adelante la Argentina \u201cha coincidido con los 30 A\u00f1os del Tratado de Asunci\u00f3n\u201d.<\/p>\n\n\n\n<p>\u201cEstos valores van m\u00e1s all\u00e1 de constituir un espacio econ\u00f3mico com\u00fan y una plataforma cohesionada de inserci\u00f3n internacional. Son los cimientos que hacen que nuestros pueblos sientan que son parte de ese proyecto, ciudadanos con identidad com\u00fan, de un Mercosur con mirada de futuro\u201d, valor\u00f3.<\/p>\n\n\n\n<p>\u201cNo hay Mercosur sin Pueblos. No hay Mercosur sin o\u00eddo atento al mundo social y productivo regional. La integraci\u00f3n es una palabra hueca si no se hace eco del drama de la pobreza, la desocupaci\u00f3n, la falta de oportunidades laborales, la precarizaci\u00f3n productiva\u201d, reflexion\u00f3.<\/p>\n\n\n\n<figure class=\"wp-block-image size-large\"><a href=\"blob:http:\/\/elterritorialweb.com.ar\/e0f0600e-b977-42ba-85d7-10faa37628e2\"><img decoding=\"async\" src=\"blob:http:\/\/elterritorialweb.com.ar\/e0f0600e-b977-42ba-85d7-10faa37628e2\" alt=\"\"\/><\/a><\/figure>\n\n\n\n<p>Adem\u00e1s, se refiri\u00f3 \u201cal relacionamiento externo del Mercosur y al debate sobre la denominada \u2018flexibilizaci\u00f3n\u2019\u201d. Asever\u00f3 que el bloque est\u00e1 abierto al mundo, \u201ccon negociaciones activas con siete contrapartes que comprenden 36 naciones\u201d, y enfatiz\u00f3: \u201cCreemos que el camino es cumplir con el Tratado de Asunci\u00f3n: negociar juntos con terceros pa\u00edses o bloques y respetar la figura del consenso como base en la toma de decisiones en nuestro proceso de integraci\u00f3n\u201d.<\/p>\n\n\n\n<p>Tambi\u00e9n se\u00f1al\u00f3 que la Argentina ha \u201cmantenido una actitud constructiva para permitir que avancen negociaciones en curso, facilitando su continuidad sin afectar el inter\u00e9s de los restantes Estados Parte\u201d.<\/p>\n\n\n\n<p>M\u00e1s adelante, el Presidente argentino llam\u00f3 a \u201chacer uso de las potencialidades de nuestra regi\u00f3n en el desarrollo agroindustrial y de sus capacidades exportadoras, en un mundo m\u00e1s urbanizado y m\u00e1s demandante de alimentos, y exigente con el compromiso ambiental en los modos de producci\u00f3n\u201d.<\/p>\n\n\n\n<p>Destac\u00f3 \u201cla importancia de trabajar en pos del aumento de la competitividad y la ampliaci\u00f3n de la integraci\u00f3n intra y extra-bloque, as\u00ed como en fortalecer \u00e1reas en las que tenemos falencias, tales como la log\u00edstica, el transporte y la infraestructura\u201d.<\/p>\n\n\n\n<p>\u201cA esto, se debe agregar un imprescindible proceso de actualizaci\u00f3n tecnol\u00f3gica de la Industria 4.0, y el reconocimiento de las Pymes como factor de desarrollo y generaci\u00f3n de comercio y empleo\u201d, remarc\u00f3.<\/p>\n\n\n\n<p>Como parte del encuentro, el canciller argentino, Felipe Sol\u00e1, hab\u00eda realizado previamente un informe de la gesti\u00f3n de la Presidencia Pro T\u00e9mpore de la Argentina.<\/p>\n","protected":false},"excerpt":{"rendered":"<p>El presidente Alberto Fern\u00e1ndez encabez\u00f3 este mediod\u00eda de manera virtual desde el Museo del Bicentenario de la Casa Rosada la Cumbre de Jefes de Estado del Mercosur, Estados Asociados e Invitados Especiales, en la que realiz\u00f3 el traspaso de la Presidencia Pro T\u00e9mpore del bloque regional a su par de Brasil, Jair Bolsonaro.<\/p>\n","protected":false},"author":2,"featured_media":24222,"comment_status":"open","ping_status":"open","sticky":false,"template":"","format":"standard","meta":{"om_disable_all_campaigns":false,"_monsterinsights_skip_tracking":false,"_monsterinsights_sitenote_active":false,"_monsterinsights_sitenote_note":"","_monsterinsights_sitenote_category":0,"_uf_show_specific_survey":0,"_uf_disable_surveys":false,"jetpack_post_was_ever_published":false,"_jetpack_newsletter_access":"","_jetpack_dont_email_post_to_subs":false,"_jetpack_newsletter_tier_id":0,"_jetpack_memberships_contains_paywalled_content":false,"_jetpack_memberships_contains_paid_content":false,"footnotes":"","jetpack_publicize_message":"","jetpack_publicize_feature_enabled":true,"jetpack_social_post_already_shared":false,"jetpack_social_options":{"image_generator_settings":{"template":"highway","default_image_id":0,"font":"","enabled":false},"version":2}},"categories":[18],"tags":[],"class_list":["post-24221","post","type-post","status-publish","format-standard","has-post-thumbnail","hentry","category-politica"],"aioseo_notices":[],"views":3,"jetpack_publicize_connections":[],"jetpack_featured_media_url":"https:\/\/i0.wp.com\/elterritorialweb.com.ar\/web\/wp-content\/uploads\/2021\/07\/presidente1.jpg?fit=1940%2C1293&ssl=1","jetpack_sharing_enabled":true,"_links":{"self":[{"href":"https:\/\/elterritorialweb.com.ar\/web\/wp-json\/wp\/v2\/posts\/24221","targetHints":{"allow":["GET"]}}],"collection":[{"href":"https:\/\/elterritorialweb.com.ar\/web\/wp-json\/wp\/v2\/posts"}],"about":[{"href":"https:\/\/elterritorialweb.com.ar\/web\/wp-json\/wp\/v2\/types\/post"}],"author":[{"embeddable":true,"href":"https:\/\/elterritorialweb.com.ar\/web\/wp-json\/wp\/v2\/users\/2"}],"replies":[{"embeddable":true,"href":"https:\/\/elterritorialweb.com.ar\/web\/wp-json\/wp\/v2\/comments?post=24221"}],"version-history":[{"count":2,"href":"https:\/\/elterritorialweb.com.ar\/web\/wp-json\/wp\/v2\/posts\/24221\/revisions"}],"predecessor-version":[{"id":24225,"href":"https:\/\/elterritorialweb.com.ar\/web\/wp-json\/wp\/v2\/posts\/24221\/revisions\/24225"}],"wp:featuredmedia":[{"embeddable":true,"href":"https:\/\/elterritorialweb.com.ar\/web\/wp-json\/wp\/v2\/media\/24222"}],"wp:attachment":[{"href":"https:\/\/elterritorialweb.com.ar\/web\/wp-json\/wp\/v2\/media?parent=24221"}],"wp:term":[{"taxonomy":"category","embeddable":true,"href":"https:\/\/elterritorialweb.com.ar\/web\/wp-json\/wp\/v2\/categories?post=24221"},{"taxonomy":"post_tag","embeddable":true,"href":"https:\/\/elterritorialweb.com.ar\/web\/wp-json\/wp\/v2\/tags?post=24221"}],"curies":[{"name":"wp","href":"https:\/\/api.w.org\/{rel}","templated":true}]}}