{"id":24229,"date":"2021-07-09T02:32:44","date_gmt":"2021-07-09T02:32:44","guid":{"rendered":"http:\/\/elterritorialweb.com.ar\/web\/?p=24229"},"modified":"2021-07-09T02:32:45","modified_gmt":"2021-07-09T02:32:45","slug":"el-programa-mis-primeros-1700-dias-llego-a-villa-matoque-departamento-copo","status":"publish","type":"post","link":"https:\/\/elterritorialweb.com.ar\/web\/el-programa-mis-primeros-1700-dias-llego-a-villa-matoque-departamento-copo\/","title":{"rendered":"EL PROGRAMA \u00abMIS PRIMEROS 1700 D\u00cdAS\u00bb LLEG\u00d3 A VILLA MATOQUE, DEPARTAMENTO COPO"},"content":{"rendered":"\n<p>Este Programa que beneficia a mujeres embarazadas, ni\u00f1os, ni\u00f1as y familias y que se enfoca en reforzar su nutrici\u00f3n, el acompa\u00f1amiento y los controles de salud necesarios desde el comienzo de su vida, tiene su continuidad en toda la provincia. En la oportunidad beneficiar\u00e1 a Villa Matoque y los parajes; Las Puertas, El Porvenir, Ranchillo, Mistolito, Toro Human, San Antonio, Cruz Bajada, Rumi Pozo, Taco Esquina, Taco Pozo, Toro Pozo, Tacoruyoj, Pato Pozo, San Benito, Corral Quemado, Sajastayoj, El Simbolar, Vinal Pozo, Pampa Muyoj, La Candelaria y El Arroyo.<\/p>\n\n\n\n<p>En la presentaci\u00f3n estuvieron: el referente del programa Dr. Benjam\u00edn Coria, comisionada municipal local, Graciela Palomo; equipo t\u00e9cnico de nutricionistas que explican sobre la preparaci\u00f3n y consumo de los nutrientes. Acompa\u00f1aron: secretario municipal de San Jos\u00e9 del Boquer\u00f3n, Alcio Cuellar; directora de la escuela de Villa Matoque, Ramona Glandiyer; personal de enfermer\u00eda y agentes sanitarios&nbsp; de las postas sanitarias de los parajes vecinos.<\/p>\n\n\n\n<p>La presentaci\u00f3n se llev\u00f3 a cabo cumpliendo con los protocolos y normas sanitarias correspondientes por la pandemia del Covid \u2013 19, en el play\u00f3n de la Escuela N\u00ba 807 \u201cDelfina&nbsp; Robledo de Palomo\u201d de Villa Matoque.<\/p>\n\n\n\n<p>Las palabras de bienvenida estuvieron a cargo de&nbsp; la Comisionada municipal, Graciela Palomo quien expres\u00f3; \u201cagradezco por haber llegado a este lugar al \u201cPrograma 1700 D\u00edas\u201d. Nos sentimos muy alagados y agradecidos porque sabemos que esto es muy importante para la nutrici\u00f3n de nuestros ni\u00f1os, para las mujeres embarazadas y pu\u00e9rperas, de esta localidad y de los parajes vecinos\u201d se\u00f1al\u00f3.&nbsp;<\/p>\n\n\n\n<figure class=\"wp-block-image size-large\"><a href=\"https:\/\/i0.wp.com\/elterritorialweb.com.ar\/web\/wp-content\/uploads\/2021\/07\/programa-1-1.jpg\"><img data-recalc-dims=\"1\" decoding=\"async\" width=\"640\" height=\"427\" data-src=\"https:\/\/i0.wp.com\/elterritorialweb.com.ar\/web\/wp-content\/uploads\/2021\/07\/programa-1-1.jpg?resize=640%2C427\" alt=\"\" class=\"wp-image-24231 lazyload\" data-srcset=\"https:\/\/i0.wp.com\/elterritorialweb.com.ar\/web\/wp-content\/uploads\/2021\/07\/programa-1-1.jpg?resize=1024%2C683&amp;ssl=1 1024w, https:\/\/i0.wp.com\/elterritorialweb.com.ar\/web\/wp-content\/uploads\/2021\/07\/programa-1-1.jpg?resize=300%2C200&amp;ssl=1 300w, https:\/\/i0.wp.com\/elterritorialweb.com.ar\/web\/wp-content\/uploads\/2021\/07\/programa-1-1.jpg?resize=768%2C512&amp;ssl=1 768w, https:\/\/i0.wp.com\/elterritorialweb.com.ar\/web\/wp-content\/uploads\/2021\/07\/programa-1-1.jpg?resize=1536%2C1025&amp;ssl=1 1536w, https:\/\/i0.wp.com\/elterritorialweb.com.ar\/web\/wp-content\/uploads\/2021\/07\/programa-1-1.jpg?resize=2048%2C1367&amp;ssl=1 2048w, https:\/\/i0.wp.com\/elterritorialweb.com.ar\/web\/wp-content\/uploads\/2021\/07\/programa-1-1.jpg?w=1280 1280w, https:\/\/i0.wp.com\/elterritorialweb.com.ar\/web\/wp-content\/uploads\/2021\/07\/programa-1-1.jpg?w=1920 1920w\" data-sizes=\"(max-width: 640px) 100vw, 640px\" src=\"data:image\/svg+xml;base64,PHN2ZyB3aWR0aD0iMSIgaGVpZ2h0PSIxIiB4bWxucz0iaHR0cDovL3d3dy53My5vcmcvMjAwMC9zdmciPjwvc3ZnPg==\" style=\"--smush-placeholder-width: 640px; --smush-placeholder-aspect-ratio: 640\/427;\" \/><\/a><\/figure>\n\n\n\n<p>Finalmente el referente del Programa Dr. Benjam\u00edn Coria dijo; \u201cestamos muy contentos y agradecidos de llegar hasta aqu\u00ed, les transmito el saludo del&nbsp;gobernador de la provincia Dr. Gerardo Zamora a toda esta localidad de Villa Matoque &nbsp;y parajes vecinos tambi\u00e9n un abrazo fraternal y muchos cari\u00f1os de la Sra. Presidenta provisional del senado, Dra. Claudia Ledesma de Zamora\u201d y agreg\u00f3 \u201cnosotros con el programa vamos a estar los primeros 10 d\u00edas, de cada mes entregando los productos, en cada lugar para beneficiar a muchas familias\u201d. Destac\u00f3 que \u201cvamos a agregar dentro del padr\u00f3n a ni\u00f1os de m\u00e1s de 5, 6, 7, 8 a\u00f1os que tengan una discapacidad psicof\u00edsica, bajo peso, alg\u00fan problema de enfermedad, y en aquellas familias en donde hay m\u00e1s de dos ni\u00f1os, si son 4 o 5, a todos los vamos a inscribir para que no se divida el producto entre ellos. Todos recibir\u00e1n los alimentos porque la idea es que estos productos no le falten a nadie, a ninguna familia que realmente lo necesita\u201d, finaliz\u00f3 el Dr. Benjam\u00edn Coria.<\/p>\n\n\n\n<p>Durante la capacitaci\u00f3n las licenciadas en nutrici\u00f3n ense\u00f1aron a los beneficiarios acerca del correcto preparado de los complementos nutricionales, con degustaciones de cada producto correspondiente a cada etapa. As\u00ed es que se instruy\u00f3 en c\u00f3mo preparar la bebida l\u00e1ctea que est\u00e1 destinada para embarazadas y pu\u00e9rperas, luego sigui\u00f3 por la preparaci\u00f3n del cereal que viene en sus dos variedades salado y dulce para los ni\u00f1os de 6 meses a 2 a\u00f1os ,y seguidamente para los ni\u00f1os de 2 a 7 a\u00f1os les corresponde el postre.<\/p>\n","protected":false},"excerpt":{"rendered":"<p>Dando continuidad al desarrollo del Programa provincial \u201cMis Primeros 1700 d\u00edas\u201d, se realiz\u00f3 la presentaci\u00f3n oficial en la localidad de Villa Matoque departamento Copo.<\/p>\n","protected":false},"author":2,"featured_media":24230,"comment_status":"open","ping_status":"open","sticky":false,"template":"","format":"standard","meta":{"om_disable_all_campaigns":false,"_monsterinsights_skip_tracking":false,"_monsterinsights_sitenote_active":false,"_monsterinsights_sitenote_note":"","_monsterinsights_sitenote_category":0,"_uf_show_specific_survey":0,"_uf_disable_surveys":false,"jetpack_post_was_ever_published":false,"_jetpack_newsletter_access":"","_jetpack_dont_email_post_to_subs":false,"_jetpack_newsletter_tier_id":0,"_jetpack_memberships_contains_paywalled_content":false,"_jetpack_memberships_contains_paid_content":false,"footnotes":"","jetpack_publicize_message":"","jetpack_publicize_feature_enabled":true,"jetpack_social_post_already_shared":false,"jetpack_social_options":{"image_generator_settings":{"template":"highway","default_image_id":0,"font":"","enabled":false},"version":2}},"categories":[3],"tags":[],"class_list":["post-24229","post","type-post","status-publish","format-standard","has-post-thumbnail","hentry","category-salud"],"aioseo_notices":[],"views":7,"jetpack_publicize_connections":[],"jetpack_featured_media_url":"https:\/\/i0.wp.com\/elterritorialweb.com.ar\/web\/wp-content\/uploads\/2021\/07\/programa.jpg?fit=2248%2C1500&ssl=1","jetpack_sharing_enabled":true,"_links":{"self":[{"href":"https:\/\/elterritorialweb.com.ar\/web\/wp-json\/wp\/v2\/posts\/24229","targetHints":{"allow":["GET"]}}],"collection":[{"href":"https:\/\/elterritorialweb.com.ar\/web\/wp-json\/wp\/v2\/posts"}],"about":[{"href":"https:\/\/elterritorialweb.com.ar\/web\/wp-json\/wp\/v2\/types\/post"}],"author":[{"embeddable":true,"href":"https:\/\/elterritorialweb.com.ar\/web\/wp-json\/wp\/v2\/users\/2"}],"replies":[{"embeddable":true,"href":"https:\/\/elterritorialweb.com.ar\/web\/wp-json\/wp\/v2\/comments?post=24229"}],"version-history":[{"count":1,"href":"https:\/\/elterritorialweb.com.ar\/web\/wp-json\/wp\/v2\/posts\/24229\/revisions"}],"predecessor-version":[{"id":24232,"href":"https:\/\/elterritorialweb.com.ar\/web\/wp-json\/wp\/v2\/posts\/24229\/revisions\/24232"}],"wp:featuredmedia":[{"embeddable":true,"href":"https:\/\/elterritorialweb.com.ar\/web\/wp-json\/wp\/v2\/media\/24230"}],"wp:attachment":[{"href":"https:\/\/elterritorialweb.com.ar\/web\/wp-json\/wp\/v2\/media?parent=24229"}],"wp:term":[{"taxonomy":"category","embeddable":true,"href":"https:\/\/elterritorialweb.com.ar\/web\/wp-json\/wp\/v2\/categories?post=24229"},{"taxonomy":"post_tag","embeddable":true,"href":"https:\/\/elterritorialweb.com.ar\/web\/wp-json\/wp\/v2\/tags?post=24229"}],"curies":[{"name":"wp","href":"https:\/\/api.w.org\/{rel}","templated":true}]}}