{"id":24233,"date":"2021-07-09T02:41:43","date_gmt":"2021-07-09T02:41:43","guid":{"rendered":"http:\/\/elterritorialweb.com.ar\/web\/?p=24233"},"modified":"2021-07-09T02:41:44","modified_gmt":"2021-07-09T02:41:44","slug":"coronavirus-en-santiago-se-confirmaron-518-casos-positivos-en-la-provincia","status":"publish","type":"post","link":"https:\/\/elterritorialweb.com.ar\/web\/coronavirus-en-santiago-se-confirmaron-518-casos-positivos-en-la-provincia\/","title":{"rendered":"CORONAVIRUS EN SANTIAGO: SE CONFIRMARON 518 CASOS POSITIVOS EN LA PROVINCIA"},"content":{"rendered":"\n<p>Se recuperaron seiscientos sesenta y tres (663) casos, por lo que son cincuenta y un mil cuarenta y cinco (51.045) los casos recuperados en la provincia.<\/p>\n\n\n\n<p><strong>Se notificaron en el d\u00eda de hoy doce (12) personas fallecidas con diagn\u00f3stico de COVID-19 activo. Un hombre de 59 a\u00f1os del Dpto Alberdi y una mujer de 58 a\u00f1os con antecedentes de obesidad, diabetes e hipertensi\u00f3n internada en el CIS Banda. Un hombre de 58 a\u00f1os con antecedentes de diabetes e hipertensi\u00f3n internado en el CIS Banda y un hombre de 48 a\u00f1os con antecedentes de Obesidad que falleci\u00f3 en el Centro de Salud Mama Antula. Un hombre de 54 a\u00f1os del Dpto Jim\u00e9nez y una mujer de 58 a\u00f1os, ambos internados en el Hospital Independencia. Un hombre de 48 a\u00f1os del Dpto Copo y un hombre de 55 a\u00f1os con antecedentes de diabetes e hipertensi\u00f3n, ambos internados en sanatorios privados de la Ciudad Capital. Un hombre de 64 a\u00f1os del Dpto Aguirre y una mujer de 74 a\u00f1os del Dpto Robles, ambos internados en sanatorios privados de la ciudad Capital. Una mujer de 84 a\u00f1os y una mujer de 75 a\u00f1os del Dpto Juan F Ibarra, ambas internadas en un sanatorio privado de la Capital.<\/strong><\/p>\n\n\n\n<p>Hay un total de ochocientos veintisiete (827) personas positivas fallecidas en la provincia.<\/p>\n\n\n\n<p>Se procesaron un total de mil quinientos treinta y tres (1.533) muestras el d\u00eda de hoy. <\/p>\n\n\n\n<p><strong>Se confirmaron quinientos dieciocho (518) casos, Santiago Banda (261) e interior de la provincia (257) distribuidos de la siguiente manera: Alazampa 1; A\u00f1atuya 15; Api Pozo 1; Atoj Pozo ; Bandera 7; ; Bandera Bajada 1; Barrancas 1; Beltr\u00e1n 3; Brea Pozo 5; Campo Gallo 3; Chilca Juliana 1; Clodomira 13; Colonia Dora 3; Colonia El Simbolar 2; Colonia Mar\u00eda Elena 1; El Arenal 1; El Dorado 1; Estaci\u00f3n Robles 3; Favorita 1; Fern\u00e1ndez 11; Forres 3; Fr\u00edas 23; Garza 3; Gramilla 1; Herrera 2; Higuera Chacras 2; Kenti Taco 1; La Aguada 2; La Tijera 6; Lagunilla 1; Loreto 13; Los Acosta 2; Los Pereyra 1; Los Pirpintos 11; Los Quiroga 12; Los Soria 1; Malbran 1; Maquito 1; Monte Quemado 1; Negra Muerta 1; Nueva Esperanza 17; Pampa de los Guanacos 5; Paraje Mili 2; Perchil Bajo 3; Pinto 1; Pozo Hondo 2; Pozo Mositoj 1; Quimili 5; Rapelli 1; San Esteban 1; San Jose del Boqueron 1; San Ram\u00f3n 1; Santo Domingo 1; Selva 2; Sol de Julio 2; Sotelo 3; Suncho Corral 1; Taca\u00f1itas 13; Taquello 4; Termas 13; Tintina 2; T\u00edo Chacras 1; Villa Robles 1; Villa Salavina 2; Villa Uni\u00f3n 2; Villa Zanj\u00f3n 2; Vinal Esquina 1; Weisburd 4.<\/strong><\/p>\n\n\n\n<p>Permanecen activos once mil ciento ochenta y cinco (11.185) casos en la provincia. <\/p>\n\n\n\n<p>El total de casos positivos acumulados es de sesenta y cuatro mil trescientos veintisiete (64.327).<\/p>\n\n\n\n<p>Se descartaron mil quince (1.015) casos el d\u00eda de hoy, por lo que hay ciento ochenta mil trescientos noventa y cinco (180.395) casos descartados a la fecha. <\/p>\n\n\n\n<p><strong>Importante:<\/strong> La diferencia de casos acumulados, y difundidos en el reporte nacional, obedece a diferentes horarios de carga y a santiague\u00f1os que residen en otras provincias pero que no tienen realizado el cambio de domicilio legal en su DNI. Se ha solicitado el correspondiente pedido de reclasificaci\u00f3n de los casos excedentes cargados para nuestra provincia.<\/p>\n\n\n\n<p><strong>RECOMENDACIONES<\/strong><\/p>\n\n\n\n<p>Se recuerda que TODAS las personas que son contacto estrecho de casos positivos que DEBEN realizar un AISLAMIENTO SANITARIO OBLIGATORIO de 14 d\u00edas, aunque no presenten s\u00edntomas e independientemente si fueron hisopados y su resultado fue no detectable (negativo). <\/p>\n\n\n\n<p>Durante el aislamiento sanitario las personas no pueden salir de su hogar ni recibir visitas y deben cumplir con las medidas de prevenci\u00f3n indicadas por las autoridades sanitarias. <\/p>\n\n\n\n<p>Ante la presencia de fiebre mayor o igual a 37,5\u00b0 y s\u00edntomas respiratorios como tos, dolor de garganta, dificultad para respirar, adem\u00e1s de falta de gusto y olfato de reciente aparici\u00f3n, y tambi\u00e9n cefalea, diarrea y\/o v\u00f3mitos o al haber estado en contacto con un caso confirmado, se insta a la poblaci\u00f3n a que haga un contacto de inmediato con el sistema de salud contact\u00e1ndose con su centro de salud m\u00e1s cercano o comunic\u00e1ndose al 107 y evite el contacto social <\/p>\n\n\n\n<p>Tambi\u00e9n se recuerda que se realiza el hisopado a los contactos estrechos de casos positivos que presenten s\u00edntomas o que tengan factores de riesgo (mayores de 60 a\u00f1os, embarazadas, inmunocomprometidos, enfermos oncol\u00f3gicos o dializados).<\/p>\n\n\n\n<p>Recordemos continuar respetando las medidas de distancia f\u00edsica y lavarnos frecuentemente las manos con agua y jab\u00f3n. Si necesitamos salir usemos el barbijo correctamente sin tocarlo ni tocarnos la cara. <\/p>\n\n\n\n<p>Respetar todos los protocolos vigentes y las actividades permitidas, y no realizar reuniones sociales o familiares evitando contacto estrecho con personas que no sean convivientes.<\/p>\n","protected":false},"excerpt":{"rendered":"<p>Informe del Ministerio de Salud de la provincia de Santiago del Estero.<\/p>\n","protected":false},"author":2,"featured_media":24234,"comment_status":"open","ping_status":"open","sticky":false,"template":"","format":"standard","meta":{"om_disable_all_campaigns":false,"_monsterinsights_skip_tracking":false,"_monsterinsights_sitenote_active":false,"_monsterinsights_sitenote_note":"","_monsterinsights_sitenote_category":0,"_uf_show_specific_survey":0,"_uf_disable_surveys":false,"jetpack_post_was_ever_published":false,"_jetpack_newsletter_access":"","_jetpack_dont_email_post_to_subs":false,"_jetpack_newsletter_tier_id":0,"_jetpack_memberships_contains_paywalled_content":false,"_jetpack_memberships_contains_paid_content":false,"footnotes":"","jetpack_publicize_message":"","jetpack_publicize_feature_enabled":true,"jetpack_social_post_already_shared":false,"jetpack_social_options":{"image_generator_settings":{"template":"highway","default_image_id":0,"font":"","enabled":false},"version":2}},"categories":[3],"tags":[],"class_list":["post-24233","post","type-post","status-publish","format-standard","has-post-thumbnail","hentry","category-salud"],"aioseo_notices":[],"views":3,"jetpack_publicize_connections":[],"jetpack_featured_media_url":"https:\/\/i0.wp.com\/elterritorialweb.com.ar\/web\/wp-content\/uploads\/2021\/07\/reporte-diario-8-de-julio-e1625798485893.jpg?fit=960%2C698&ssl=1","jetpack_sharing_enabled":true,"_links":{"self":[{"href":"https:\/\/elterritorialweb.com.ar\/web\/wp-json\/wp\/v2\/posts\/24233","targetHints":{"allow":["GET"]}}],"collection":[{"href":"https:\/\/elterritorialweb.com.ar\/web\/wp-json\/wp\/v2\/posts"}],"about":[{"href":"https:\/\/elterritorialweb.com.ar\/web\/wp-json\/wp\/v2\/types\/post"}],"author":[{"embeddable":true,"href":"https:\/\/elterritorialweb.com.ar\/web\/wp-json\/wp\/v2\/users\/2"}],"replies":[{"embeddable":true,"href":"https:\/\/elterritorialweb.com.ar\/web\/wp-json\/wp\/v2\/comments?post=24233"}],"version-history":[{"count":1,"href":"https:\/\/elterritorialweb.com.ar\/web\/wp-json\/wp\/v2\/posts\/24233\/revisions"}],"predecessor-version":[{"id":24235,"href":"https:\/\/elterritorialweb.com.ar\/web\/wp-json\/wp\/v2\/posts\/24233\/revisions\/24235"}],"wp:featuredmedia":[{"embeddable":true,"href":"https:\/\/elterritorialweb.com.ar\/web\/wp-json\/wp\/v2\/media\/24234"}],"wp:attachment":[{"href":"https:\/\/elterritorialweb.com.ar\/web\/wp-json\/wp\/v2\/media?parent=24233"}],"wp:term":[{"taxonomy":"category","embeddable":true,"href":"https:\/\/elterritorialweb.com.ar\/web\/wp-json\/wp\/v2\/categories?post=24233"},{"taxonomy":"post_tag","embeddable":true,"href":"https:\/\/elterritorialweb.com.ar\/web\/wp-json\/wp\/v2\/tags?post=24233"}],"curies":[{"name":"wp","href":"https:\/\/api.w.org\/{rel}","templated":true}]}}