{"id":24236,"date":"2021-07-09T02:53:56","date_gmt":"2021-07-09T02:53:56","guid":{"rendered":"http:\/\/elterritorialweb.com.ar\/web\/?p=24236"},"modified":"2021-07-09T03:00:17","modified_gmt":"2021-07-09T03:00:17","slug":"amplian-el-horario-de-circulacion-preveen-la-vuelta-del-transporte-y-las-clases-presenciales","status":"publish","type":"post","link":"https:\/\/elterritorialweb.com.ar\/web\/amplian-el-horario-de-circulacion-preveen-la-vuelta-del-transporte-y-las-clases-presenciales\/","title":{"rendered":"AMPLIAN EL HORARIO DE CIRCULACI\u00d3N, PREVEEN LA VUELTA DEL TRANSPORTE Y LAS CLASES PRESENCIALES"},"content":{"rendered":"\n<p>En un comunicado, informaron que continuar\u00e1n las clases en modalidad virtual, estando previsto el reinicio de clases presenciales para el d\u00eda 02\/08 en todo el \u00e1mbito provincial (despu\u00e9s del receso escolar invernal).<\/p>\n\n\n\n<figure class=\"wp-block-image size-large\"><a href=\"https:\/\/i0.wp.com\/elterritorialweb.com.ar\/web\/wp-content\/uploads\/2021\/03\/VUELTA-A-CLASES-SAN-JOSE-DE-CALASANZ.jpeg\"><img data-recalc-dims=\"1\" decoding=\"async\" width=\"640\" height=\"853\" data-src=\"https:\/\/i0.wp.com\/elterritorialweb.com.ar\/web\/wp-content\/uploads\/2021\/03\/VUELTA-A-CLASES-SAN-JOSE-DE-CALASANZ.jpeg?resize=640%2C853\" alt=\"\" class=\"wp-image-18495 lazyload\" data-srcset=\"https:\/\/i0.wp.com\/elterritorialweb.com.ar\/web\/wp-content\/uploads\/2021\/03\/VUELTA-A-CLASES-SAN-JOSE-DE-CALASANZ.jpeg?resize=768%2C1024&amp;ssl=1 768w, https:\/\/i0.wp.com\/elterritorialweb.com.ar\/web\/wp-content\/uploads\/2021\/03\/VUELTA-A-CLASES-SAN-JOSE-DE-CALASANZ.jpeg?resize=225%2C300&amp;ssl=1 225w, https:\/\/i0.wp.com\/elterritorialweb.com.ar\/web\/wp-content\/uploads\/2021\/03\/VUELTA-A-CLASES-SAN-JOSE-DE-CALASANZ.jpeg?w=774&amp;ssl=1 774w\" data-sizes=\"(max-width: 640px) 100vw, 640px\" src=\"data:image\/svg+xml;base64,PHN2ZyB3aWR0aD0iMSIgaGVpZ2h0PSIxIiB4bWxucz0iaHR0cDovL3d3dy53My5vcmcvMjAwMC9zdmciPjwvc3ZnPg==\" style=\"--smush-placeholder-width: 640px; --smush-placeholder-aspect-ratio: 640\/853;\" \/><\/a><\/figure>\n\n\n\n<p>Con respecto al transporte p\u00fablico de colectivos, urbano e interurbano, se prevee el reinicio de su servicio a partir de los \u00faltimos d\u00edas de la pr\u00f3xima semana, o a principio de la semana siguiente, si la situaci\u00f3n epidemiol\u00f3gica lo permite.\u00a0<\/p>\n\n\n\n<figure class=\"wp-block-image size-large\"><a href=\"https:\/\/i0.wp.com\/elterritorialweb.com.ar\/web\/wp-content\/uploads\/2020\/07\/LA-BANDA-MULTA-EMPRESA-DE-COLECTIVO.jpg\"><img data-recalc-dims=\"1\" decoding=\"async\" width=\"640\" height=\"528\" data-src=\"https:\/\/i0.wp.com\/elterritorialweb.com.ar\/web\/wp-content\/uploads\/2020\/07\/LA-BANDA-MULTA-EMPRESA-DE-COLECTIVO.jpg?resize=640%2C528\" alt=\"\" class=\"wp-image-7799 lazyload\" data-srcset=\"https:\/\/i0.wp.com\/elterritorialweb.com.ar\/web\/wp-content\/uploads\/2020\/07\/LA-BANDA-MULTA-EMPRESA-DE-COLECTIVO.jpg?w=774&amp;ssl=1 774w, https:\/\/i0.wp.com\/elterritorialweb.com.ar\/web\/wp-content\/uploads\/2020\/07\/LA-BANDA-MULTA-EMPRESA-DE-COLECTIVO.jpg?resize=300%2C248&amp;ssl=1 300w, https:\/\/i0.wp.com\/elterritorialweb.com.ar\/web\/wp-content\/uploads\/2020\/07\/LA-BANDA-MULTA-EMPRESA-DE-COLECTIVO.jpg?resize=768%2C634&amp;ssl=1 768w\" data-sizes=\"(max-width: 640px) 100vw, 640px\" src=\"data:image\/svg+xml;base64,PHN2ZyB3aWR0aD0iMSIgaGVpZ2h0PSIxIiB4bWxucz0iaHR0cDovL3d3dy53My5vcmcvMjAwMC9zdmciPjwvc3ZnPg==\" style=\"--smush-placeholder-width: 640px; --smush-placeholder-aspect-ratio: 640\/528;\" \/><\/a><\/figure>\n\n\n\n<p>El <strong>horario habilitado<\/strong> desde el <strong>\u00a0d\u00eda s\u00e1bado 10\/07 en adelante ser\u00e1 de 6 a 23.30 en toda la provincia<\/strong>, manteniendo los protocolos vigentes. Con estricto cumplimiento de los protocolos vigentes en las actividades permitidas.<\/p>\n\n\n\n<p>En las ciudad de <strong>Fr\u00edas, A\u00f1atuya, Quimili, Nueva Esperanza, Monte Quemado, Clodomira y Bandera, el horario habilitado seguir\u00e1 siendo de 06 a 22 hs<\/strong>, hasta que mejore su situaci\u00f3n epidemiol\u00f3gica.<\/p>\n","protected":false},"excerpt":{"rendered":"<p>El Comit\u00e9 Operativo de Emergencia volvi\u00f3 a reunirse este jueves e inform\u00f3 las nuevas medidas que regir\u00e1n en Santiago del Estero desde el pr\u00f3ximo 10.<\/p>\n","protected":false},"author":2,"featured_media":24237,"comment_status":"open","ping_status":"open","sticky":false,"template":"","format":"standard","meta":{"om_disable_all_campaigns":false,"_monsterinsights_skip_tracking":false,"_monsterinsights_sitenote_active":false,"_monsterinsights_sitenote_note":"","_monsterinsights_sitenote_category":0,"_uf_show_specific_survey":0,"_uf_disable_surveys":false,"jetpack_post_was_ever_published":false,"_jetpack_newsletter_access":"","_jetpack_dont_email_post_to_subs":false,"_jetpack_newsletter_tier_id":0,"_jetpack_memberships_contains_paywalled_content":false,"_jetpack_memberships_contains_paid_content":false,"footnotes":"","jetpack_publicize_message":"","jetpack_publicize_feature_enabled":true,"jetpack_social_post_already_shared":false,"jetpack_social_options":{"image_generator_settings":{"template":"highway","default_image_id":0,"font":"","enabled":false},"version":2}},"categories":[21],"tags":[],"class_list":["post-24236","post","type-post","status-publish","format-standard","has-post-thumbnail","hentry","category-locales"],"aioseo_notices":[],"views":22,"jetpack_publicize_connections":[],"jetpack_featured_media_url":"https:\/\/i0.wp.com\/elterritorialweb.com.ar\/web\/wp-content\/uploads\/2021\/07\/COE.jpg?fit=720%2C480&ssl=1","jetpack_sharing_enabled":true,"_links":{"self":[{"href":"https:\/\/elterritorialweb.com.ar\/web\/wp-json\/wp\/v2\/posts\/24236","targetHints":{"allow":["GET"]}}],"collection":[{"href":"https:\/\/elterritorialweb.com.ar\/web\/wp-json\/wp\/v2\/posts"}],"about":[{"href":"https:\/\/elterritorialweb.com.ar\/web\/wp-json\/wp\/v2\/types\/post"}],"author":[{"embeddable":true,"href":"https:\/\/elterritorialweb.com.ar\/web\/wp-json\/wp\/v2\/users\/2"}],"replies":[{"embeddable":true,"href":"https:\/\/elterritorialweb.com.ar\/web\/wp-json\/wp\/v2\/comments?post=24236"}],"version-history":[{"count":2,"href":"https:\/\/elterritorialweb.com.ar\/web\/wp-json\/wp\/v2\/posts\/24236\/revisions"}],"predecessor-version":[{"id":24240,"href":"https:\/\/elterritorialweb.com.ar\/web\/wp-json\/wp\/v2\/posts\/24236\/revisions\/24240"}],"wp:featuredmedia":[{"embeddable":true,"href":"https:\/\/elterritorialweb.com.ar\/web\/wp-json\/wp\/v2\/media\/24237"}],"wp:attachment":[{"href":"https:\/\/elterritorialweb.com.ar\/web\/wp-json\/wp\/v2\/media?parent=24236"}],"wp:term":[{"taxonomy":"category","embeddable":true,"href":"https:\/\/elterritorialweb.com.ar\/web\/wp-json\/wp\/v2\/categories?post=24236"},{"taxonomy":"post_tag","embeddable":true,"href":"https:\/\/elterritorialweb.com.ar\/web\/wp-json\/wp\/v2\/tags?post=24236"}],"curies":[{"name":"wp","href":"https:\/\/api.w.org\/{rel}","templated":true}]}}