{"id":24241,"date":"2021-07-09T23:36:52","date_gmt":"2021-07-09T23:36:52","guid":{"rendered":"http:\/\/elterritorialweb.com.ar\/web\/?p=24241"},"modified":"2021-07-09T23:36:53","modified_gmt":"2021-07-09T23:36:53","slug":"el-programa-mis-primeros-1700-dias-llego-a-san-jose-de-boqueron","status":"publish","type":"post","link":"https:\/\/elterritorialweb.com.ar\/web\/el-programa-mis-primeros-1700-dias-llego-a-san-jose-de-boqueron\/","title":{"rendered":"EL PROGRAMA \u00abMIS PRIMEROS 1700 D\u00cdAS\u00bb LLEG\u00d3 A SAN JOS\u00c9 DE BOQUER\u00d3N"},"content":{"rendered":"\n<p>Esto beneficiar\u00e1 a\u00a0 mujeres embarazadas, pu\u00e9rperas, ni\u00f1os, ni\u00f1as y familias de esta\u00a0 comunidad y de los parajes: Piruaj Bajo, El Torerito, Cabeza del Toro, Yskay Pozo, El Puesto, Puestito, La Providencia, Vilmer, La Virtud, Belgrano, Moradito, El Campamento, Santo Domingo , Tres Varones, Esterito, San Jos\u00e9 del Boquer\u00f3n, El Ceibal, Potrero Bajada, Vinal Zuni, Noqueoj, Manga Bajada, Pueblo Nuevo, Santa Ana, La Huerta, Pampa Muyoj, Jume Bajada, Buen Lugar, Pato Pozo, Santa Rosa, Manantial, Guayac\u00e1n, La Florida, La Gloria y \u00a0Nueva Esperanza todos del departamento Copo.<\/p>\n\n\n\n<p>Adem\u00e1s de la misma manera beneficia a los parajes del departamento Pellegrini; Cha\u00f1ar Bajada, Rodeo Grande, Santo Domingo, San Juan, Nuevo Simbolar, El Cardonal, Nuevo Yuch\u00e1n, Santa Luisa, Babilonia, El Bandeadero, Tusca Bajada, El Naranjito, El Arenal y el Aibalito.<\/p>\n\n\n\n<p>La presentaci\u00f3n se llev\u00f3 a cabo cumpliendo con todos los protocolos y normas de seguridad vigentes por la pandemia del Covid\u201319. Estuvieron el responsable del Programa, Dr. Benjam\u00edn Coria, equipo de nutricionista del mismo, que fueron recibidos por el secretario de la comisi\u00f3n municipal de San Jos\u00e9 del Boquer\u00f3n, Alcio Cuellar. Acompa\u00f1aron Franco Orellana comisionado interino de la localidad de Santo Domingo, Pellegrini; Tomasa Errasquin, representante de comunidades Ind\u00edgenas de la zona;&nbsp; personal de salud del hospital de Transito&nbsp;de San Jos\u00e9 del Boquer\u00f3n y personal&nbsp; educativo de la escuela local.<\/p>\n\n\n\n<figure class=\"wp-block-image size-large\"><a href=\"https:\/\/i0.wp.com\/elterritorialweb.com.ar\/web\/wp-content\/uploads\/2021\/07\/programa-1-1-1.jpg\"><img data-recalc-dims=\"1\" decoding=\"async\" width=\"640\" height=\"427\" data-src=\"https:\/\/i0.wp.com\/elterritorialweb.com.ar\/web\/wp-content\/uploads\/2021\/07\/programa-1-1-1.jpg?resize=640%2C427\" alt=\"\" class=\"wp-image-24243 lazyload\" data-srcset=\"https:\/\/i0.wp.com\/elterritorialweb.com.ar\/web\/wp-content\/uploads\/2021\/07\/programa-1-1-1.jpg?resize=1024%2C683&amp;ssl=1 1024w, https:\/\/i0.wp.com\/elterritorialweb.com.ar\/web\/wp-content\/uploads\/2021\/07\/programa-1-1-1.jpg?resize=300%2C200&amp;ssl=1 300w, https:\/\/i0.wp.com\/elterritorialweb.com.ar\/web\/wp-content\/uploads\/2021\/07\/programa-1-1-1.jpg?resize=768%2C512&amp;ssl=1 768w, https:\/\/i0.wp.com\/elterritorialweb.com.ar\/web\/wp-content\/uploads\/2021\/07\/programa-1-1-1.jpg?resize=1536%2C1025&amp;ssl=1 1536w, https:\/\/i0.wp.com\/elterritorialweb.com.ar\/web\/wp-content\/uploads\/2021\/07\/programa-1-1-1.jpg?resize=2048%2C1367&amp;ssl=1 2048w, https:\/\/i0.wp.com\/elterritorialweb.com.ar\/web\/wp-content\/uploads\/2021\/07\/programa-1-1-1.jpg?w=1280 1280w, https:\/\/i0.wp.com\/elterritorialweb.com.ar\/web\/wp-content\/uploads\/2021\/07\/programa-1-1-1.jpg?w=1920 1920w\" data-sizes=\"(max-width: 640px) 100vw, 640px\" src=\"data:image\/svg+xml;base64,PHN2ZyB3aWR0aD0iMSIgaGVpZ2h0PSIxIiB4bWxucz0iaHR0cDovL3d3dy53My5vcmcvMjAwMC9zdmciPjwvc3ZnPg==\" style=\"--smush-placeholder-width: 640px; --smush-placeholder-aspect-ratio: 640\/427;\" \/><\/a><\/figure>\n\n\n\n<p>Haciendo referencia a la actividad el secretario municipal, Alcio Cuellar, expres\u00f3 el agradecimiento \u201cen nombre de toda la comunidad por haber llegado el Programa \u201cMis Primeros 1.700 D\u00edas\u201d a esta zona, ya que es de vital importancia la nutrici\u00f3n y alimentaci\u00f3n de los ni\u00f1os desde su&nbsp; gestaci\u00f3n y sus primeros a\u00f1os\u201d. &nbsp;<\/p>\n\n\n\n<p>Por su parte el referente del Programa Dr. Benjam\u00edn Coria, dijo; \u201cpara nosotros es muy satisfactorio llegar hasta el interior de nuestra provincia con este Programa\u201d y agreg\u00f3 \u201cnuestro compromiso es continuar trabajando junto a ustedes y para ello contar\u00e1n con la vista de las nutricionistas de nuestro equipo las veces que sean necesarias y todos los primeros diez d\u00edas de cada mes recibir\u00e1n el kit de nutrientes\u201d, finaliz\u00f3 el Dr. Coria.&nbsp;<\/p>\n","protected":false},"excerpt":{"rendered":"<p>En la sede de la Escuela N\u00ba 806 \u201cAm\u00e9rica Gonzales de Rizzo Patr\u00f3n\u201d de El Ceibal, departamento Copo se realiz\u00f3 la presentaci\u00f3n.<\/p>\n","protected":false},"author":2,"featured_media":24242,"comment_status":"open","ping_status":"open","sticky":false,"template":"","format":"standard","meta":{"om_disable_all_campaigns":false,"_monsterinsights_skip_tracking":false,"_monsterinsights_sitenote_active":false,"_monsterinsights_sitenote_note":"","_monsterinsights_sitenote_category":0,"_uf_show_specific_survey":0,"_uf_disable_surveys":false,"jetpack_post_was_ever_published":false,"_jetpack_newsletter_access":"","_jetpack_dont_email_post_to_subs":false,"_jetpack_newsletter_tier_id":0,"_jetpack_memberships_contains_paywalled_content":false,"_jetpack_memberships_contains_paid_content":false,"footnotes":"","jetpack_publicize_message":"","jetpack_publicize_feature_enabled":true,"jetpack_social_post_already_shared":false,"jetpack_social_options":{"image_generator_settings":{"template":"highway","default_image_id":0,"font":"","enabled":false},"version":2}},"categories":[3],"tags":[],"class_list":["post-24241","post","type-post","status-publish","format-standard","has-post-thumbnail","hentry","category-salud"],"aioseo_notices":[],"views":4,"jetpack_publicize_connections":[],"jetpack_featured_media_url":"https:\/\/i0.wp.com\/elterritorialweb.com.ar\/web\/wp-content\/uploads\/2021\/07\/programa-1-2.jpg?fit=2248%2C1500&ssl=1","jetpack_sharing_enabled":true,"_links":{"self":[{"href":"https:\/\/elterritorialweb.com.ar\/web\/wp-json\/wp\/v2\/posts\/24241","targetHints":{"allow":["GET"]}}],"collection":[{"href":"https:\/\/elterritorialweb.com.ar\/web\/wp-json\/wp\/v2\/posts"}],"about":[{"href":"https:\/\/elterritorialweb.com.ar\/web\/wp-json\/wp\/v2\/types\/post"}],"author":[{"embeddable":true,"href":"https:\/\/elterritorialweb.com.ar\/web\/wp-json\/wp\/v2\/users\/2"}],"replies":[{"embeddable":true,"href":"https:\/\/elterritorialweb.com.ar\/web\/wp-json\/wp\/v2\/comments?post=24241"}],"version-history":[{"count":1,"href":"https:\/\/elterritorialweb.com.ar\/web\/wp-json\/wp\/v2\/posts\/24241\/revisions"}],"predecessor-version":[{"id":24244,"href":"https:\/\/elterritorialweb.com.ar\/web\/wp-json\/wp\/v2\/posts\/24241\/revisions\/24244"}],"wp:featuredmedia":[{"embeddable":true,"href":"https:\/\/elterritorialweb.com.ar\/web\/wp-json\/wp\/v2\/media\/24242"}],"wp:attachment":[{"href":"https:\/\/elterritorialweb.com.ar\/web\/wp-json\/wp\/v2\/media?parent=24241"}],"wp:term":[{"taxonomy":"category","embeddable":true,"href":"https:\/\/elterritorialweb.com.ar\/web\/wp-json\/wp\/v2\/categories?post=24241"},{"taxonomy":"post_tag","embeddable":true,"href":"https:\/\/elterritorialweb.com.ar\/web\/wp-json\/wp\/v2\/tags?post=24241"}],"curies":[{"name":"wp","href":"https:\/\/api.w.org\/{rel}","templated":true}]}}