{"id":24250,"date":"2021-07-10T00:02:03","date_gmt":"2021-07-10T00:02:03","guid":{"rendered":"http:\/\/elterritorialweb.com.ar\/web\/?p=24250"},"modified":"2021-07-10T00:02:04","modified_gmt":"2021-07-10T00:02:04","slug":"fernandez-todos-los-dias-peleamos-para-que-la-argentina-se-ponga-de-pie-y-contra-los-que-quieren-ver-el-pais-arrodillado","status":"publish","type":"post","link":"https:\/\/elterritorialweb.com.ar\/web\/fernandez-todos-los-dias-peleamos-para-que-la-argentina-se-ponga-de-pie-y-contra-los-que-quieren-ver-el-pais-arrodillado\/","title":{"rendered":"FERN\u00c1NDEZ: \u00abTODOS LOS D\u00cdAS PELEAMOS PARA QUE LA ARGENTINA SE PONGA DE PIE Y CONTRA LOS QUE QUIEREN VER EL PA\u00cdS ARRODILLADO\u00bb"},"content":{"rendered":"\n<p>\u201cSi tenemos coraje, valent\u00eda y nos unimos para entender de una buena vez por todas que nadie se salva solo, y que adem\u00e1s de ser libres e iguales debemos ser fraternos y solidarios con el otro, todo va a ser m\u00e1s f\u00e1cil\u201d, afirm\u00f3 el mandatario al encabezar el acto del que tambi\u00e9n particip\u00f3 el gobernador de Tucum\u00e1n, Juan Manzur.<\/p>\n\n\n\n<p>Sobre el proceso que llev\u00f3 a la declaraci\u00f3n de la Independencia de nuestro pa\u00eds, el jefe de Estado reflexion\u00f3: \u201cCuando yo veo ese pasado y c\u00f3mo esos hombres y mujeres construyeron una libertad en unidad, y miro el presente me doy cuenta de que la historia se repite. Hay muchos que siguen pensando en una patria para algunos, pero la patria no es para algunos. Nosotros decidimos nuestra libertad\u201d.<\/p>\n\n\n\n<figure class=\"wp-block-image size-large\"><a href=\"https:\/\/i0.wp.com\/elterritorialweb.com.ar\/web\/wp-content\/uploads\/2021\/07\/tucuman.jpg\"><img data-recalc-dims=\"1\" decoding=\"async\" width=\"640\" height=\"426\" data-src=\"https:\/\/i0.wp.com\/elterritorialweb.com.ar\/web\/wp-content\/uploads\/2021\/07\/tucuman.jpg?resize=640%2C426\" alt=\"\" class=\"wp-image-24253 lazyload\" data-srcset=\"https:\/\/i0.wp.com\/elterritorialweb.com.ar\/web\/wp-content\/uploads\/2021\/07\/tucuman.jpg?resize=1024%2C682&amp;ssl=1 1024w, https:\/\/i0.wp.com\/elterritorialweb.com.ar\/web\/wp-content\/uploads\/2021\/07\/tucuman.jpg?resize=300%2C200&amp;ssl=1 300w, https:\/\/i0.wp.com\/elterritorialweb.com.ar\/web\/wp-content\/uploads\/2021\/07\/tucuman.jpg?resize=768%2C512&amp;ssl=1 768w, https:\/\/i0.wp.com\/elterritorialweb.com.ar\/web\/wp-content\/uploads\/2021\/07\/tucuman.jpg?resize=1536%2C1024&amp;ssl=1 1536w, https:\/\/i0.wp.com\/elterritorialweb.com.ar\/web\/wp-content\/uploads\/2021\/07\/tucuman.jpg?w=1940&amp;ssl=1 1940w, https:\/\/i0.wp.com\/elterritorialweb.com.ar\/web\/wp-content\/uploads\/2021\/07\/tucuman.jpg?w=1280 1280w\" data-sizes=\"(max-width: 640px) 100vw, 640px\" src=\"data:image\/svg+xml;base64,PHN2ZyB3aWR0aD0iMSIgaGVpZ2h0PSIxIiB4bWxucz0iaHR0cDovL3d3dy53My5vcmcvMjAwMC9zdmciPjwvc3ZnPg==\" style=\"--smush-placeholder-width: 640px; --smush-placeholder-aspect-ratio: 640\/426;\" \/><\/a><\/figure>\n\n\n\n<p>Estuvieron presentes el jefe de Gabinete, Santiago Cafiero; los ministros del Interior, Eduardo de Pedro, y Cultura, Trist\u00e1n Bauer; el secretario General de la Presidencia, Julio Vitobello; y la directora de la Casa Hist\u00f3rica, Mar\u00eda Cecilia Guerra. Particip\u00f3 adem\u00e1s la esposa del gobernador tucumano, Sandra Mattar Sabio.<\/p>\n\n\n\n<p>Sobre la situaci\u00f3n epidemiol\u00f3gica por la pandemia de coronavirus Covid 19, el jefe de Estado remarc\u00f3: \u201cEstamos atravesando un tiempo \u00fanico para la humanidad, un tiempo claramente frustrante que nos impide hacer muchas cosas\u201d. Y pidi\u00f3 seguir cuid\u00e1ndose porque \u201ceste tiempo de privaci\u00f3n es para que no nos arrebaten la vida hoy, para que no nos arrebaten la vida de nuestros afectos\u201d.<\/p>\n\n\n\n<p>\u201cLes garantizo que no vamos a parar de vacunar en estos meses a cada argentina y argentino, y el pa\u00eds que nos merecemos vamos a empezar a construirlo entre todos aunque algunos insistan en dividirnos\u201d, finaliz\u00f3.<\/p>\n\n\n\n<p>Por su parte, el gobernador Manzur indic\u00f3 que \u201cla Argentina naci\u00f3 aqu\u00ed, en el interior, en el norte, en Tucum\u00e1n\u201d, sobre lo que reflexion\u00f3: \u201cEsta Argentina grande, extensa, rica y diversa, pero con idiosincrasias culturales diferentes, es lo que nosotros somos. Esa es nuestra Argentina\u201d.<\/p>\n\n\n\n<p>En cuanto a la campa\u00f1a de vacunaci\u00f3n contra el Covid-19 que se lleva adelante en todo el pa\u00eds, Manzur subray\u00f3 que \u201choy, feriado, est\u00e1n funcionando los 24 nodos\u201d de aplicaci\u00f3n que hay Tucum\u00e1n. \u201cAll\u00ed est\u00e1n nuestras enfermeras y nuestros m\u00e9dicos vacunando a nuestra gente, y ya llevamos puestas m\u00e1s de 900 mil vacunas\u201d, inform\u00f3.<\/p>\n\n\n\n<figure class=\"wp-block-image size-large\"><a href=\"https:\/\/i0.wp.com\/elterritorialweb.com.ar\/web\/wp-content\/uploads\/2021\/07\/tucuman3.jpg\"><img data-recalc-dims=\"1\" decoding=\"async\" width=\"640\" height=\"426\" data-src=\"https:\/\/i0.wp.com\/elterritorialweb.com.ar\/web\/wp-content\/uploads\/2021\/07\/tucuman3.jpg?resize=640%2C426\" alt=\"\" class=\"wp-image-24252 lazyload\" data-srcset=\"https:\/\/i0.wp.com\/elterritorialweb.com.ar\/web\/wp-content\/uploads\/2021\/07\/tucuman3.jpg?resize=1024%2C682&amp;ssl=1 1024w, https:\/\/i0.wp.com\/elterritorialweb.com.ar\/web\/wp-content\/uploads\/2021\/07\/tucuman3.jpg?resize=300%2C200&amp;ssl=1 300w, https:\/\/i0.wp.com\/elterritorialweb.com.ar\/web\/wp-content\/uploads\/2021\/07\/tucuman3.jpg?resize=768%2C512&amp;ssl=1 768w, https:\/\/i0.wp.com\/elterritorialweb.com.ar\/web\/wp-content\/uploads\/2021\/07\/tucuman3.jpg?resize=1536%2C1024&amp;ssl=1 1536w, https:\/\/i0.wp.com\/elterritorialweb.com.ar\/web\/wp-content\/uploads\/2021\/07\/tucuman3.jpg?w=1940&amp;ssl=1 1940w, https:\/\/i0.wp.com\/elterritorialweb.com.ar\/web\/wp-content\/uploads\/2021\/07\/tucuman3.jpg?w=1280 1280w\" data-sizes=\"(max-width: 640px) 100vw, 640px\" src=\"data:image\/svg+xml;base64,PHN2ZyB3aWR0aD0iMSIgaGVpZ2h0PSIxIiB4bWxucz0iaHR0cDovL3d3dy53My5vcmcvMjAwMC9zdmciPjwvc3ZnPg==\" style=\"--smush-placeholder-width: 640px; --smush-placeholder-aspect-ratio: 640\/426;\" \/><\/a><\/figure>\n\n\n\n<p>Durante la ceremonia, se realiz\u00f3 un homenaje a los pr\u00f3ceres del 9 de julio de 1816 y se colocaron ofrendas florales y de laureles al pie de la mesa donde se realiz\u00f3 la hist\u00f3rica Jura. Adem\u00e1s, la Orquesta Juvenil Rolando \u201cChivo\u201d Valladares y el d\u00fao Perota Ching\u00f3 interpretaron las canciones \u201cSube, sube, sube\u201d y \u201cEn el pa\u00eds de la libertad\u201d, respectivamente.<\/p>\n\n\n\n<p>A continuaci\u00f3n, el jefe de Estado salud\u00f3 a trabajadores esenciales y a empleados de la Casa Hist\u00f3rica de Tucum\u00e1n que se encontraban presentes.<\/p>\n\n\n\n<p>El 9 de julio de 1816, los representantes de las Provincias Unidas del R\u00edo de la Plata, reunidos en el Congreso de Tucum\u00e1n, declararon la independencia argentina de la monarqu\u00eda espa\u00f1ola y frente a toda dominaci\u00f3n extranjera.<\/p>\n","protected":false},"excerpt":{"rendered":"<p>El presidente Alberto Fern\u00e1ndez asegur\u00f3 este mediod\u00eda, desde el Museo Casa Hist\u00f3rica de la Independencia en San Miguel de Tucum\u00e1n, que \u201ctodos los d\u00edas peleamos para que la Argentina se ponga de pie y contra los que quieren ver al pa\u00eds arrodillado\u201d, en el marco de los festejos por los 205\u00ba a\u00f1os de la Declaraci\u00f3n de la Independencia de nuestro pa\u00eds. All\u00ed estuvo acompa\u00f1ado por la primera dama, Fabiola Ya\u00f1ez.<\/p>\n","protected":false},"author":2,"featured_media":24251,"comment_status":"open","ping_status":"open","sticky":false,"template":"","format":"standard","meta":{"om_disable_all_campaigns":false,"_monsterinsights_skip_tracking":false,"_monsterinsights_sitenote_active":false,"_monsterinsights_sitenote_note":"","_monsterinsights_sitenote_category":0,"_uf_show_specific_survey":0,"_uf_disable_surveys":false,"jetpack_post_was_ever_published":false,"_jetpack_newsletter_access":"","_jetpack_dont_email_post_to_subs":false,"_jetpack_newsletter_tier_id":0,"_jetpack_memberships_contains_paywalled_content":false,"_jetpack_memberships_contains_paid_content":false,"footnotes":"","jetpack_publicize_message":"","jetpack_publicize_feature_enabled":true,"jetpack_social_post_already_shared":false,"jetpack_social_options":{"image_generator_settings":{"template":"highway","default_image_id":0,"font":"","enabled":false},"version":2}},"categories":[7],"tags":[],"class_list":["post-24250","post","type-post","status-publish","format-standard","has-post-thumbnail","hentry","category-nacionales"],"aioseo_notices":[],"views":6,"jetpack_publicize_connections":[],"jetpack_featured_media_url":"https:\/\/i0.wp.com\/elterritorialweb.com.ar\/web\/wp-content\/uploads\/2021\/07\/tucuman2.jpg?fit=1940%2C1293&ssl=1","jetpack_sharing_enabled":true,"_links":{"self":[{"href":"https:\/\/elterritorialweb.com.ar\/web\/wp-json\/wp\/v2\/posts\/24250","targetHints":{"allow":["GET"]}}],"collection":[{"href":"https:\/\/elterritorialweb.com.ar\/web\/wp-json\/wp\/v2\/posts"}],"about":[{"href":"https:\/\/elterritorialweb.com.ar\/web\/wp-json\/wp\/v2\/types\/post"}],"author":[{"embeddable":true,"href":"https:\/\/elterritorialweb.com.ar\/web\/wp-json\/wp\/v2\/users\/2"}],"replies":[{"embeddable":true,"href":"https:\/\/elterritorialweb.com.ar\/web\/wp-json\/wp\/v2\/comments?post=24250"}],"version-history":[{"count":1,"href":"https:\/\/elterritorialweb.com.ar\/web\/wp-json\/wp\/v2\/posts\/24250\/revisions"}],"predecessor-version":[{"id":24254,"href":"https:\/\/elterritorialweb.com.ar\/web\/wp-json\/wp\/v2\/posts\/24250\/revisions\/24254"}],"wp:featuredmedia":[{"embeddable":true,"href":"https:\/\/elterritorialweb.com.ar\/web\/wp-json\/wp\/v2\/media\/24251"}],"wp:attachment":[{"href":"https:\/\/elterritorialweb.com.ar\/web\/wp-json\/wp\/v2\/media?parent=24250"}],"wp:term":[{"taxonomy":"category","embeddable":true,"href":"https:\/\/elterritorialweb.com.ar\/web\/wp-json\/wp\/v2\/categories?post=24250"},{"taxonomy":"post_tag","embeddable":true,"href":"https:\/\/elterritorialweb.com.ar\/web\/wp-json\/wp\/v2\/tags?post=24250"}],"curies":[{"name":"wp","href":"https:\/\/api.w.org\/{rel}","templated":true}]}}