{"id":24255,"date":"2021-07-10T00:11:37","date_gmt":"2021-07-10T00:11:37","guid":{"rendered":"http:\/\/elterritorialweb.com.ar\/web\/?p=24255"},"modified":"2021-07-10T00:12:19","modified_gmt":"2021-07-10T00:12:19","slug":"14-518-nuevos-casos-de-covid-19-en-24-horas-con-un-total-de-4-627-537-infectados-en-el-pais","status":"publish","type":"post","link":"https:\/\/elterritorialweb.com.ar\/web\/14-518-nuevos-casos-de-covid-19-en-24-horas-con-un-total-de-4-627-537-infectados-en-el-pais\/","title":{"rendered":"14.518 NUEVOS CASOS DE COVID-19 EN 24 HORAS, CON UN TOTAL DE 4.627.537 INFECTADOS EN EL PA\u00cdS"},"content":{"rendered":"\n<p>Otras 244 personas murieron y 14.518 fueron reportadas con coronavirus en las \u00faltimas 24 horas en la Argentina, con lo que suman 98.148 los fallecidos registrados oficialmente a nivel nacional y 4.627.537 los contagiados desde el inicio de la pandemia, inform\u00f3 el Ministerio de Salud.<\/p>\n\n\n\n<p>La cartera sanitaria indic\u00f3 que&nbsp;<strong>hab\u00eda 5.405 internados con coronavirus en unidades de terapia intensiva<\/strong>, con un porcentaje de ocupaci\u00f3n de camas de adultos de 63,7% en el pa\u00eds y del 61% en la \u00c1rea Metropolitana Buenos Aires.<\/p>\n\n\n\n<p>De los 4.627.537 contagiados, 4.246.200 recibi\u00f3 el alta y 283.189 son casos confirmados activos.<\/p>\n\n\n\n<p>El reporte consign\u00f3 que\u00a0<strong>fallecieron 146 hombres y 97 mujeres<\/strong>, mientras que una persona de la provincia de Mendoza fue reportada sin dato de sexo.<\/p>\n\n\n\n<p><strong>Por distrito<\/strong><\/p>\n\n\n\n<p>El parte precis\u00f3 que murieron 59 hombres en la provincia de Buenos Aires; 9 en la Ciudad de Buenos Aires; 6 en Chaco; 5 en Chubut; 4 en Corrientes; 8 en C\u00f3rdoba; 8 en Entre R\u00edos; 4 en Formosa; 1 en Jujuy; 14 en Mendoza; 3 en Misiones; 5 en Neuqu\u00e9n; 3 en R\u00edo Negro; 5 en Salta; 1 en San Juan; 1 en San Luis; 1 en Santa Cruz; 3 en Santa Fe; 4 en Santiago del Estero; y 2 en Tierra del Fuego.<\/p>\n\n\n\n<p>Tambi\u00e9n fallecieron 48 mujeres en Buenos Aires; 6 en la Ciudad de Buenos Aires; 7 en Chaco; 1 en Corrientes; 3 en C\u00f3rdoba; 3 en Entre R\u00edos; 1 en Formosa; 3 en Jujuy; 11 en Mendoza; 1 en Misiones; 2 en Neuqu\u00e9n; 1 en R\u00edo Negro; 2 en Salta; 2 en San Luis; 2 en Santa Cruz y 4 en Santa Fe.<\/p>\n\n\n\n<p>Este viernes se registraron en la provincia de Buenos Aires 3.932 casos; en la Ciudad de Buenos Aires, 1.051; en Catamarca, 304; en Chaco, 641; en Chubut, 142; en Corrientes, 367; en C\u00f3rdoba, 1.765; en Entre R\u00edos, 592; en Formosa, 424; en Jujuy, 256; en La Pampa, 232; en La Rioja, 158; en Mendoza, 324; en Misiones, 170; en Neuqu\u00e9n, 148; en R\u00edo Negro, 125; en Salta, 415; en San Juan, 199; en San Luis, 347; en Santa Cruz, 55; en Santa Fe, 1.631; en Santiago del Estero, 728; Tierra del Fuego, 41 y en Tucum\u00e1n, 471.<\/p>\n\n\n\n<p>El Ministerio indic\u00f3 adem\u00e1s que&nbsp;<strong>se realizaron en las \u00faltimas 24 horas 86.132 testeos<\/strong>&nbsp;y desde el inicio del brote ascienden a 17.503.256 las pruebas diagn\u00f3sticas para esta enfermedad.<\/p>\n\n\n\n<p>El total de acumulados por distrito indica que la provincia de Buenos Aires suma 1.890.568 casos; la Ciudad de Buenos Aires, 473.604; Catamarca, 36.856; Chaco, 82.141; Chubut, 72.470; Corrientes, 70.140; C\u00f3rdoba, 429.972; Entre R\u00edos, 116.763; Formosa, 49.364; Jujuy, 38.354; La Pampa, 55.497; La Rioja, 23.846; Mendoza, 144.597; Misiones, 27.242; Neuqu\u00e9n, 103.254; R\u00edo Negro, 86.205; Salta, 65.959; San Juan, 54.115; San Luis, 68.972; Santa Cruz, 56.415; Santa Fe, 420.369; Santiago del Estero, 64.575; Tierra del Fuego, 30.183 y Tucum\u00e1n, 166.076.<\/p>\n\n\n\n<p>Se incluyen casos existentes en las Islas Malvinas seg\u00fan informaci\u00f3n de prensa (debido a la ocupaci\u00f3n ilegal del Reino Unido, Gran Breta\u00f1a e Irlanda del Norte no es posible contar con informaci\u00f3n propia sobre el impacto de la Covid-19 en esa parte del territorio argentino).<\/p>\n","protected":false},"excerpt":{"rendered":"<p>Informe del Ministerio de Salud de la Naci\u00f3n.<\/p>\n","protected":false},"author":2,"featured_media":24256,"comment_status":"open","ping_status":"open","sticky":false,"template":"","format":"standard","meta":{"om_disable_all_campaigns":false,"_monsterinsights_skip_tracking":false,"_monsterinsights_sitenote_active":false,"_monsterinsights_sitenote_note":"","_monsterinsights_sitenote_category":0,"_uf_show_specific_survey":0,"_uf_disable_surveys":false,"jetpack_post_was_ever_published":false,"_jetpack_newsletter_access":"","_jetpack_dont_email_post_to_subs":false,"_jetpack_newsletter_tier_id":0,"_jetpack_memberships_contains_paywalled_content":false,"_jetpack_memberships_contains_paid_content":false,"footnotes":"","jetpack_publicize_message":"","jetpack_publicize_feature_enabled":true,"jetpack_social_post_already_shared":false,"jetpack_social_options":{"image_generator_settings":{"template":"highway","default_image_id":0,"font":"","enabled":false},"version":2}},"categories":[3],"tags":[],"class_list":["post-24255","post","type-post","status-publish","format-standard","has-post-thumbnail","hentry","category-salud"],"aioseo_notices":[],"views":7,"jetpack_publicize_connections":[],"jetpack_featured_media_url":"https:\/\/i0.wp.com\/elterritorialweb.com.ar\/web\/wp-content\/uploads\/2021\/07\/nuevos-casos-9-de-julio.jpg?fit=600%2C365&ssl=1","jetpack_sharing_enabled":true,"_links":{"self":[{"href":"https:\/\/elterritorialweb.com.ar\/web\/wp-json\/wp\/v2\/posts\/24255","targetHints":{"allow":["GET"]}}],"collection":[{"href":"https:\/\/elterritorialweb.com.ar\/web\/wp-json\/wp\/v2\/posts"}],"about":[{"href":"https:\/\/elterritorialweb.com.ar\/web\/wp-json\/wp\/v2\/types\/post"}],"author":[{"embeddable":true,"href":"https:\/\/elterritorialweb.com.ar\/web\/wp-json\/wp\/v2\/users\/2"}],"replies":[{"embeddable":true,"href":"https:\/\/elterritorialweb.com.ar\/web\/wp-json\/wp\/v2\/comments?post=24255"}],"version-history":[{"count":1,"href":"https:\/\/elterritorialweb.com.ar\/web\/wp-json\/wp\/v2\/posts\/24255\/revisions"}],"predecessor-version":[{"id":24257,"href":"https:\/\/elterritorialweb.com.ar\/web\/wp-json\/wp\/v2\/posts\/24255\/revisions\/24257"}],"wp:featuredmedia":[{"embeddable":true,"href":"https:\/\/elterritorialweb.com.ar\/web\/wp-json\/wp\/v2\/media\/24256"}],"wp:attachment":[{"href":"https:\/\/elterritorialweb.com.ar\/web\/wp-json\/wp\/v2\/media?parent=24255"}],"wp:term":[{"taxonomy":"category","embeddable":true,"href":"https:\/\/elterritorialweb.com.ar\/web\/wp-json\/wp\/v2\/categories?post=24255"},{"taxonomy":"post_tag","embeddable":true,"href":"https:\/\/elterritorialweb.com.ar\/web\/wp-json\/wp\/v2\/tags?post=24255"}],"curies":[{"name":"wp","href":"https:\/\/api.w.org\/{rel}","templated":true}]}}