{"id":24261,"date":"2021-07-10T16:38:08","date_gmt":"2021-07-10T16:38:08","guid":{"rendered":"http:\/\/elterritorialweb.com.ar\/web\/?p=24261"},"modified":"2021-07-10T16:41:44","modified_gmt":"2021-07-10T16:41:44","slug":"realizan-mantenimiento-de-espacios-verdes-en-la-capital","status":"publish","type":"post","link":"https:\/\/elterritorialweb.com.ar\/web\/realizan-mantenimiento-de-espacios-verdes-en-la-capital\/","title":{"rendered":"REALIZAN MANTENIMIENTO DE ESPACIOS VERDES EN LA CAPITAL"},"content":{"rendered":"\n<p>El personal municipal se encarg\u00f3 de tareas de pintura en general, reparaci\u00f3n y recambio de equipamiento de los espacios p\u00fablicos. Id\u00e9nticas acciones se desarrollaron en la plazoleta Florencio S\u00e1nchez y Crucero General Belgrano, del barrio hom\u00f3nimo. <\/p>\n\n\n\n<p>En los pr\u00f3ximos d\u00edas, se continuar\u00e1 en la plaza Pedro Pablo Gorostiaga.En tanto, las mejoras de alumbrado se concretaron en las plazas Viano y Lascano ubicadas en el barrio Siglo XXI, y en Juli\u00e1n y Benicio D\u00edaz en Huaico Hondo.<\/p>\n","protected":false},"excerpt":{"rendered":"<p>La direcci\u00f3n de Parques y Paseos de la Capital realiz\u00f3 trabajos de mantenimiento de las plazas Del Maestro y 27 de Abril, dentro del programa de mejoras de espacios verdes.<\/p>\n","protected":false},"author":2,"featured_media":24262,"comment_status":"open","ping_status":"open","sticky":false,"template":"","format":"standard","meta":{"om_disable_all_campaigns":false,"_monsterinsights_skip_tracking":false,"_monsterinsights_sitenote_active":false,"_monsterinsights_sitenote_note":"","_monsterinsights_sitenote_category":0,"_uf_show_specific_survey":0,"_uf_disable_surveys":false,"jetpack_post_was_ever_published":false,"_jetpack_newsletter_access":"","_jetpack_dont_email_post_to_subs":false,"_jetpack_newsletter_tier_id":0,"_jetpack_memberships_contains_paywalled_content":false,"_jetpack_memberships_contains_paid_content":false,"footnotes":"","jetpack_publicize_message":"","jetpack_publicize_feature_enabled":true,"jetpack_social_post_already_shared":false,"jetpack_social_options":{"image_generator_settings":{"template":"highway","default_image_id":0,"font":"","enabled":false},"version":2}},"categories":[21],"tags":[],"class_list":["post-24261","post","type-post","status-publish","format-standard","has-post-thumbnail","hentry","category-locales"],"aioseo_notices":[],"views":5,"jetpack_publicize_connections":[],"jetpack_featured_media_url":"https:\/\/i0.wp.com\/elterritorialweb.com.ar\/web\/wp-content\/uploads\/2021\/07\/MUNI-ESPACIOS-VERDES.jpg?fit=1151%2C687&ssl=1","jetpack_sharing_enabled":true,"_links":{"self":[{"href":"https:\/\/elterritorialweb.com.ar\/web\/wp-json\/wp\/v2\/posts\/24261","targetHints":{"allow":["GET"]}}],"collection":[{"href":"https:\/\/elterritorialweb.com.ar\/web\/wp-json\/wp\/v2\/posts"}],"about":[{"href":"https:\/\/elterritorialweb.com.ar\/web\/wp-json\/wp\/v2\/types\/post"}],"author":[{"embeddable":true,"href":"https:\/\/elterritorialweb.com.ar\/web\/wp-json\/wp\/v2\/users\/2"}],"replies":[{"embeddable":true,"href":"https:\/\/elterritorialweb.com.ar\/web\/wp-json\/wp\/v2\/comments?post=24261"}],"version-history":[{"count":1,"href":"https:\/\/elterritorialweb.com.ar\/web\/wp-json\/wp\/v2\/posts\/24261\/revisions"}],"predecessor-version":[{"id":24263,"href":"https:\/\/elterritorialweb.com.ar\/web\/wp-json\/wp\/v2\/posts\/24261\/revisions\/24263"}],"wp:featuredmedia":[{"embeddable":true,"href":"https:\/\/elterritorialweb.com.ar\/web\/wp-json\/wp\/v2\/media\/24262"}],"wp:attachment":[{"href":"https:\/\/elterritorialweb.com.ar\/web\/wp-json\/wp\/v2\/media?parent=24261"}],"wp:term":[{"taxonomy":"category","embeddable":true,"href":"https:\/\/elterritorialweb.com.ar\/web\/wp-json\/wp\/v2\/categories?post=24261"},{"taxonomy":"post_tag","embeddable":true,"href":"https:\/\/elterritorialweb.com.ar\/web\/wp-json\/wp\/v2\/tags?post=24261"}],"curies":[{"name":"wp","href":"https:\/\/api.w.org\/{rel}","templated":true}]}}