{"id":24267,"date":"2021-07-10T17:45:01","date_gmt":"2021-07-10T17:45:01","guid":{"rendered":"http:\/\/elterritorialweb.com.ar\/web\/?p=24267"},"modified":"2021-07-10T17:45:01","modified_gmt":"2021-07-10T17:45:01","slug":"guzman-se-reunio-en-venecia-con-janet-yellen-la-secretaria-del-tesoro-de-los-estados-unidos","status":"publish","type":"post","link":"https:\/\/elterritorialweb.com.ar\/web\/guzman-se-reunio-en-venecia-con-janet-yellen-la-secretaria-del-tesoro-de-los-estados-unidos\/","title":{"rendered":"GUZMAN SE REUNI\u00d3 EN VENECIA CON JANET YELLEN, LA SECRETARIA DEL TESORO DE LOS ESTADOS UNIDOS"},"content":{"rendered":"\n<p>En este marco, el titular del Palacio de Hacienda destac\u00f3 que mantuvo \u201cuna muy valiosa y detallada charla con Janet Yellen sobre la importancia de resolver multilateralmente la problem\u00e1tica de la elusi\u00f3n impositiva y las negociaciones para solucionar el problema de la deuda insostenible con el FMI\u201d.<\/p>\n\n\n\n<p>\u201cGracias Janet por tu tan positivo aporte a un renovado multilateralismo. Sigamos trabajando juntos en construir m\u00e1s capacidad para poder implementar pol\u00edticas p\u00fablicas que generen trabajo y oportunidades para nuestros pueblos\u201d, agreg\u00f3 Guzm\u00e1n.<\/p>\n\n\n\n<p>En el encuentro tambi\u00e9n participaron en representaci\u00f3n de la Argentina el Director por el Cono Sur ante el directorio del FMI, Sergio Chodos; la Directora Ejecutiva Alterna por Argentina y el Cono Sur en el Banco Mundial, Cecilia Nah\u00f3n; y la titular de la Unidad de Asuntos Internacionales, Maia Colodenco.<\/p>\n\n\n\n<p>En representaci\u00f3n del Tesoro de los Estados Unidos estuvieron presentes el asesor David Lipton; la Jefa de Gabinete, Didem Nisanci; la subsecretaria adjunta interina de Pol\u00edtica Monetaria Internacional, Patricia Pollard y el subsecretario adjunto para las Negociaciones Multilaterales de la Oficina de Pol\u00edtica Tributaria, Itai Grinberg.<\/p>\n","protected":false},"excerpt":{"rendered":"<p>El ministro de Econom\u00eda, Mart\u00edn Guzm\u00e1n, mantuvo este s\u00e1bado en Venecia una reuni\u00f3n bilateral con la secretaria del Tesoro de los Estados Unidos, Janet Yellen, con quien dialog\u00f3 sobre las negociaciones que la Argentina est\u00e1 desarrollando junto al Fondo Monetario Internacional (FMI) para establecer un nuevo acuerdo con el organismo.<\/p>\n","protected":false},"author":2,"featured_media":24268,"comment_status":"open","ping_status":"open","sticky":false,"template":"","format":"standard","meta":{"om_disable_all_campaigns":false,"_monsterinsights_skip_tracking":false,"_monsterinsights_sitenote_active":false,"_monsterinsights_sitenote_note":"","_monsterinsights_sitenote_category":0,"_uf_show_specific_survey":0,"_uf_disable_surveys":false,"jetpack_post_was_ever_published":false,"_jetpack_newsletter_access":"","_jetpack_dont_email_post_to_subs":false,"_jetpack_newsletter_tier_id":0,"_jetpack_memberships_contains_paywalled_content":false,"_jetpack_memberships_contains_paid_content":false,"footnotes":"","jetpack_publicize_message":"","jetpack_publicize_feature_enabled":true,"jetpack_social_post_already_shared":false,"jetpack_social_options":{"image_generator_settings":{"template":"highway","default_image_id":0,"font":"","enabled":false},"version":2}},"categories":[2],"tags":[],"class_list":["post-24267","post","type-post","status-publish","format-standard","has-post-thumbnail","hentry","category-economia"],"aioseo_notices":[],"views":7,"jetpack_publicize_connections":[],"jetpack_featured_media_url":"https:\/\/i0.wp.com\/elterritorialweb.com.ar\/web\/wp-content\/uploads\/2021\/07\/GUZMAN-EN-VENECIA.jpg?fit=1406%2C1080&ssl=1","jetpack_sharing_enabled":true,"_links":{"self":[{"href":"https:\/\/elterritorialweb.com.ar\/web\/wp-json\/wp\/v2\/posts\/24267","targetHints":{"allow":["GET"]}}],"collection":[{"href":"https:\/\/elterritorialweb.com.ar\/web\/wp-json\/wp\/v2\/posts"}],"about":[{"href":"https:\/\/elterritorialweb.com.ar\/web\/wp-json\/wp\/v2\/types\/post"}],"author":[{"embeddable":true,"href":"https:\/\/elterritorialweb.com.ar\/web\/wp-json\/wp\/v2\/users\/2"}],"replies":[{"embeddable":true,"href":"https:\/\/elterritorialweb.com.ar\/web\/wp-json\/wp\/v2\/comments?post=24267"}],"version-history":[{"count":1,"href":"https:\/\/elterritorialweb.com.ar\/web\/wp-json\/wp\/v2\/posts\/24267\/revisions"}],"predecessor-version":[{"id":24269,"href":"https:\/\/elterritorialweb.com.ar\/web\/wp-json\/wp\/v2\/posts\/24267\/revisions\/24269"}],"wp:featuredmedia":[{"embeddable":true,"href":"https:\/\/elterritorialweb.com.ar\/web\/wp-json\/wp\/v2\/media\/24268"}],"wp:attachment":[{"href":"https:\/\/elterritorialweb.com.ar\/web\/wp-json\/wp\/v2\/media?parent=24267"}],"wp:term":[{"taxonomy":"category","embeddable":true,"href":"https:\/\/elterritorialweb.com.ar\/web\/wp-json\/wp\/v2\/categories?post=24267"},{"taxonomy":"post_tag","embeddable":true,"href":"https:\/\/elterritorialweb.com.ar\/web\/wp-json\/wp\/v2\/tags?post=24267"}],"curies":[{"name":"wp","href":"https:\/\/api.w.org\/{rel}","templated":true}]}}