{"id":24270,"date":"2021-07-10T18:13:52","date_gmt":"2021-07-10T18:13:52","guid":{"rendered":"http:\/\/elterritorialweb.com.ar\/web\/?p=24270"},"modified":"2021-07-10T18:13:54","modified_gmt":"2021-07-10T18:13:54","slug":"argentina-tendra-una-planta-de-fabricacion-de-baterias-de-litio","status":"publish","type":"post","link":"https:\/\/elterritorialweb.com.ar\/web\/argentina-tendra-una-planta-de-fabricacion-de-baterias-de-litio\/","title":{"rendered":"ARGENTINA TENDR\u00c1 UNA PLANTA DE FABRICACI\u00d3N DE BATERIAS DE LITIO"},"content":{"rendered":"\n<p>\u201cEstamos muy entusiasmados y no queremos solamente ser usuarios del litio, tenemos muchas \u00e1reas en la jurisdicci\u00f3n de Defensa, como Fabricaciones Militares y el CITEDEF, que pueden participar de este proceso, que es el puntapi\u00e9 inicial para que en la Argentina podamos industrializar un recurso natural: es nuestro gran desaf\u00edo hist\u00f3rico\u201d, expres\u00f3 Rossi en el Edificio de YTEC &#8211; Sede Berisso, en la provincia de Buenos Aires, tras ser recibido por el presidente de YPF Tecnolog\u00eda S.A., Eduardo Natalio Dvorkin.<\/p>\n\n\n\n<p>\u201cEste hecho hay que enmarcarlo adecuadamente en las mejores tradiciones pol\u00edticas e institucionales de nuestro pa\u00eds\u201d, precis\u00f3 el ministro y, a modo de ejemplo, retom\u00f3 el discurso pronunciado por Per\u00f3n en 1953 en la Escuela de Guerra, hoy sede de la UNDEF (Universidad de la Defensa Nacional), donde \u201cexplicita el ABC del acuerdo entre Argentina, Brasil y Chile al plantear, por primera vez, que el destino de Am\u00e9rica Latina est\u00e1 ligado a la exploraci\u00f3n y\/o explotaci\u00f3n de sus recursos naturales\u201d.<\/p>\n\n\n\n<figure class=\"wp-block-image size-large\"><a href=\"https:\/\/i0.wp.com\/elterritorialweb.com.ar\/web\/wp-content\/uploads\/2021\/07\/BATERIAS-DE-LITIO-1.jpg\"><img data-recalc-dims=\"1\" decoding=\"async\" width=\"640\" height=\"426\" data-src=\"https:\/\/i0.wp.com\/elterritorialweb.com.ar\/web\/wp-content\/uploads\/2021\/07\/BATERIAS-DE-LITIO-1.jpg?resize=640%2C426\" alt=\"\" class=\"wp-image-24272 lazyload\" data-srcset=\"https:\/\/i0.wp.com\/elterritorialweb.com.ar\/web\/wp-content\/uploads\/2021\/07\/BATERIAS-DE-LITIO-1.jpg?resize=1024%2C682&amp;ssl=1 1024w, https:\/\/i0.wp.com\/elterritorialweb.com.ar\/web\/wp-content\/uploads\/2021\/07\/BATERIAS-DE-LITIO-1.jpg?resize=300%2C200&amp;ssl=1 300w, https:\/\/i0.wp.com\/elterritorialweb.com.ar\/web\/wp-content\/uploads\/2021\/07\/BATERIAS-DE-LITIO-1.jpg?resize=768%2C512&amp;ssl=1 768w, https:\/\/i0.wp.com\/elterritorialweb.com.ar\/web\/wp-content\/uploads\/2021\/07\/BATERIAS-DE-LITIO-1.jpg?w=1280&amp;ssl=1 1280w\" data-sizes=\"(max-width: 640px) 100vw, 640px\" src=\"data:image\/svg+xml;base64,PHN2ZyB3aWR0aD0iMSIgaGVpZ2h0PSIxIiB4bWxucz0iaHR0cDovL3d3dy53My5vcmcvMjAwMC9zdmciPjwvc3ZnPg==\" style=\"--smush-placeholder-width: 640px; --smush-placeholder-aspect-ratio: 640\/426;\" \/><\/a><\/figure>\n\n\n\n<p>En sus palabras, el titular de la cartera se refiri\u00f3 tambi\u00e9n a YTEC y su importancia tras la estatizaci\u00f3n de YPF: \u201cSe habla poco de eso pero lo que recuperamos fue la capacidad de invertir en Investigaci\u00f3n, m\u00e1s Desarrollo, m\u00e1s Innovaci\u00f3n (I+D+I), y es fundamental para<br>un pa\u00eds como el nuestro que aspira a ser industrial en t\u00e9rminos competitivos, garantizando as\u00ed el crecimiento econ\u00f3mico con igualdad social\u201d.<\/p>\n\n\n\n<p>Intervienen adem\u00e1s en el acuerdo para la realizaci\u00f3n del proyecto los siguientes organismos: YPF Tecnolog\u00eda S.A.; el Consejo Nacional de Investigaciones Cient\u00edficas y T\u00e9cnicas (CONICET); el Instituto de Investigaciones Cient\u00edficas y T\u00e9cnicas para la Defensa (CITEDEF); la UNLP; el Ministerio de Producci\u00f3n, Ciencia e Innovaci\u00f3n Tecnol\u00f3gica de la provincia de Buenos Aires; y la Comisi\u00f3n de Investigaciones Cient\u00edficas (CIC).<\/p>\n\n\n\n<p>En tanto, Salvarezza destac\u00f3 \u201cel proyecto de desarrollo de este gobierno incorpora la ciencia y la tecnolog\u00eda como un eje importante. El hecho de poder agregarle a la producci\u00f3n el valor agregado necesario no s\u00f3lo para atender la demanda interna, sino tambi\u00e9n para potenciar aquellos nichos donde seamos capaces de exportar. Y el litio es uno de nuestros objetivos, somos un pa\u00eds que tiene enormes reservas y con este proyecto nos proponemos agregarle valor\u201d. Al finalizar, remarc\u00f3 la importancia de este hecho como parte de \u201cla construcci\u00f3n de nuestra soberan\u00eda tecnol\u00f3gica\u201d.<\/p>\n\n\n\n<p>Por su parte, el titular del CITEDEF, Pablo Bolcatto, remarc\u00f3: \u201cCon esta iniciativa recuperamos para el pa\u00eds un proyecto nacional y popular, que implica<br>un doble desaf\u00edo: por un lado, la acci\u00f3n interministerial donde confluyen l\u00f3gicas y culturas distintas y, por el otro, toda la cadena de valor, desde el cascote hasta la bater\u00eda\u201d.<\/p>\n\n\n\n<p>Entre los considerandos del documento firmado hoy se destaca que a trav\u00e9s de la mencionada planta -cuya producci\u00f3n inicial se estima entre 5 y 9 megavatios-hora por a\u00f1o (MW.h\/a\u00f1o)-, se procura desagregar el paquete tecnol\u00f3gico respecto del dise\u00f1o y la fabricaci\u00f3n de las celdas y bater\u00edas, con miras a la definitiva incorporaci\u00f3n de la tecnolog\u00eda y generando, de este modo, las condiciones propicias para el desarrollo de futuras plantas similares o de mayor porte.<\/p>\n\n\n\n<p>Adem\u00e1s a trav\u00e9s de esta iniciativa impulsada por las distintas instituciones firmantes, en el marco de sus competencias espec\u00edficas, se propicia la articulaci\u00f3n de la actividad acad\u00e9mica, el conocimiento cient\u00edfico, el desarrollo tecnol\u00f3gico y la producci\u00f3n industrial, con el fin de asegurar la concreci\u00f3n del objetivo propuesto.<\/p>\n\n\n\n<figure class=\"wp-block-image size-large\"><a href=\"https:\/\/i0.wp.com\/elterritorialweb.com.ar\/web\/wp-content\/uploads\/2021\/07\/BATERIAS-DE-LITIO-2.jpeg\"><img data-recalc-dims=\"1\" decoding=\"async\" width=\"640\" height=\"427\" data-src=\"https:\/\/i0.wp.com\/elterritorialweb.com.ar\/web\/wp-content\/uploads\/2021\/07\/BATERIAS-DE-LITIO-2.jpeg?resize=640%2C427\" alt=\"\" class=\"wp-image-24273 lazyload\" data-srcset=\"https:\/\/i0.wp.com\/elterritorialweb.com.ar\/web\/wp-content\/uploads\/2021\/07\/BATERIAS-DE-LITIO-2.jpeg?resize=1024%2C683&amp;ssl=1 1024w, https:\/\/i0.wp.com\/elterritorialweb.com.ar\/web\/wp-content\/uploads\/2021\/07\/BATERIAS-DE-LITIO-2.jpeg?resize=300%2C200&amp;ssl=1 300w, https:\/\/i0.wp.com\/elterritorialweb.com.ar\/web\/wp-content\/uploads\/2021\/07\/BATERIAS-DE-LITIO-2.jpeg?resize=768%2C512&amp;ssl=1 768w, https:\/\/i0.wp.com\/elterritorialweb.com.ar\/web\/wp-content\/uploads\/2021\/07\/BATERIAS-DE-LITIO-2.jpeg?w=1280&amp;ssl=1 1280w\" data-sizes=\"(max-width: 640px) 100vw, 640px\" src=\"data:image\/svg+xml;base64,PHN2ZyB3aWR0aD0iMSIgaGVpZ2h0PSIxIiB4bWxucz0iaHR0cDovL3d3dy53My5vcmcvMjAwMC9zdmciPjwvc3ZnPg==\" style=\"--smush-placeholder-width: 640px; --smush-placeholder-aspect-ratio: 640\/427;\" \/><\/a><\/figure>\n\n\n\n<p>En el Memor\u00e1ndum tambi\u00e9n se refiere que el Ministerio de Defensa manifiesta su apoyo al proyecto particularmente por la posibilidad que significa contar con bater\u00edas de ion litio para el almacenamiento de energ\u00eda en instalaciones de las Fuerzas Armadas.<\/p>\n\n\n\n<p>Estuvieron presentes la secretaria de Investigaci\u00f3n, Pol\u00edtica Industrial y Producci\u00f3n para la Defensa, Daniela Castro; el ministro de Producci\u00f3n, Ciencia e Innovaci\u00f3n Tecnol\u00f3gica de PBA, Augusto Costa; el gerente general de Y-TEC, Santiago Sacerdote; la presidenta del CONICET, Ana Mar\u00eda Franchi; y los presidentes del CITEDEF, Pablo Bolcatto; de la UNLP, Fernando Tauer; y de la CIC, Carlos Naon.<\/p>\n","protected":false},"excerpt":{"rendered":"<p>El ministro de Defensa, Agustin Rossi, y su par de Ciencia, Tecnolog\u00eda e Innovaci\u00f3n, Roberto Salvarezza, firmaron hoy un Memor\u00e1ndum de Entendimiento que tiene por objeto la instalaci\u00f3n, configuraci\u00f3n y puesta en funcionamiento de una planta de fabricaci\u00f3n de celdas y bater\u00edas de litio, con la finalidad de atender las demandas estrat\u00e9gicas del Estado y del sector productivo en su conjunto.<\/p>\n","protected":false},"author":2,"featured_media":24271,"comment_status":"open","ping_status":"open","sticky":false,"template":"","format":"standard","meta":{"om_disable_all_campaigns":false,"_monsterinsights_skip_tracking":false,"_monsterinsights_sitenote_active":false,"_monsterinsights_sitenote_note":"","_monsterinsights_sitenote_category":0,"_uf_show_specific_survey":0,"_uf_disable_surveys":false,"jetpack_post_was_ever_published":false,"_jetpack_newsletter_access":"","_jetpack_dont_email_post_to_subs":false,"_jetpack_newsletter_tier_id":0,"_jetpack_memberships_contains_paywalled_content":false,"_jetpack_memberships_contains_paid_content":false,"footnotes":"","jetpack_publicize_message":"","jetpack_publicize_feature_enabled":true,"jetpack_social_post_already_shared":false,"jetpack_social_options":{"image_generator_settings":{"template":"highway","default_image_id":0,"font":"","enabled":false},"version":2}},"categories":[5],"tags":[],"class_list":["post-24270","post","type-post","status-publish","format-standard","has-post-thumbnail","hentry","category-cienciaytecno"],"aioseo_notices":[],"views":20,"jetpack_publicize_connections":[],"jetpack_featured_media_url":"https:\/\/i0.wp.com\/elterritorialweb.com.ar\/web\/wp-content\/uploads\/2021\/07\/BATERIAS-DE-LITIO-scaled.jpg?fit=2560%2C1700&ssl=1","jetpack_sharing_enabled":true,"_links":{"self":[{"href":"https:\/\/elterritorialweb.com.ar\/web\/wp-json\/wp\/v2\/posts\/24270","targetHints":{"allow":["GET"]}}],"collection":[{"href":"https:\/\/elterritorialweb.com.ar\/web\/wp-json\/wp\/v2\/posts"}],"about":[{"href":"https:\/\/elterritorialweb.com.ar\/web\/wp-json\/wp\/v2\/types\/post"}],"author":[{"embeddable":true,"href":"https:\/\/elterritorialweb.com.ar\/web\/wp-json\/wp\/v2\/users\/2"}],"replies":[{"embeddable":true,"href":"https:\/\/elterritorialweb.com.ar\/web\/wp-json\/wp\/v2\/comments?post=24270"}],"version-history":[{"count":1,"href":"https:\/\/elterritorialweb.com.ar\/web\/wp-json\/wp\/v2\/posts\/24270\/revisions"}],"predecessor-version":[{"id":24274,"href":"https:\/\/elterritorialweb.com.ar\/web\/wp-json\/wp\/v2\/posts\/24270\/revisions\/24274"}],"wp:featuredmedia":[{"embeddable":true,"href":"https:\/\/elterritorialweb.com.ar\/web\/wp-json\/wp\/v2\/media\/24271"}],"wp:attachment":[{"href":"https:\/\/elterritorialweb.com.ar\/web\/wp-json\/wp\/v2\/media?parent=24270"}],"wp:term":[{"taxonomy":"category","embeddable":true,"href":"https:\/\/elterritorialweb.com.ar\/web\/wp-json\/wp\/v2\/categories?post=24270"},{"taxonomy":"post_tag","embeddable":true,"href":"https:\/\/elterritorialweb.com.ar\/web\/wp-json\/wp\/v2\/tags?post=24270"}],"curies":[{"name":"wp","href":"https:\/\/api.w.org\/{rel}","templated":true}]}}