{"id":24283,"date":"2021-07-10T20:11:41","date_gmt":"2021-07-10T20:11:41","guid":{"rendered":"http:\/\/elterritorialweb.com.ar\/web\/?p=24283"},"modified":"2021-07-10T20:12:52","modified_gmt":"2021-07-10T20:12:52","slug":"nuevo-sistema-luminico-en-el-centro-de-la-ciudad-de-frias","status":"publish","type":"post","link":"https:\/\/elterritorialweb.com.ar\/web\/nuevo-sistema-luminico-en-el-centro-de-la-ciudad-de-frias\/","title":{"rendered":"NUEVO SISTEMA LUM\u00cdNICO EN EL CENTRO DE LA CIUDAD DE FR\u00cdAS"},"content":{"rendered":"\n<p>\u00abEstamos muy contentos por finalizar esta obra, la cual es una primera etapa de un plan de reconversi\u00f3n luminica en el centro de la ciudad. Queremos devolver en obras y servicios a los vecinos y comerciantes su apoyo y confianza a la gesti\u00f3n municipal porque los ciudadanos se merecen que los acompa\u00f1emos y estemos siempre al servicio de sus requerimientos\u00bb enfatiz\u00f3 con alegr\u00eda el intendente de la Ciudad de Fr\u00edas Dr. Astor An\u00edbal Padula.<\/p>\n\n\n\n<p>El jefe comunal estuvo acompa\u00f1ado por su esposa Lic. Soledad Ram\u00edrez, la presidenta del Honorable Concejo Deliberante Lic.. Mirta Lorena Rojas, concejales y funcionarios municipales.<\/p>\n\n\n\n<figure class=\"wp-block-image size-large\"><a href=\"https:\/\/i0.wp.com\/elterritorialweb.com.ar\/web\/wp-content\/uploads\/2021\/07\/FRIAS-LUCES-NUEVAS-1.jpg\"><img data-recalc-dims=\"1\" decoding=\"async\" width=\"640\" height=\"427\" data-src=\"https:\/\/i0.wp.com\/elterritorialweb.com.ar\/web\/wp-content\/uploads\/2021\/07\/FRIAS-LUCES-NUEVAS-1.jpg?resize=640%2C427\" alt=\"\" class=\"wp-image-24286 lazyload\" data-srcset=\"https:\/\/i0.wp.com\/elterritorialweb.com.ar\/web\/wp-content\/uploads\/2021\/07\/FRIAS-LUCES-NUEVAS-1.jpg?w=810&amp;ssl=1 810w, https:\/\/i0.wp.com\/elterritorialweb.com.ar\/web\/wp-content\/uploads\/2021\/07\/FRIAS-LUCES-NUEVAS-1.jpg?resize=300%2C200&amp;ssl=1 300w, https:\/\/i0.wp.com\/elterritorialweb.com.ar\/web\/wp-content\/uploads\/2021\/07\/FRIAS-LUCES-NUEVAS-1.jpg?resize=768%2C512&amp;ssl=1 768w\" data-sizes=\"(max-width: 640px) 100vw, 640px\" src=\"data:image\/svg+xml;base64,PHN2ZyB3aWR0aD0iMSIgaGVpZ2h0PSIxIiB4bWxucz0iaHR0cDovL3d3dy53My5vcmcvMjAwMC9zdmciPjwvc3ZnPg==\" style=\"--smush-placeholder-width: 640px; --smush-placeholder-aspect-ratio: 640\/427;\" \/><\/a><\/figure>\n\n\n\n<p>Los trabajos iniciados en el mes de mayo \u00faltimo signific\u00f3 una fuerte inversi\u00f3n econ\u00f3mica desde la actual gesti\u00f3n municipal con la colocaci\u00f3n de nuevas columnas de alumbrado, luces LED y cableado en m\u00e1s de 1200 metros de extensi\u00f3n, impactando directamente en calle Carlos Monti entre Buenos Aires y Las Heras; San Luis entre Senador Salim y Alvear; Alvear entre San Luis y Mitre y Mitre entre Alvear y Carlos Monti. <\/p>\n\n\n\n<p>Las columnas met\u00e1licas, dise\u00f1adas y construidas de acuerdo a los requerimientos t\u00e9cnicos solicitados y con luces con sistema led de \u00faltima generaci\u00f3n con muy buena uniformidad lum\u00ednica, reemplazando las luminarias convencionales, otorgan un nuevo paisaje urban\u00edstico a una parte del centro comercial de la Ciudad.<\/p>\n\n\n\n<p>La reconversi\u00f3n lum\u00ednica en este sector de la ciudad es parte de un extenso plan municipal de mejoramiento de la v\u00eda p\u00fablica, donde la iluminaci\u00f3n es una parte esencial para la seguridad de los vecinos. Adem\u00e1s permitir\u00e1 un mayor ahorro energ\u00e9tico a todo el sistema el\u00e9ctrico municipal.<\/p>\n\n\n\n<figure class=\"wp-block-image size-large\"><a href=\"https:\/\/i0.wp.com\/elterritorialweb.com.ar\/web\/wp-content\/uploads\/2021\/07\/FRIAS-LUCES-NUEVAS-2.jpg\"><img data-recalc-dims=\"1\" decoding=\"async\" width=\"640\" height=\"360\" data-src=\"https:\/\/i0.wp.com\/elterritorialweb.com.ar\/web\/wp-content\/uploads\/2021\/07\/FRIAS-LUCES-NUEVAS-2.jpg?resize=640%2C360\" alt=\"\" class=\"wp-image-24284 lazyload\" data-srcset=\"https:\/\/i0.wp.com\/elterritorialweb.com.ar\/web\/wp-content\/uploads\/2021\/07\/FRIAS-LUCES-NUEVAS-2.jpg?w=960&amp;ssl=1 960w, https:\/\/i0.wp.com\/elterritorialweb.com.ar\/web\/wp-content\/uploads\/2021\/07\/FRIAS-LUCES-NUEVAS-2.jpg?resize=300%2C169&amp;ssl=1 300w, https:\/\/i0.wp.com\/elterritorialweb.com.ar\/web\/wp-content\/uploads\/2021\/07\/FRIAS-LUCES-NUEVAS-2.jpg?resize=768%2C432&amp;ssl=1 768w\" data-sizes=\"(max-width: 640px) 100vw, 640px\" src=\"data:image\/svg+xml;base64,PHN2ZyB3aWR0aD0iMSIgaGVpZ2h0PSIxIiB4bWxucz0iaHR0cDovL3d3dy53My5vcmcvMjAwMC9zdmciPjwvc3ZnPg==\" style=\"--smush-placeholder-width: 640px; --smush-placeholder-aspect-ratio: 640\/360;\" \/><\/a><\/figure>\n\n\n\n<p>Posterior a la habilitaci\u00f3n de la nueva iluminaci\u00f3n, el Dr. An\u00edbal Padula recorri\u00f3 las calles impactadas con esta nueva obra interioriz\u00e1ndose de cada uno de los detalles realizados llevados a cabo por la empleados y obreros de la Secretar\u00eda de Obras y Servicios P\u00fablicos de la Municipalidad.<\/p>\n\n\n\n<p>Los vecinos y comerciantes hicieron llegar de manera personal al Intendente y a los trabajadores su benepl\u00e1cito por las obras realizadas mostrando su conformidad por las acciones de la actual gesti\u00f3n municipal.<\/p>\n","protected":false},"excerpt":{"rendered":"<p>El Intendente Dr. Astor An\u00edbal Padula dej\u00f3 inaugurada la primera parte de un plan de reconversi\u00f3n luminica en el centro de la ciudad de Fr\u00edas.<\/p>\n","protected":false},"author":2,"featured_media":24288,"comment_status":"open","ping_status":"open","sticky":false,"template":"","format":"standard","meta":{"om_disable_all_campaigns":false,"_monsterinsights_skip_tracking":false,"_monsterinsights_sitenote_active":false,"_monsterinsights_sitenote_note":"","_monsterinsights_sitenote_category":0,"_uf_show_specific_survey":0,"_uf_disable_surveys":false,"jetpack_post_was_ever_published":false,"_jetpack_newsletter_access":"","_jetpack_dont_email_post_to_subs":false,"_jetpack_newsletter_tier_id":0,"_jetpack_memberships_contains_paywalled_content":false,"_jetpack_memberships_contains_paid_content":false,"footnotes":"","jetpack_publicize_message":"","jetpack_publicize_feature_enabled":true,"jetpack_social_post_already_shared":false,"jetpack_social_options":{"image_generator_settings":{"template":"highway","default_image_id":0,"font":"","enabled":false},"version":2}},"categories":[21],"tags":[],"class_list":["post-24283","post","type-post","status-publish","format-standard","has-post-thumbnail","hentry","category-locales"],"aioseo_notices":[],"views":6,"jetpack_publicize_connections":[],"jetpack_featured_media_url":"https:\/\/i0.wp.com\/elterritorialweb.com.ar\/web\/wp-content\/uploads\/2021\/07\/FRIAS-LUCES-NUEVAS-3.jpg?fit=960%2C640&ssl=1","jetpack_sharing_enabled":true,"_links":{"self":[{"href":"https:\/\/elterritorialweb.com.ar\/web\/wp-json\/wp\/v2\/posts\/24283","targetHints":{"allow":["GET"]}}],"collection":[{"href":"https:\/\/elterritorialweb.com.ar\/web\/wp-json\/wp\/v2\/posts"}],"about":[{"href":"https:\/\/elterritorialweb.com.ar\/web\/wp-json\/wp\/v2\/types\/post"}],"author":[{"embeddable":true,"href":"https:\/\/elterritorialweb.com.ar\/web\/wp-json\/wp\/v2\/users\/2"}],"replies":[{"embeddable":true,"href":"https:\/\/elterritorialweb.com.ar\/web\/wp-json\/wp\/v2\/comments?post=24283"}],"version-history":[{"count":1,"href":"https:\/\/elterritorialweb.com.ar\/web\/wp-json\/wp\/v2\/posts\/24283\/revisions"}],"predecessor-version":[{"id":24287,"href":"https:\/\/elterritorialweb.com.ar\/web\/wp-json\/wp\/v2\/posts\/24283\/revisions\/24287"}],"wp:featuredmedia":[{"embeddable":true,"href":"https:\/\/elterritorialweb.com.ar\/web\/wp-json\/wp\/v2\/media\/24288"}],"wp:attachment":[{"href":"https:\/\/elterritorialweb.com.ar\/web\/wp-json\/wp\/v2\/media?parent=24283"}],"wp:term":[{"taxonomy":"category","embeddable":true,"href":"https:\/\/elterritorialweb.com.ar\/web\/wp-json\/wp\/v2\/categories?post=24283"},{"taxonomy":"post_tag","embeddable":true,"href":"https:\/\/elterritorialweb.com.ar\/web\/wp-json\/wp\/v2\/tags?post=24283"}],"curies":[{"name":"wp","href":"https:\/\/api.w.org\/{rel}","templated":true}]}}