{"id":24308,"date":"2021-07-11T04:33:19","date_gmt":"2021-07-11T04:33:19","guid":{"rendered":"http:\/\/elterritorialweb.com.ar\/web\/?p=24308"},"modified":"2021-07-11T04:33:20","modified_gmt":"2021-07-11T04:33:20","slug":"coronavirus-en-santiago-se-confirmaron-304-casos-positivos-en-la-provincia","status":"publish","type":"post","link":"https:\/\/elterritorialweb.com.ar\/web\/coronavirus-en-santiago-se-confirmaron-304-casos-positivos-en-la-provincia\/","title":{"rendered":"CORONAVIRUS EN SANTIAGO: SE CONFIRMARON 304 CASOS POSITIVOS EN LA PROVINCIA"},"content":{"rendered":"\n<p>Se recuperaron seiscientos ochenta y dos (682) casos, por lo que son cincuenta y dos mil cuatrocientos treinta (52.430) los casos recuperados en la provincia.<\/p>\n\n\n\n<p><strong>Se notificaron en el d\u00eda de hoy ocho (8) personas fallecidas con diagn\u00f3stico de COVID-19 activo. Una mujer de 81 a\u00f1os internada en el CIS TRH. Una mujer de 37 a\u00f1os del Dpto Jim\u00e9nez internada en el CIS Banda. Un hombre de 56 a\u00f1os del Dpto Robles y una mujer de 54 a\u00f1os del Dpto Banda, ambos internados en el CISB Banda. Una mujer de 61 a\u00f1os y un hombre de 24 a\u00f1os, ambos internados en el Hospital Independencia. Un hombre de 76 a\u00f1os con antecedentes de hipertensi\u00f3n internado en un sanatorio privado de la ciudad Capital. Un hombre de 57 a\u00f1os con antecedentes de obesidad del Dpto Moreno que estaba internado en un sanatorio privado de la Capital. <\/strong><\/p>\n\n\n\n<p>Hay un total de ochocientos treinta y siete (837) personas positivas fallecidas en la provincia.<\/p>\n\n\n\n<p>Se procesaron un total de mil trescientos veinte (1.320) muestras el d\u00eda de hoy. <\/p>\n\n\n\n<p><strong>Se confirmaron trescientos cuatro (304) casos, Santiago Banda (98) e interior de la provincia (206) distribuidos de la siguiente manera: A\u00f1atuya 2; Arraga 1; Barrialito 6; Beltr\u00e1n 3; Brea Pozo 1; Card\u00f3n Esquina 1; Caspi Corral 1; Colonia El Simbolar 1; Cuatro Bocas 3; El Cabure 3; El Charco 1; El Colorado 1; El Fisco 1; El Quemado 5; Fern\u00e1ndez 2; Fr\u00edas 32; Guanaco Sombriana 1; Herrera 1; Ica\u00f1o 1; La Reserva 1; Laprida 1; Las Delicias 1; Lavalle 2; Loma del Medio 4; Loreto 5; Loro Huasi 1; Los Quiroga 5; Los Soria 2; Lujan 1; Monte Rico 1; Monte Quemado 13; Nueva Esperanza 9; Pinto 5; Pozo del Toba 5; Pozo Huascho 1; Pozuelo 2; Quimili 17; San Isidro 1; San Jos\u00e9 1; San Pedro 1; San Pedro de Guasayan 2; Santa Mar\u00eda 2; Simbol Yacuyoj 1; Sotelo 1; Sumampa 4; Suncho Corral 14; Taquello 2; Termas 23; Tintina 2; Turena 1; Upianita 1; Vaca Hua\u00f1una 1; Vilelas 3; Vilmer 1; Villa Zanj\u00f3n 1; Weisburd 1; A\u00f1atuya 2; Arraga 1; Barrialito 6; Beltr\u00e1n 3; Brea Pozo 1; Card\u00f3n Esquina 1; Caspi Corral 1; Colonia El Simbolar 1; Cuatro Bocas 3; El Cabure 3; El Charco 1; El Colorado 1; El Fisco 1; El Quemado 5; Fern\u00e1ndez 2; Fr\u00edas 32; Guanaco Sombriana 1; Herrera 1; Ica\u00f1o 1; La Reserva 1; Laprida 1; Las Delicias 1; Lavalle 2; Loma del Medio 4; Loreto 5; Loro Huasi 1; Los Quiroga 5; Los Soria 2; Lujan 1; Monte Rico 1; Monte Quemado 13; Nueva Esperanza 9; Pinto 5; Pozo del Toba 5; Pozo Huascho 1; Pozuelo 2; Quimili 17; San Isidro 1; San Jos\u00e9 1; San Pedro 1; San Pedro de Guasayan 2; Santa Mar\u00eda 2; Simbol Yacuyoj 1; Sotelo 1; Sumampa 4; Suncho Corral 14; Taquello 2; Termas 23; Tintina 2; Turena 1; Upianita 1; Vaca Hua\u00f1una 1; Vilelas 3; Vilmer 1; Villa Zanj\u00f3n 1; Weisburd 1.<\/strong><\/p>\n\n\n\n<p>Permanecen activos diez mil setecientos veintid\u00f3s (10.722) casos en la provincia. <\/p>\n\n\n\n<p>El total de casos positivos acumulados es de sesenta y cinco mil doscientos cincuenta y nueve (65.259).<\/p>\n\n\n\n<p>Se descartaron mil diecis\u00e9is (1.016) casos el d\u00eda de hoy, por lo que hay ciento ochenta y dos mil quinientos sesenta y un (182.561) casos descartados a la fecha. <\/p>\n\n\n\n<p><strong>Importante: <\/strong>La diferencia de casos acumulados, y difundidos en el reporte nacional, obedece a diferentes horarios de carga y a santiague\u00f1os que residen en otras provincias pero que no tienen realizado el cambio de domicilio legal en su DNI. Se ha solicitado el correspondiente pedido de reclasificaci\u00f3n de los casos excedentes cargados para nuestra provincia.<\/p>\n\n\n\n<p><strong>RECOMENDACIONES<\/strong><\/p>\n\n\n\n<p>Se recuerda que TODAS las personas que son contacto estrecho de casos positivos que DEBEN realizar un AISLAMIENTO SANITARIO OBLIGATORIO de 14 d\u00edas, aunque no presenten s\u00edntomas e independientemente si fueron hisopados y su resultado fue no detectable (negativo). <\/p>\n\n\n\n<p>Durante el aislamiento sanitario las personas no pueden salir de su hogar ni recibir visitas y deben cumplir con las medidas de prevenci\u00f3n indicadas por las autoridades sanitarias. <\/p>\n\n\n\n<p>Ante la presencia de fiebre mayor o igual a 37,5\u00b0 y s\u00edntomas respiratorios como tos, dolor de garganta, dificultad para respirar, adem\u00e1s de falta de gusto y olfato de reciente aparici\u00f3n, y tambi\u00e9n cefalea, diarrea y\/o v\u00f3mitos o al haber estado en contacto con un caso confirmado, se insta a la poblaci\u00f3n a que haga un contacto de inmediato con el sistema de salud contact\u00e1ndose con su centro de salud m\u00e1s cercano o comunic\u00e1ndose al 107 y evite el contacto social <\/p>\n\n\n\n<p>Tambi\u00e9n se recuerda que se realiza el hisopado a los contactos estrechos de casos positivos que presenten s\u00edntomas o que tengan factores de riesgo (mayores de 60 a\u00f1os, embarazadas, inmunocomprometidos, enfermos oncol\u00f3gicos o dializados).<\/p>\n\n\n\n<p>Recordemos continuar respetando las medidas de distancia f\u00edsica y lavarnos frecuentemente las manos con agua y jab\u00f3n. Si necesitamos salir usemos el barbijo correctamente sin tocarlo ni tocarnos la cara. <\/p>\n\n\n\n<p>Respetar todos los protocolos vigentes y las actividades permitidas, y no realizar reuniones sociales o familiares evitando contacto estrecho con personas que no sean convivientes.<\/p>\n","protected":false},"excerpt":{"rendered":"<p>Informe del Ministerio de Salud de la provincia de Santiago del Estero.<\/p>\n","protected":false},"author":2,"featured_media":24309,"comment_status":"open","ping_status":"open","sticky":false,"template":"","format":"standard","meta":{"om_disable_all_campaigns":false,"_monsterinsights_skip_tracking":false,"_monsterinsights_sitenote_active":false,"_monsterinsights_sitenote_note":"","_monsterinsights_sitenote_category":0,"_uf_show_specific_survey":0,"_uf_disable_surveys":false,"jetpack_post_was_ever_published":false,"_jetpack_newsletter_access":"","_jetpack_dont_email_post_to_subs":false,"_jetpack_newsletter_tier_id":0,"_jetpack_memberships_contains_paywalled_content":false,"_jetpack_memberships_contains_paid_content":false,"footnotes":"","jetpack_publicize_message":"","jetpack_publicize_feature_enabled":true,"jetpack_social_post_already_shared":false,"jetpack_social_options":{"image_generator_settings":{"template":"highway","default_image_id":0,"font":"","enabled":false},"version":2}},"categories":[3],"tags":[],"class_list":["post-24308","post","type-post","status-publish","format-standard","has-post-thumbnail","hentry","category-salud"],"aioseo_notices":[],"views":3,"jetpack_publicize_connections":[],"jetpack_featured_media_url":"https:\/\/i0.wp.com\/elterritorialweb.com.ar\/web\/wp-content\/uploads\/2021\/07\/reporte-diario-10-de-julio.jpg?fit=1040%2C492&ssl=1","jetpack_sharing_enabled":true,"_links":{"self":[{"href":"https:\/\/elterritorialweb.com.ar\/web\/wp-json\/wp\/v2\/posts\/24308","targetHints":{"allow":["GET"]}}],"collection":[{"href":"https:\/\/elterritorialweb.com.ar\/web\/wp-json\/wp\/v2\/posts"}],"about":[{"href":"https:\/\/elterritorialweb.com.ar\/web\/wp-json\/wp\/v2\/types\/post"}],"author":[{"embeddable":true,"href":"https:\/\/elterritorialweb.com.ar\/web\/wp-json\/wp\/v2\/users\/2"}],"replies":[{"embeddable":true,"href":"https:\/\/elterritorialweb.com.ar\/web\/wp-json\/wp\/v2\/comments?post=24308"}],"version-history":[{"count":1,"href":"https:\/\/elterritorialweb.com.ar\/web\/wp-json\/wp\/v2\/posts\/24308\/revisions"}],"predecessor-version":[{"id":24310,"href":"https:\/\/elterritorialweb.com.ar\/web\/wp-json\/wp\/v2\/posts\/24308\/revisions\/24310"}],"wp:featuredmedia":[{"embeddable":true,"href":"https:\/\/elterritorialweb.com.ar\/web\/wp-json\/wp\/v2\/media\/24309"}],"wp:attachment":[{"href":"https:\/\/elterritorialweb.com.ar\/web\/wp-json\/wp\/v2\/media?parent=24308"}],"wp:term":[{"taxonomy":"category","embeddable":true,"href":"https:\/\/elterritorialweb.com.ar\/web\/wp-json\/wp\/v2\/categories?post=24308"},{"taxonomy":"post_tag","embeddable":true,"href":"https:\/\/elterritorialweb.com.ar\/web\/wp-json\/wp\/v2\/tags?post=24308"}],"curies":[{"name":"wp","href":"https:\/\/api.w.org\/{rel}","templated":true}]}}