{"id":24311,"date":"2021-07-11T17:03:27","date_gmt":"2021-07-11T17:03:27","guid":{"rendered":"http:\/\/elterritorialweb.com.ar\/web\/?p=24311"},"modified":"2021-07-11T17:09:18","modified_gmt":"2021-07-11T17:09:18","slug":"trabajos-de-mantenimientos-del-mastil-en-la-rotonda-nuestra-senora-del-carmen","status":"publish","type":"post","link":"https:\/\/elterritorialweb.com.ar\/web\/trabajos-de-mantenimientos-del-mastil-en-la-rotonda-nuestra-senora-del-carmen\/","title":{"rendered":"TRABAJOS DE MANTENIMIENTO DEL MASTIL EN LA ROTONDA \u00abNUESTRA SE\u00d1ORA DEL CARMEN\u00bb"},"content":{"rendered":"\n<p>Se trata de una estructura de 1,20 metro de di\u00e1metro y 42 metros de altura, en cuyo extremo ondea una bandera de 20 metros de largo por nueve de ancho. Est\u00e1 anclado sobre una base de hormig\u00f3n armado con vinculaci\u00f3n abulonada y un sistema operativo electromec\u00e1nico para izar y arriar la bandera. <\/p>\n\n\n\n<p>Cabe recordar, que fue inaugurado en el a\u00f1o 2010 y por lo que es necesaria la intervenci\u00f3n para protegerlo de las inclemencias del tiempo y prolongar su vida \u00fatil. La tarea consiste en el mantenimiento de la estructura met\u00e1lica, a trav\u00e9s del lijado, limpieza y pintado de la misma, con material adecuado para mejorar su estado ante la permanente exposici\u00f3n al aire libre.<\/p>\n\n\n\n<p>Esto se complementa con trabajos en el entorno del m\u00e1stil, como la explanada y canteros que lo rodean, con el reemplazo del revoque y la reconstrucci\u00f3n de la vereda que une al m\u00e1stil con la gruta de la Virgen del Carmen.<\/p>\n\n\n\n<p>Adem\u00e1s de la colocaci\u00f3n de mosaicos gran\u00edticos en la explanada y caminar\u00eda y el reacondicionamiento de la instalaci\u00f3n el\u00e9ctrica.<a href=\"https:\/\/www.facebook.com\/264403147583987\/photos\/a.359512004739767\/793067791384184\/?__cft__[0]=AZW5uhB-3bbv1iRT9gwav-Pw-rZyERE4kUlXg6gJaJiaPUAg_Jdb5vkFyAtPRMqoaBQNCb5nvYTQ32VyE78FN6j6ZJ73nqPF9ONJtZ_HPqEiuhUpNsy9b4JaewtXiRqeKQ33Z3LhVLgj8HIXyinETg0k&amp;__tn__=EH-R\"><\/a><\/p>\n","protected":false},"excerpt":{"rendered":"<p>La  Capital trabaja en la puesta en valor del imponente m\u00e1stil ubicado en la rotonda Nuestra Se\u00f1ora del Carmen, en el acceso oeste de la ciudad, que representa un homenaje permanente a la Bandera Nacional.<\/p>\n","protected":false},"author":2,"featured_media":24312,"comment_status":"open","ping_status":"open","sticky":false,"template":"","format":"standard","meta":{"om_disable_all_campaigns":false,"_monsterinsights_skip_tracking":false,"_monsterinsights_sitenote_active":false,"_monsterinsights_sitenote_note":"","_monsterinsights_sitenote_category":0,"_uf_show_specific_survey":0,"_uf_disable_surveys":false,"jetpack_post_was_ever_published":false,"_jetpack_newsletter_access":"","_jetpack_dont_email_post_to_subs":false,"_jetpack_newsletter_tier_id":0,"_jetpack_memberships_contains_paywalled_content":false,"_jetpack_memberships_contains_paid_content":false,"footnotes":"","jetpack_publicize_message":"","jetpack_publicize_feature_enabled":true,"jetpack_social_post_already_shared":false,"jetpack_social_options":{"image_generator_settings":{"template":"highway","default_image_id":0,"font":"","enabled":false},"version":2}},"categories":[21],"tags":[],"class_list":["post-24311","post","type-post","status-publish","format-standard","has-post-thumbnail","hentry","category-locales"],"aioseo_notices":[],"views":13,"jetpack_publicize_connections":[],"jetpack_featured_media_url":"https:\/\/i0.wp.com\/elterritorialweb.com.ar\/web\/wp-content\/uploads\/2021\/07\/MASTIL-DEL-AUTONOMIA.jpg?fit=1077%2C710&ssl=1","jetpack_sharing_enabled":true,"_links":{"self":[{"href":"https:\/\/elterritorialweb.com.ar\/web\/wp-json\/wp\/v2\/posts\/24311","targetHints":{"allow":["GET"]}}],"collection":[{"href":"https:\/\/elterritorialweb.com.ar\/web\/wp-json\/wp\/v2\/posts"}],"about":[{"href":"https:\/\/elterritorialweb.com.ar\/web\/wp-json\/wp\/v2\/types\/post"}],"author":[{"embeddable":true,"href":"https:\/\/elterritorialweb.com.ar\/web\/wp-json\/wp\/v2\/users\/2"}],"replies":[{"embeddable":true,"href":"https:\/\/elterritorialweb.com.ar\/web\/wp-json\/wp\/v2\/comments?post=24311"}],"version-history":[{"count":2,"href":"https:\/\/elterritorialweb.com.ar\/web\/wp-json\/wp\/v2\/posts\/24311\/revisions"}],"predecessor-version":[{"id":24314,"href":"https:\/\/elterritorialweb.com.ar\/web\/wp-json\/wp\/v2\/posts\/24311\/revisions\/24314"}],"wp:featuredmedia":[{"embeddable":true,"href":"https:\/\/elterritorialweb.com.ar\/web\/wp-json\/wp\/v2\/media\/24312"}],"wp:attachment":[{"href":"https:\/\/elterritorialweb.com.ar\/web\/wp-json\/wp\/v2\/media?parent=24311"}],"wp:term":[{"taxonomy":"category","embeddable":true,"href":"https:\/\/elterritorialweb.com.ar\/web\/wp-json\/wp\/v2\/categories?post=24311"},{"taxonomy":"post_tag","embeddable":true,"href":"https:\/\/elterritorialweb.com.ar\/web\/wp-json\/wp\/v2\/tags?post=24311"}],"curies":[{"name":"wp","href":"https:\/\/api.w.org\/{rel}","templated":true}]}}