{"id":24315,"date":"2021-07-11T17:27:47","date_gmt":"2021-07-11T17:27:47","guid":{"rendered":"http:\/\/elterritorialweb.com.ar\/web\/?p=24315"},"modified":"2021-07-11T17:27:49","modified_gmt":"2021-07-11T17:27:49","slug":"messi-y-su-salida-del-predio-de-ezeiza","status":"publish","type":"post","link":"https:\/\/elterritorialweb.com.ar\/web\/messi-y-su-salida-del-predio-de-ezeiza\/","title":{"rendered":"MESSI Y SU SALIDA DEL PREDIO DE EZEIZA"},"content":{"rendered":"\n<p>Finalmente a Lionel\u00a0<strong>Messi\u00a0<\/strong>se le dio lo que tanto ansiaba. Luego de varios intentos que concluyeron con un trago amargo, pudo levantar la\u00a0<strong>Copa Am\u00e9rica<\/strong>\u00a0tras vencer a Brasil por 1-0 y lograr concretar lo que fue un &#8216;maracanazo&#8217; hist\u00f3rico. La alegr\u00eda y la locura del pueblo argentino no cesa desde ayer a la noche, y hoy, luego de que La Pulga y los dem\u00e1s jugadores de la\u00a0<strong>Selecci\u00f3n Argentina<\/strong>\u00a0arribaran al predio de AFA para llevar el trofeo, les cost\u00f3 bastante retirarse.<\/p>\n\n\n\n<p><strong>El plantel de Lionel Scaloni arrib\u00f3 a Ezeiza alrededor de las 8.45<\/strong>, donde lo esperaban todos los fan\u00e1ticos con enormes carteles en agradecimiento por la gloria de haber rememorado la \u00faltima consagraci\u00f3n continental de 1993 y cortar con una racha de 28 a\u00f1os de sequ\u00eda.<\/p>\n\n\n\n<p>La euforia de todos los hinchas que fueron a recibir al plantel campe\u00f3n se hizo notar. Como siempre, el amontonamiento con tal de conseguir alg\u00fan que otro saludo o video de los futbolistas estuvo presente y Messi tambi\u00e9n fue part\u00edcipe de eso. Por eso, para esquivar la multitud,&nbsp;<strong>el auto particular que lo sac\u00f3 de las instalaciones tuvo que agarrar por la banquina.<\/strong><\/p>\n","protected":false},"excerpt":{"rendered":"<p>Luego de levantar el trofeo de la Copa Am\u00e9rica en Brasil, el 10 se retir\u00f3 de las instalaciones de Ezeiza de una forma muy particular.<\/p>\n","protected":false},"author":2,"featured_media":24316,"comment_status":"open","ping_status":"open","sticky":false,"template":"","format":"standard","meta":{"om_disable_all_campaigns":false,"_monsterinsights_skip_tracking":false,"_monsterinsights_sitenote_active":false,"_monsterinsights_sitenote_note":"","_monsterinsights_sitenote_category":0,"_uf_show_specific_survey":0,"_uf_disable_surveys":false,"jetpack_post_was_ever_published":false,"_jetpack_newsletter_access":"","_jetpack_dont_email_post_to_subs":false,"_jetpack_newsletter_tier_id":0,"_jetpack_memberships_contains_paywalled_content":false,"_jetpack_memberships_contains_paid_content":false,"footnotes":"","jetpack_publicize_message":"","jetpack_publicize_feature_enabled":true,"jetpack_social_post_already_shared":false,"jetpack_social_options":{"image_generator_settings":{"template":"highway","default_image_id":0,"font":"","enabled":false},"version":2}},"categories":[6],"tags":[],"class_list":["post-24315","post","type-post","status-publish","format-standard","has-post-thumbnail","hentry","category-deportes"],"aioseo_notices":[],"views":5,"jetpack_publicize_connections":[],"jetpack_featured_media_url":"https:\/\/i0.wp.com\/elterritorialweb.com.ar\/web\/wp-content\/uploads\/2021\/07\/MESSI-SE-RETIRA-DE-EZEIZA.jpg?fit=1004%2C565&ssl=1","jetpack_sharing_enabled":true,"_links":{"self":[{"href":"https:\/\/elterritorialweb.com.ar\/web\/wp-json\/wp\/v2\/posts\/24315","targetHints":{"allow":["GET"]}}],"collection":[{"href":"https:\/\/elterritorialweb.com.ar\/web\/wp-json\/wp\/v2\/posts"}],"about":[{"href":"https:\/\/elterritorialweb.com.ar\/web\/wp-json\/wp\/v2\/types\/post"}],"author":[{"embeddable":true,"href":"https:\/\/elterritorialweb.com.ar\/web\/wp-json\/wp\/v2\/users\/2"}],"replies":[{"embeddable":true,"href":"https:\/\/elterritorialweb.com.ar\/web\/wp-json\/wp\/v2\/comments?post=24315"}],"version-history":[{"count":1,"href":"https:\/\/elterritorialweb.com.ar\/web\/wp-json\/wp\/v2\/posts\/24315\/revisions"}],"predecessor-version":[{"id":24317,"href":"https:\/\/elterritorialweb.com.ar\/web\/wp-json\/wp\/v2\/posts\/24315\/revisions\/24317"}],"wp:featuredmedia":[{"embeddable":true,"href":"https:\/\/elterritorialweb.com.ar\/web\/wp-json\/wp\/v2\/media\/24316"}],"wp:attachment":[{"href":"https:\/\/elterritorialweb.com.ar\/web\/wp-json\/wp\/v2\/media?parent=24315"}],"wp:term":[{"taxonomy":"category","embeddable":true,"href":"https:\/\/elterritorialweb.com.ar\/web\/wp-json\/wp\/v2\/categories?post=24315"},{"taxonomy":"post_tag","embeddable":true,"href":"https:\/\/elterritorialweb.com.ar\/web\/wp-json\/wp\/v2\/tags?post=24315"}],"curies":[{"name":"wp","href":"https:\/\/api.w.org\/{rel}","templated":true}]}}