{"id":24318,"date":"2021-07-12T00:29:14","date_gmt":"2021-07-12T00:29:14","guid":{"rendered":"http:\/\/elterritorialweb.com.ar\/web\/?p=24318"},"modified":"2021-07-12T00:29:15","modified_gmt":"2021-07-12T00:29:15","slug":"desde-este-lunes-continuaran-con-la-entrega-de-la-tarjeta-alimentar-en-la-ciudad-capital","status":"publish","type":"post","link":"https:\/\/elterritorialweb.com.ar\/web\/desde-este-lunes-continuaran-con-la-entrega-de-la-tarjeta-alimentar-en-la-ciudad-capital\/","title":{"rendered":"DESDE ESTE LUNES CONTINUAR\u00c1N CON LA ENTREGA DE LA TARJETA ALIMENTAR EN LA CIUDAD CAPITAL"},"content":{"rendered":"\n<p>De manera coordinada con la Provincia, el municipio participa en la distribuci\u00f3n de estas tarjetas que dependen del Ministerio de Desarrollo Social de la Naci\u00f3n, siendo \u00e9sta la tercera entrega para los beneficiarios que residen en la ciudad Capital.<\/p>\n\n\n\n<p>El otorgamiento de este beneficio se realizar\u00e1 de 8 a 13 horas en las instalaciones de los clubes Red Star y Juventud. Previamente, los vecinos deben consultar si est\u00e1n incluidos entre los beneficiarios de las tarjetas ingresando a <a rel=\"noreferrer noopener\" href=\"http:\/\/santiagociudad.com\/?fbclid=IwAR3R4Ny0GYxflZlgSBqHPmk1pd7933WvK29zdzAVxImP7IxMcVyDvpUXLLo\" target=\"_blank\">http:\/\/santiagociudad.com<\/a> en donde adem\u00e1s podr\u00e1n verificar el d\u00eda, horario y lugar asignado para la entrega.<\/p>\n\n\n\n<p>Cabe recordar que el municipio dise\u00f1\u00f3 esta aplicaci\u00f3n especialmente para organizar la asistencia a los clubes y evitar las aglomeraciones en este contexto de pandemia.<\/p>\n\n\n\n<p>La tarjeta Alimentar es una pol\u00edtica complementaria que garantiza el acceso a la canasta b\u00e1sica alimentaria. No suplanta a la Asignaci\u00f3n Universal por Hija\/o ni a ninguna pol\u00edtica existente.<\/p>\n","protected":false},"excerpt":{"rendered":"<p>La Capital inform\u00f3 que a partir desde este lunes y hasta el viernes 16 de julio continuar\u00e1 la entrega de la tarjeta Alimentar, en el marco del plan Argentina Contra El Hambre.<\/p>\n","protected":false},"author":2,"featured_media":24319,"comment_status":"open","ping_status":"open","sticky":false,"template":"","format":"standard","meta":{"om_disable_all_campaigns":false,"_monsterinsights_skip_tracking":false,"_monsterinsights_sitenote_active":false,"_monsterinsights_sitenote_note":"","_monsterinsights_sitenote_category":0,"_uf_show_specific_survey":0,"_uf_disable_surveys":false,"jetpack_post_was_ever_published":false,"_jetpack_newsletter_access":"","_jetpack_dont_email_post_to_subs":false,"_jetpack_newsletter_tier_id":0,"_jetpack_memberships_contains_paywalled_content":false,"_jetpack_memberships_contains_paid_content":false,"footnotes":"","jetpack_publicize_message":"","jetpack_publicize_feature_enabled":true,"jetpack_social_post_already_shared":false,"jetpack_social_options":{"image_generator_settings":{"template":"highway","default_image_id":0,"font":"","enabled":false},"version":2}},"categories":[21],"tags":[],"class_list":["post-24318","post","type-post","status-publish","format-standard","has-post-thumbnail","hentry","category-locales"],"aioseo_notices":[],"views":9,"jetpack_publicize_connections":[],"jetpack_featured_media_url":"https:\/\/i0.wp.com\/elterritorialweb.com.ar\/web\/wp-content\/uploads\/2021\/07\/TARJETA-ALIMENTAR.jpg?fit=1124%2C750&ssl=1","jetpack_sharing_enabled":true,"_links":{"self":[{"href":"https:\/\/elterritorialweb.com.ar\/web\/wp-json\/wp\/v2\/posts\/24318","targetHints":{"allow":["GET"]}}],"collection":[{"href":"https:\/\/elterritorialweb.com.ar\/web\/wp-json\/wp\/v2\/posts"}],"about":[{"href":"https:\/\/elterritorialweb.com.ar\/web\/wp-json\/wp\/v2\/types\/post"}],"author":[{"embeddable":true,"href":"https:\/\/elterritorialweb.com.ar\/web\/wp-json\/wp\/v2\/users\/2"}],"replies":[{"embeddable":true,"href":"https:\/\/elterritorialweb.com.ar\/web\/wp-json\/wp\/v2\/comments?post=24318"}],"version-history":[{"count":1,"href":"https:\/\/elterritorialweb.com.ar\/web\/wp-json\/wp\/v2\/posts\/24318\/revisions"}],"predecessor-version":[{"id":24320,"href":"https:\/\/elterritorialweb.com.ar\/web\/wp-json\/wp\/v2\/posts\/24318\/revisions\/24320"}],"wp:featuredmedia":[{"embeddable":true,"href":"https:\/\/elterritorialweb.com.ar\/web\/wp-json\/wp\/v2\/media\/24319"}],"wp:attachment":[{"href":"https:\/\/elterritorialweb.com.ar\/web\/wp-json\/wp\/v2\/media?parent=24318"}],"wp:term":[{"taxonomy":"category","embeddable":true,"href":"https:\/\/elterritorialweb.com.ar\/web\/wp-json\/wp\/v2\/categories?post=24318"},{"taxonomy":"post_tag","embeddable":true,"href":"https:\/\/elterritorialweb.com.ar\/web\/wp-json\/wp\/v2\/tags?post=24318"}],"curies":[{"name":"wp","href":"https:\/\/api.w.org\/{rel}","templated":true}]}}