{"id":24340,"date":"2021-07-12T03:04:38","date_gmt":"2021-07-12T03:04:38","guid":{"rendered":"http:\/\/elterritorialweb.com.ar\/web\/?p=24340"},"modified":"2021-07-12T03:04:39","modified_gmt":"2021-07-12T03:04:39","slug":"coronavirus-en-santiago-se-confirmaron-177-casos-positivos-en-l-provincia","status":"publish","type":"post","link":"https:\/\/elterritorialweb.com.ar\/web\/coronavirus-en-santiago-se-confirmaron-177-casos-positivos-en-l-provincia\/","title":{"rendered":"CORONAVIRUS EN SANTIAGO: SE CONFIRMARON 177 CASOS POSITIVOS EN L PROVINCIA"},"content":{"rendered":"\n<p>Se recuperaron quinientos quince (515) casos, por lo que son cincuenta y dos mil novecientos cuarenta y cinco (52.945) los casos recuperados en la provincia.<\/p>\n\n\n\n<p><strong>Se notificaron en el d\u00eda de hoy nueve (9) personas fallecidas con diagn\u00f3stico de COVID-19 activo. Una mujer de 66 a\u00f1os con antecedentes de obesidad y EPOC y un hombre de 46 a\u00f1os con antecedentes de diabetes e hipertensi\u00f3n del Dpto Robles, ambos internados en el CIS Banda. Un hombre de 58 a\u00f1os y un hombre de 61 a\u00f1os, ambos internados en el Hospital Independencia. Una mujer de 43 a\u00f1os con antecedentes de diabetes internado en el Hospital Independencia. Una mujer de 80 a\u00f1os con antecedentes de hipertensi\u00f3n y una mujer de 55 a\u00f1os con antecedentes de hipertensi\u00f3n, ambos internadas en un sanatorio privado de la Capital. Un hombre de 81 a\u00f1os con antecedentes de hipertensi\u00f3n del Dpto Robles y una mujer de 69 a\u00f1os con antecedentes de diabetes e hipertensi\u00f3n, ambos internados en un sanatorio privado de la Capital.<\/strong><\/p>\n\n\n\n<p>Hay un total de ochocientos cuarenta y seis (846) personas positivas fallecidas en la provincia.<\/p>\n\n\n\n<p>Se procesaron un total de setecientos diecis\u00e9is (716) muestras el d\u00eda de hoy. <\/p>\n\n\n\n<p><strong>Se confirmaron ciento setenta y siete (177) casos, Santiago-La Banda (85) e interior de la provincia (92) distribuidos de la siguiente: Abra Grande 3; A\u00f1atuya 1; Bandera 5; Brea Pozo 1; Campo Verde 1; Chilca Juliana 1; Chilquita 1; Clodomira 9; Colonia Isla 1; Colonia San Juan 1; Condor Huasi 1; El Aibe 1; Estaci\u00f3n Simbolar 1; Forres 1; El Polear 1; Frias 26; Garcedo 1; Garza 3; La Ca\u00f1ada 1; Lavalle 4; Los Mojones 1; Los Pereyra 1; Maco 1; Matara 4; Real Sayana 1; Pozuelo 1; San Ram\u00f3n 3; Sol de Julio 1; Sumampa 1; Suncho Corral 6; Tapso 2; Tintina 1; Villa Rivadavia 3; Weisburd 2.<\/strong><\/p>\n\n\n\n<p>Permanecen activos diez mil trescientos setenta y cinco (10.375) casos en la provincia. <\/p>\n\n\n\n<p>El total de casos positivos acumulados es de sesenta y cinco mil cuatrocientos treinta y seis (65.436).<\/p>\n\n\n\n<p>Se descartaron quinientos treinta y nueve (539) casos el d\u00eda de hoy, por lo que hay ciento ochenta y tres mil cien (183.100) casos descartados a la fecha. <\/p>\n\n\n\n<p><strong>Importante: <\/strong>La diferencia de casos acumulados, y difundidos en el reporte nacional, obedece a diferentes horarios de carga y a santiague\u00f1os que residen en otras provincias pero que no tienen realizado el cambio de domicilio legal en su DNI. Se ha solicitado el correspondiente pedido de reclasificaci\u00f3n de los casos excedentes cargados para nuestra provincia.<\/p>\n\n\n\n<p><strong>RECOMENDACIONES<\/strong><\/p>\n\n\n\n<p>Se recuerda que TODAS las personas que son contacto estrecho de casos positivos que DEBEN realizar un AISLAMIENTO SANITARIO OBLIGATORIO de 14 d\u00edas, aunque no presenten s\u00edntomas e independientemente si fueron hisopados y su resultado fue no detectable (negativo). <\/p>\n\n\n\n<p>Durante el aislamiento sanitario las personas no pueden salir de su hogar ni recibir visitas y deben cumplir con las medidas de prevenci\u00f3n indicadas por las autoridades sanitarias. <\/p>\n\n\n\n<p>Ante la presencia de fiebre mayor o igual a 37,5\u00b0 y s\u00edntomas respiratorios como tos, dolor de garganta, dificultad para respirar, adem\u00e1s de falta de gusto y olfato de reciente aparici\u00f3n, y tambi\u00e9n cefalea, diarrea y\/o v\u00f3mitos o al haber estado en contacto con un caso confirmado, se insta a la poblaci\u00f3n a que haga un contacto de inmediato con el sistema de salud contact\u00e1ndose con su centro de salud m\u00e1s cercano o comunic\u00e1ndose al 107 y evite el contacto social <\/p>\n\n\n\n<p>Tambi\u00e9n se recuerda que se realiza el hisopado a los contactos estrechos de casos positivos que presenten s\u00edntomas o que tengan factores de riesgo (mayores de 60 a\u00f1os, embarazadas, inmunocomprometidos, enfermos oncol\u00f3gicos o dializados).<\/p>\n\n\n\n<p>Recordemos continuar respetando las medidas de distancia f\u00edsica y lavarnos frecuentemente las manos con agua y jab\u00f3n. Si necesitamos salir usemos el barbijo correctamente sin tocarlo ni tocarnos la cara. <\/p>\n\n\n\n<p>Respetar todos los protocolos vigentes y las actividades permitidas, y no realizar reuniones sociales o familiares evitando contacto estrecho con personas que no sean convivientes.<\/p>\n","protected":false},"excerpt":{"rendered":"<p>Informe del Ministerio de Salud de la provincia de Santiago del Estero<\/p>\n","protected":false},"author":2,"featured_media":12581,"comment_status":"open","ping_status":"open","sticky":false,"template":"","format":"standard","meta":{"om_disable_all_campaigns":false,"_monsterinsights_skip_tracking":false,"_monsterinsights_sitenote_active":false,"_monsterinsights_sitenote_note":"","_monsterinsights_sitenote_category":0,"_uf_show_specific_survey":0,"_uf_disable_surveys":false,"jetpack_post_was_ever_published":false,"_jetpack_newsletter_access":"","_jetpack_dont_email_post_to_subs":false,"_jetpack_newsletter_tier_id":0,"_jetpack_memberships_contains_paywalled_content":false,"_jetpack_memberships_contains_paid_content":false,"footnotes":"","jetpack_publicize_message":"","jetpack_publicize_feature_enabled":true,"jetpack_social_post_already_shared":false,"jetpack_social_options":{"image_generator_settings":{"template":"highway","default_image_id":0,"font":"","enabled":false},"version":2}},"categories":[3],"tags":[],"class_list":["post-24340","post","type-post","status-publish","format-standard","has-post-thumbnail","hentry","category-salud"],"aioseo_notices":[],"views":4,"jetpack_publicize_connections":[],"jetpack_featured_media_url":"https:\/\/i0.wp.com\/elterritorialweb.com.ar\/web\/wp-content\/uploads\/2020\/10\/REPORTE-DIARIO-29-DE-OCTUBRE.jpg?fit=360%2C270&ssl=1","jetpack_sharing_enabled":true,"_links":{"self":[{"href":"https:\/\/elterritorialweb.com.ar\/web\/wp-json\/wp\/v2\/posts\/24340","targetHints":{"allow":["GET"]}}],"collection":[{"href":"https:\/\/elterritorialweb.com.ar\/web\/wp-json\/wp\/v2\/posts"}],"about":[{"href":"https:\/\/elterritorialweb.com.ar\/web\/wp-json\/wp\/v2\/types\/post"}],"author":[{"embeddable":true,"href":"https:\/\/elterritorialweb.com.ar\/web\/wp-json\/wp\/v2\/users\/2"}],"replies":[{"embeddable":true,"href":"https:\/\/elterritorialweb.com.ar\/web\/wp-json\/wp\/v2\/comments?post=24340"}],"version-history":[{"count":2,"href":"https:\/\/elterritorialweb.com.ar\/web\/wp-json\/wp\/v2\/posts\/24340\/revisions"}],"predecessor-version":[{"id":24342,"href":"https:\/\/elterritorialweb.com.ar\/web\/wp-json\/wp\/v2\/posts\/24340\/revisions\/24342"}],"wp:featuredmedia":[{"embeddable":true,"href":"https:\/\/elterritorialweb.com.ar\/web\/wp-json\/wp\/v2\/media\/12581"}],"wp:attachment":[{"href":"https:\/\/elterritorialweb.com.ar\/web\/wp-json\/wp\/v2\/media?parent=24340"}],"wp:term":[{"taxonomy":"category","embeddable":true,"href":"https:\/\/elterritorialweb.com.ar\/web\/wp-json\/wp\/v2\/categories?post=24340"},{"taxonomy":"post_tag","embeddable":true,"href":"https:\/\/elterritorialweb.com.ar\/web\/wp-json\/wp\/v2\/tags?post=24340"}],"curies":[{"name":"wp","href":"https:\/\/api.w.org\/{rel}","templated":true}]}}