{"id":24358,"date":"2021-07-13T00:35:53","date_gmt":"2021-07-13T00:35:53","guid":{"rendered":"http:\/\/elterritorialweb.com.ar\/web\/?p=24358"},"modified":"2021-07-13T00:35:53","modified_gmt":"2021-07-13T00:35:53","slug":"detectan-otro-nueve-casos-de-la-variante-delta-en-el-pais","status":"publish","type":"post","link":"https:\/\/elterritorialweb.com.ar\/web\/detectan-otro-nueve-casos-de-la-variante-delta-en-el-pais\/","title":{"rendered":"DETECTAN OTRO NUEVE CASOS DE LA VARIANTE DELTA EN EL PA\u00cdS"},"content":{"rendered":"\n<p>El\u00a0<strong>Ministerio de Salud<\/strong>\u00a0confirm\u00f3 la detecci\u00f3n de otros nueve casos de la\u00a0<strong>variante Delta<\/strong>. Seg\u00fan se\u00f1alaron en un comunicado, se trata de seis argentinos residentes de la Ciudad y tres de la provincia de Buenos Aires, que regresaron de\u00a0<strong>Estados Unidos<\/strong>,\u00a0<strong>M\u00e9xico<\/strong>\u00a0y\u00a0<strong>Paraguay,<\/strong>\u00a0por lo cual desde la cartera que lidera\u00a0<strong>Carla Vizzotti\u00a0<\/strong>destacaron que, hasta el momento, los \u00fanicos casos reportados con esta mutaci\u00f3n cuentan con antecedentes de viaje.<\/p>\n\n\n\n<p>Mediante un comunicado, el Ministerio de Salud confirm\u00f3 la detecci\u00f3n de\u00a0<strong>otros nueve argentinos contagiados con la\u00a0variante Delta<\/strong>. Seg\u00fan explicaron, se trata de personas que hab\u00edan regresado al pa\u00eds desde Estados Unidos, M\u00e9xico y Paraguay.\u00a0<strong>Dos<\/strong>\u00a0de los infectados fueron localizados tras obtener un resultado positivos en los\u00a0<strong>test de ant\u00edgenos al ingresar al pa\u00eds<\/strong>\u00a0y los\u00a0<strong>restantes\u00a0<\/strong>fueron hallados\u00a0<strong>durante el hisopado de control (PCR) que debe realizarse al s\u00e9ptimo d\u00eda de aislamiento o la presentaci\u00f3n de s\u00edntomas<\/strong>.<\/p>\n\n\n\n<p><strong>De los nueve casos, seis son porte\u00f1os y tres bonaerenses<\/strong>, por lo cual desde el Ministerio de Salud adelantaron que se encuentran efectuando la \u201cinvestigaci\u00f3n epidemiol\u00f3gica de los contactos estrechos de cada vuelo, as\u00ed como el seguimiento de los casos confirmados y sus contactos estrechos para el cumplimiento de los aislamientos correspondientes, con el objetivo de controlar la posible propagaci\u00f3n de esta variante de preocupaci\u00f3n\u201d.<\/p>\n\n\n\n<p>Seg\u00fan aclararon desde la cartera sanitaria,<strong>&nbsp;tres de los infectados son adultos que fueron vacunados en Miami<\/strong>, Estados Unidos. En tanto, advirtieron que, por el momento, no se han detectados infecciones con la variante Delta en personas sin antecedentes de viajes al exterior o vinculado con un viajero.<\/p>\n\n\n\n<p>Hasta el momento,\u00a0<strong>la Argentina logr\u00f3 detectar 15 casos de Covid-19 con\u00a0variante Delta<\/strong>\u00a0gracias a la trabajo del Laboratorio Nacional de Referencia del INEI-ANLIS. De los cuales, cinco fueron identificados como positivos en Ezeiza, siendo asintom\u00e1ticos al momento de ingresar y dos con s\u00edntomas en los d\u00edas posteriores; mientras que los 10 restantes hab\u00edan obtenido un resultado negativos al entrar al pa\u00eds, pero ocho desarrollaron s\u00edntomas y dos permanecieron asintom\u00e1ticos durante su periodo de aislamiento. Adem\u00e1s, cuatro de los viajeros hab\u00edan sido vacunados en su viaje al exterior.<\/p>\n\n\n\n<h4 class=\"wp-block-heading\">Cu\u00e1les son las recomendaciones del Ministerio de Salud a la poblaci\u00f3n:<\/h4>\n\n\n\n<p>\u25cf Posponer los viajes<\/p>\n\n\n\n<p>\u25cf Mantener cerradas las fronteras terrestres<\/p>\n\n\n\n<p>\u25cf Prohibici\u00f3n de ingreso de personas extranjeras no residentes en el pa\u00eds<\/p>\n\n\n\n<p>\u25cf Exigencia de una prueba de biolog\u00eda molecular negativa con un m\u00e1ximo de antelaci\u00f3n de 72 horas previas al viaje y un test al ingreso al pa\u00eds para personas que ingresen por vuelos internacionales a trav\u00e9s de los aeropuertos habilitados (Ezeiza, Aeroparque y San Fernando) y terminal de Puerto de Buenos Aires.<\/p>\n\n\n\n<p>\u25cf Aquellos con test de ant\u00edgeno positivo en el arribo al pa\u00eds, deber\u00e1 realizar aislamiento en hoteles espec\u00edficos en Ciudad de Buenos Aires.<\/p>\n\n\n\n<p>\u25cf Obligatoriedad de guardar aislamiento para todos los viajeros internacionales por el t\u00e9rmino de 7 d\u00edas posteriores al ingreso (seg\u00fan las indicaciones de cada jurisdicci\u00f3n)<\/p>\n\n\n\n<p>\u25cf Obligatoriedad de realizar una prueba molecular al s\u00e9ptimo d\u00eda del ingreso.<\/p>\n\n\n\n<h4 class=\"wp-block-heading\">Cu\u00e1les son las recomendaciones que realiz\u00f3 la cartera sanitaria a las jurisdicciones:<\/h4>\n\n\n\n<p>\u25cf Intensificar los controles y el seguimiento epidemiol\u00f3gico de viajeros internacionales en per\u00edodo de aislamiento posterior al ingreso, y asegurar test de PCR al s\u00e9ptimo d\u00eda. independientemente del estado de vacunaci\u00f3n.<\/p>\n\n\n\n<p>\u25cf Sensibilizar a los viajeros sobre la necesidad de la consulta inmediata ante la aparici\u00f3n de s\u00edntomas (incluso s\u00edntomas leves).<\/p>\n\n\n\n<p>\u25cf Notificar todos los estudios de seguimiento de viajeros internacionales al Sistema Nacional de Vigilancia de la Salud al evento \u201cEstudios de SARS-CoV-2 en puntos de entrada\u201d para el cierre del seguimiento.<\/p>\n\n\n\n<p>\u25cf Derivar al INEI-ANLIS todas las muestras correspondientes a casos positivos en viajeros internacionales para su secuenciaci\u00f3n gen\u00f3mica.<\/p>\n","protected":false},"excerpt":{"rendered":"<p>Son viajeros que llegaron desde Estados Unidos, M\u00e9xico y Paraguay. Seis son de la Ciudad de Buenos Aires y tres de la Provincia. Por el momento, no se detect\u00f3 circulaci\u00f3n comunitaria de la cepa.<\/p>\n","protected":false},"author":2,"featured_media":3038,"comment_status":"open","ping_status":"open","sticky":false,"template":"","format":"standard","meta":{"om_disable_all_campaigns":false,"_monsterinsights_skip_tracking":false,"_monsterinsights_sitenote_active":false,"_monsterinsights_sitenote_note":"","_monsterinsights_sitenote_category":0,"_uf_show_specific_survey":0,"_uf_disable_surveys":false,"jetpack_post_was_ever_published":false,"_jetpack_newsletter_access":"","_jetpack_dont_email_post_to_subs":false,"_jetpack_newsletter_tier_id":0,"_jetpack_memberships_contains_paywalled_content":false,"_jetpack_memberships_contains_paid_content":false,"footnotes":"","jetpack_publicize_message":"","jetpack_publicize_feature_enabled":true,"jetpack_social_post_already_shared":false,"jetpack_social_options":{"image_generator_settings":{"template":"highway","default_image_id":0,"font":"","enabled":false},"version":2}},"categories":[3],"tags":[],"class_list":["post-24358","post","type-post","status-publish","format-standard","has-post-thumbnail","hentry","category-salud"],"aioseo_notices":[],"views":3,"jetpack_publicize_connections":[],"jetpack_featured_media_url":"https:\/\/i0.wp.com\/elterritorialweb.com.ar\/web\/wp-content\/uploads\/2020\/03\/SANTIAGUE%C3%91OS-VIAJEROS.jpg?fit=275%2C183&ssl=1","jetpack_sharing_enabled":true,"_links":{"self":[{"href":"https:\/\/elterritorialweb.com.ar\/web\/wp-json\/wp\/v2\/posts\/24358","targetHints":{"allow":["GET"]}}],"collection":[{"href":"https:\/\/elterritorialweb.com.ar\/web\/wp-json\/wp\/v2\/posts"}],"about":[{"href":"https:\/\/elterritorialweb.com.ar\/web\/wp-json\/wp\/v2\/types\/post"}],"author":[{"embeddable":true,"href":"https:\/\/elterritorialweb.com.ar\/web\/wp-json\/wp\/v2\/users\/2"}],"replies":[{"embeddable":true,"href":"https:\/\/elterritorialweb.com.ar\/web\/wp-json\/wp\/v2\/comments?post=24358"}],"version-history":[{"count":1,"href":"https:\/\/elterritorialweb.com.ar\/web\/wp-json\/wp\/v2\/posts\/24358\/revisions"}],"predecessor-version":[{"id":24359,"href":"https:\/\/elterritorialweb.com.ar\/web\/wp-json\/wp\/v2\/posts\/24358\/revisions\/24359"}],"wp:featuredmedia":[{"embeddable":true,"href":"https:\/\/elterritorialweb.com.ar\/web\/wp-json\/wp\/v2\/media\/3038"}],"wp:attachment":[{"href":"https:\/\/elterritorialweb.com.ar\/web\/wp-json\/wp\/v2\/media?parent=24358"}],"wp:term":[{"taxonomy":"category","embeddable":true,"href":"https:\/\/elterritorialweb.com.ar\/web\/wp-json\/wp\/v2\/categories?post=24358"},{"taxonomy":"post_tag","embeddable":true,"href":"https:\/\/elterritorialweb.com.ar\/web\/wp-json\/wp\/v2\/tags?post=24358"}],"curies":[{"name":"wp","href":"https:\/\/api.w.org\/{rel}","templated":true}]}}