{"id":24360,"date":"2021-07-13T00:45:40","date_gmt":"2021-07-13T00:45:40","guid":{"rendered":"http:\/\/elterritorialweb.com.ar\/web\/?p=24360"},"modified":"2021-07-13T00:45:41","modified_gmt":"2021-07-13T00:45:41","slug":"14-989-nuevos-casos-de-covid-19-en-24-horas-con-un-total-de-4-662-937-infectados-en-argentina","status":"publish","type":"post","link":"https:\/\/elterritorialweb.com.ar\/web\/14-989-nuevos-casos-de-covid-19-en-24-horas-con-un-total-de-4-662-937-infectados-en-argentina\/","title":{"rendered":"14.989 NUEVOS CASOS DE COVID-19 EN 24 HORAS, CON UN TOTAL DE 4.662.937 INFECTADOS EN ARGENTINA"},"content":{"rendered":"\n<p>El Ministerio de Salud inform\u00f3 este lunes\u00a0<strong>14.989 nuevos contagios<\/strong>\u00a0y\u00a0<strong>480 muertes<\/strong>\u00a0por\u00a0<strong>coronavirus<\/strong>\u00a0en las \u00faltimas 24 horas. Seg\u00fan el reporte diario, ya son 4.662.937 los casos confirmados y 99.255los muertos en la Argentina. Los activos, en tanto, suman 262.859 y las personas dadas de alta totalizan 4.300.823.<\/p>\n\n\n\n<p>Adem\u00e1s, los pacientes que permanecen internados con\u00a0<strong>Covid-19<\/strong>\u00a0en las distintas unidades de terapia intensiva (UTI) del pa\u00eds son\u00a0<strong>5222, la cifra m\u00e1s baja desde el 28 de abril<\/strong>. Mientras que el porcentaje de ocupaci\u00f3n total de camas en las UTI adulto es del 63,1%a nivel nacional y del60,7%en el denominado \u00c1rea Metropolitana de Buenos Aires (AMBA).<\/p>\n\n\n\n<p>La cartera sanitaria tambi\u00e9n indic\u00f3 que se realizaron en las \u00faltimas 24 horas 75.927testeos y que, desde el inicio de la pandemia, ascienden a 17.699.179 las pruebas diagn\u00f3sticas realizadas.<\/p>\n\n\n\n<p>En las \u00faltimas 24 horas se registraron en\u00a0<strong>la provincia de Buenos Aires 4614 casos;<\/strong>\u00a0en la Ciudad de Buenos Aires, 1010; en Catamarca, 190; en Chaco, 378; en Chubut, 201; en Corrientes, 311; en C\u00f3rdoba, 1771; en Entre R\u00edos, 641; en Formosa, 348; en Jujuy, 270; en La Pampa, 222; en La Rioja, 198; en Mendoza, 461; en Misiones, 87; en Neuqu\u00e9n, 146; en R\u00edo Negro, 294; en Salta, 513; en San Juan, 70; en San Luis, 335; en Santa Cruz, 89; en Santa Fe, 1280; en Santiago del Estero, 400; Tierra del Fuego, 31; y en Tucum\u00e1n, 1129.<\/p>\n\n\n\n<p>El total de acumulados por distrito es:\u00a0<strong>provincia de Buenos Aires, 1.900.673;<\/strong>\u00a0Ciudad de Buenos Aires, 476.133; Catamarca, 37.425; Chaco, 83.298; Chubut, 72.844; Corrientes, 71.340; C\u00f3rdoba, 433.940; Entre R\u00edos, 118.054; Formosa, 50.550; Jujuy, 39.204; La Pampa, 56.117; La Rioja, 24.428; Mendoza, 145.510; Misiones, 27.641; Neuqu\u00e9n, 103.656; R\u00edo Negro, 86.767; Salta, 67.020; San Juan, 54.624; San Luis, 69.782; Santa Cruz, 56.572; Santa Fe, 423.472; Santiago del Estero, 65.956; Tierra del Fuego, 30.262, y Tucum\u00e1n, 167.669.<\/p>\n","protected":false},"excerpt":{"rendered":"<p>Informe del Ministerio de Salud de la Naci\u00f3n <\/p>\n","protected":false},"author":2,"featured_media":24361,"comment_status":"open","ping_status":"open","sticky":false,"template":"","format":"standard","meta":{"om_disable_all_campaigns":false,"_monsterinsights_skip_tracking":false,"_monsterinsights_sitenote_active":false,"_monsterinsights_sitenote_note":"","_monsterinsights_sitenote_category":0,"_uf_show_specific_survey":0,"_uf_disable_surveys":false,"jetpack_post_was_ever_published":false,"_jetpack_newsletter_access":"","_jetpack_dont_email_post_to_subs":false,"_jetpack_newsletter_tier_id":0,"_jetpack_memberships_contains_paywalled_content":false,"_jetpack_memberships_contains_paid_content":false,"footnotes":"","jetpack_publicize_message":"","jetpack_publicize_feature_enabled":true,"jetpack_social_post_already_shared":false,"jetpack_social_options":{"image_generator_settings":{"template":"highway","default_image_id":0,"font":"","enabled":false},"version":2}},"categories":[3],"tags":[],"class_list":["post-24360","post","type-post","status-publish","format-standard","has-post-thumbnail","hentry","category-salud"],"aioseo_notices":[],"views":3,"jetpack_publicize_connections":[],"jetpack_featured_media_url":"https:\/\/i0.wp.com\/elterritorialweb.com.ar\/web\/wp-content\/uploads\/2021\/07\/nuevos-casos-12-de-julio.jpg?fit=680%2C355&ssl=1","jetpack_sharing_enabled":true,"_links":{"self":[{"href":"https:\/\/elterritorialweb.com.ar\/web\/wp-json\/wp\/v2\/posts\/24360","targetHints":{"allow":["GET"]}}],"collection":[{"href":"https:\/\/elterritorialweb.com.ar\/web\/wp-json\/wp\/v2\/posts"}],"about":[{"href":"https:\/\/elterritorialweb.com.ar\/web\/wp-json\/wp\/v2\/types\/post"}],"author":[{"embeddable":true,"href":"https:\/\/elterritorialweb.com.ar\/web\/wp-json\/wp\/v2\/users\/2"}],"replies":[{"embeddable":true,"href":"https:\/\/elterritorialweb.com.ar\/web\/wp-json\/wp\/v2\/comments?post=24360"}],"version-history":[{"count":1,"href":"https:\/\/elterritorialweb.com.ar\/web\/wp-json\/wp\/v2\/posts\/24360\/revisions"}],"predecessor-version":[{"id":24362,"href":"https:\/\/elterritorialweb.com.ar\/web\/wp-json\/wp\/v2\/posts\/24360\/revisions\/24362"}],"wp:featuredmedia":[{"embeddable":true,"href":"https:\/\/elterritorialweb.com.ar\/web\/wp-json\/wp\/v2\/media\/24361"}],"wp:attachment":[{"href":"https:\/\/elterritorialweb.com.ar\/web\/wp-json\/wp\/v2\/media?parent=24360"}],"wp:term":[{"taxonomy":"category","embeddable":true,"href":"https:\/\/elterritorialweb.com.ar\/web\/wp-json\/wp\/v2\/categories?post=24360"},{"taxonomy":"post_tag","embeddable":true,"href":"https:\/\/elterritorialweb.com.ar\/web\/wp-json\/wp\/v2\/tags?post=24360"}],"curies":[{"name":"wp","href":"https:\/\/api.w.org\/{rel}","templated":true}]}}